{"id":793,"date":"2018-01-02T09:12:14","date_gmt":"2018-01-02T08:12:14","guid":{"rendered":"http:\/\/blogs.diariovasco.com\/fotograma\/?p=793"},"modified":"2018-01-02T09:12:14","modified_gmt":"2018-01-02T08:12:14","slug":"la-vida-es-bella","status":"publish","type":"post","link":"https:\/\/blogs.diariovasco.com\/fotograma\/2018\/01\/02\/la-vida-es-bella\/","title":{"rendered":"&#8216;La vida es bella&#8217;, una opini\u00f3n impopular"},"content":{"rendered":"<p><strong><img loading=\"lazy\" class=\"alignleft size-medium\" src=\"https:\/\/pics.filmaffinity.com\/La_vida_es_bella-646167341-large.jpg\" alt=\"La vida es bella\" width=\"307\" height=\"453\" \/>LA VIDA ES BELLA<\/strong><\/p>\n<p><strong>T\u00edtulo<\/strong> <strong>original<\/strong>: La vita \u00e8 bella<\/p>\n<p><strong>A\u00f1o<\/strong>: 1997<\/p>\n<p><strong>Duraci\u00f3n<\/strong>: 117 minutos<\/p>\n<p><strong>Pa\u00eds<\/strong>:\u00a0Italia<\/p>\n<p><strong>Direcci\u00f3n<\/strong>:\u00a0<span class=\"director\">Roberto Benigni<\/span><\/p>\n<p><strong>Guion<\/strong>:\u00a0<span class=\"nb\">Roberto Benigni y<\/span>\u00a0<span class=\"nb\">Vincenzo Cerami<\/span><\/p>\n<p><strong>M\u00fasica<\/strong>:\u00a0<span class=\"nb\">Nicola Piovani<\/span><\/p>\n<p><strong>Fotograf\u00eda<\/strong>:\u00a0<span class=\"nb\">Tonino Delli Colli<\/span><\/p>\n<p><strong>Reparto<\/strong>:\u00a0<span class=\"cast\">Roberto Benigni,<\/span>\u00a0<span class=\"cast\">Nicoletta Braschi,<\/span>\u00a0<span class=\"cast\">Giorgio Cantarini,<\/span>\u00a0<span class=\"cast\">Marisa Paredes,<\/span><span class=\"cast\">Giustino Durano,<\/span>\u00a0<span class=\"cast\">Horst Buchholz y<\/span>\u00a0<span class=\"cast\">Sergio Bini Bustric<\/span><\/p>\n<p><strong>Productora<\/strong>:\u00a0<span class=\"nb\">Melampo Cinematografica \/ Cecchi Gori Group \/ Miramax International<\/span><\/p>\n<p><strong>G\u00e9nero<\/strong>:\u00a0Comedia \/\u00a0Drama<\/p>\n<p>En 1939, a punto de estallar la Segunda Guerra Mundial (1939-1945), el extravagante Guido llega a Arezzo, en la Toscana, con la intenci\u00f3n de abrir una librer\u00eda. All\u00ed conoce a la encantadora Dora y, a pesar de que es la prometida del fascista Rodolfo, se casa con ella y tiene un hijo. Al estallar la guerra, los tres son internados en un campo de exterminio, donde Guido har\u00e1 lo imposible para hacer creer a su hijo que la terrible situaci\u00f3n que est\u00e1n padeciendo es tan s\u00f3lo un juego. (<a href=\"https:\/\/www.filmaffinity.com\/es\/film594480.html\" target=\"_blank\">FilmAffinity<\/a>)<\/p>\n<p>El cine, como cualquier tipo de expresi\u00f3n art\u00edstica, no tiene un solo tipo de valoraci\u00f3n. Las opiniones son de todo tipo y todos v\u00e1lidos. Existen algunas pel\u00edculas con legiones de fans y ampliamente aplaudidos por el p\u00fablico.\u00a0<strong>&#8216;La vida es bella&#8217;<\/strong> es una de estas pel\u00edculas adoradas por el p\u00fablico, en general, pero que, sinti\u00e9ndolo mucho, no me gusta.<\/p>\n<p><img loading=\"lazy\" class=\"aligncenter size-medium\" src=\"\/\/upload.wikimedia.org\/wikipedia\/it\/6\/6c\/Lavitella.png\" alt=\"La vida es bella\" width=\"1920\" height=\"1040\" \/><\/p>\n<p>Tengo que reconocer primero los pros, porque los tiene. Es una pel\u00edcula con una original premisa. Me parece bien abordar con humor temas espinosos, aunque aqu\u00ed tengo que apuntar a que los l\u00edmites se cruzan. Si bien aplaudo la valent\u00eda de querer hacer humor con el nazismo, pienso que se aborda de tal manera que se termina por humanizar lo m\u00e1s deshumanizado de la historia. El tratamiento del horror Nazi es pobre y requerir\u00eda de un an\u00e1lisis m\u00e1s exhaustivo que el de este espacio. En comparaci\u00f3n,\u00a0<a href=\"https:\/\/blogs.diariovasco.com\/fotograma\/2015\/08\/14\/chaplin-la-actuacion-que-hizo-grande-a-robert-downey-jr\/\" target=\"_blank\"><strong>Chaplin<\/strong><\/a> estuvo m\u00e1s acertado con\u00a0<strong>&#8216;El gran dictador&#8217;<\/strong>, una comedia universal que supo hacer chiste de lo m\u00e1s oscuro, pero sin ocultar bajo ese manto el horror que supuso el r\u00e9gimen Nazi.<\/p>\n<p>Otro aspecto positivo, en este caso completamente, es su banda sonora. Absoluta delicia de m\u00fasica que se ve culminada con esa maravilla que es <strong>&#8220;Beautiful That Way&#8221;<\/strong> de <strong>Noa<\/strong>, versionada al castellano a d\u00fao por la propia <strong>Noa<\/strong> y <strong>Miguel Bos\u00e9<\/strong>. Podr\u00edan haber hecho una pel\u00edcula muda y quedarnos solo con la banda sonora, hubiese ganado enteros.<\/p>\n<p><img loading=\"lazy\" class=\"aligncenter size-medium\" src=\"https:\/\/i.ytimg.com\/vi\/LpqW9ThPVtg\/maxresdefault.jpg\" alt=\"La vida es bella\" width=\"1920\" height=\"1040\" \/><\/p>\n<p>Finalmente, debo admitir que\u00a0la primera parte de la pel\u00edcula est\u00e1 muy bien. Toda la parte del enamoramiento y los primeros a\u00f1os del ni\u00f1o tienen ese punto c\u00f3mico y tierno que deriva en delirio en la segunda mitad. Aqu\u00ed se dan pinceladas de la situaci\u00f3n hist\u00f3rica, pero sin tratarlas todas ellas como si fueran un chiste. Se puede hacer humor sin ridiculizar.<\/p>\n<p>Ahora ya voy a cuchillo. Ese histri\u00f3nico\u00a0<strong>Roberto Benigni<\/strong>, aunque siempre est\u00e1 as\u00ed, me chirr\u00eda constantemente. Es un actor imposible, inaguantable, cargante, exagerado. Lo comparar\u00eda con un Pablo Motos del cine. El t\u00edpico actor que intenta acaparar toda la atenci\u00f3n en todo momento y que no hace m\u00e1s que generar rechazo en m\u00ed hacia \u00e9l.<\/p>\n<p><img loading=\"lazy\" class=\"aligncenter size-medium\" src=\"\/\/www.filmforlife.org\/wp-content\/uploads\/2015\/02\/vitabella.jpg\" alt=\"La vida es bella\" width=\"1920\" height=\"1080\" \/><\/p>\n<p>Siguiendo esta l\u00ednea, \u00bfalguien me puede explicar c\u00f3mo este se\u00f1or pudo ganar el\u00a0<strong>\u00d3scar a mejor actor<\/strong> por este papel, o por cualquiera de su trayectoria? Aquel a\u00f1o estaba nominado un tal\u00a0<a href=\"https:\/\/blogs.diariovasco.com\/fotograma\/2016\/05\/25\/x-men-dias-del-futuro-pasado-gracias-por-volver-bryan-singer\/\" target=\"_blank\"><strong>Ian McKellen<\/strong><\/a> por\u00a0<strong>&#8216;<a href=\"https:\/\/blogs.diariovasco.com\/fotograma\/2017\/09\/19\/dioses-y-monstruos-el-oscar-que-no-llego-para-mckellen\/\" target=\"_blank\">Dioses y monstruos<\/a>&#8216;<\/strong>, un tal\u00a0<strong><a href=\"https:\/\/blogs.diariovasco.com\/fotograma\/2016\/10\/17\/el-codigo-da-vinci-la-pelicula-anticlimax\/\" target=\"_blank\">Tom Hanks<\/a>\u00a0<\/strong>por\u00a0<strong>&#8216;<a href=\"https:\/\/blogs.diariovasco.com\/fotograma\/2016\/08\/19\/salvar-al-soldado-ryan-la-mejor-batalla-jamas-rodada\/\" target=\"_blank\">Salvar al soldado Ryan<\/a>&#8216;<\/strong> o un tal\u00a0<a href=\"https:\/\/blogs.diariovasco.com\/fotograma\/2015\/01\/02\/el-gran-hotel-budapest-la-mejor-pelicula-del-2014-para-la-revista-time\/\" target=\"_blank\"><strong>Edward Norton<\/strong><\/a> por\u00a0<strong>&#8216;American History X&#8217;<\/strong>, por comentarlo. Cierto es que la Academia se volvi\u00f3 loca aquel a\u00f1o, porque tambi\u00e9n premiaron a\u00a0<strong>&#8216;Shakespeare in Love&#8217;<\/strong> como\u00a0<strong>mejor pel\u00edcula<\/strong>, tambi\u00e9n por comentar.<\/p>\n<p>Pel\u00edcula absolutamente sobrevalorada, con hordas de fans y con algunos detractores. Hizo historia, gusta a muchos, pero es de esas pel\u00edculas que todos tenemos que no nos gustan y que no entendemos c\u00f3mo s\u00ed gustan a los dem\u00e1s. En fin, los misterios del cine.<\/p>\n<p><img loading=\"lazy\" class=\"aligncenter size-medium\" src=\"https:\/\/s-media-cache-ak0.pinimg.com\/originals\/8b\/c3\/9c\/8bc39c05e6cbc88db8ccb456e48c8e5b.jpg\" alt=\"La vida es bella\" width=\"1280\" height=\"720\" \/><\/p>\n<p><strong>Lo mejor<\/strong>: La banda sonora.<\/p>\n<p><strong>Lo peor<\/strong>:\u00a0<strong>Roberto Benigni<\/strong>, pocos actores hay que sean tan detestables como \u00e9l.<\/p>\n<p><a href=\"https:\/\/static-blogs.diariovasco.com\/wp-content\/uploads\/sites\/71\/2014\/11\/4.png\"><img loading=\"lazy\" class=\"aligncenter size-medium wp-image-87\" src=\"https:\/\/static-blogs.diariovasco.com\/wp-content\/uploads\/sites\/71\/2014\/11\/4-300x30.png\" alt=\"La vida es bella\" width=\"300\" height=\"30\" srcset=\"https:\/\/static-blogs.diariovasco.com\/wp-content\/uploads\/sites\/71\/2014\/11\/4-300x30.png 300w, https:\/\/static-blogs.diariovasco.com\/wp-content\/uploads\/sites\/71\/2014\/11\/4.png 564w\" sizes=\"(max-width: 300px) 100vw, 300px\" \/><\/a><\/p>\n<p><iframe loading=\"lazy\" width=\"500\" height=\"281\" src=\"https:\/\/www.youtube.com\/embed\/Tw33Xs4Q2r4?feature=oembed\" frameborder=\"0\" gesture=\"media\" allow=\"encrypted-media\" allowfullscreen><\/iframe><\/p>\n","protected":false},"excerpt":{"rendered":"<p>La vida es bella: En 1939, a punto de estallar la Segunda Guerra Mundial (1939-1945), el extravagante Guido llega a Arezzo, en la Toscana, con la intenci\u00f3n de abrir una librer\u00eda. All\u00ed conoce a la encantadora Dora y, a pesar de que es la prometida del fascista Rodolfo, se casa con ella y tiene un hijo. Al estallar la guerra, los tres son internados en un campo de exterminio, donde Guido har\u00e1 lo imposible para hacer creer a su hijo que la terrible situaci\u00f3n que est\u00e1n padeciendo es tan s\u00f3lo un juego.<\/p>\n","protected":false},"author":101,"featured_media":0,"comment_status":"open","ping_status":"closed","sticky":false,"template":"","format":"standard","meta":[],"categories":[8,11],"tags":[3699,948,3692,3693,3696,3695,3691,3697,3690,3698,3689,3694],"_links":{"self":[{"href":"https:\/\/blogs.diariovasco.com\/fotograma\/wp-json\/wp\/v2\/posts\/793"}],"collection":[{"href":"https:\/\/blogs.diariovasco.com\/fotograma\/wp-json\/wp\/v2\/posts"}],"about":[{"href":"https:\/\/blogs.diariovasco.com\/fotograma\/wp-json\/wp\/v2\/types\/post"}],"author":[{"embeddable":true,"href":"https:\/\/blogs.diariovasco.com\/fotograma\/wp-json\/wp\/v2\/users\/101"}],"replies":[{"embeddable":true,"href":"https:\/\/blogs.diariovasco.com\/fotograma\/wp-json\/wp\/v2\/comments?post=793"}],"version-history":[{"count":1,"href":"https:\/\/blogs.diariovasco.com\/fotograma\/wp-json\/wp\/v2\/posts\/793\/revisions"}],"predecessor-version":[{"id":794,"href":"https:\/\/blogs.diariovasco.com\/fotograma\/wp-json\/wp\/v2\/posts\/793\/revisions\/794"}],"wp:attachment":[{"href":"https:\/\/blogs.diariovasco.com\/fotograma\/wp-json\/wp\/v2\/media?parent=793"}],"wp:term":[{"taxonomy":"category","embeddable":true,"href":"https:\/\/blogs.diariovasco.com\/fotograma\/wp-json\/wp\/v2\/categories?post=793"},{"taxonomy":"post_tag","embeddable":true,"href":"https:\/\/blogs.diariovasco.com\/fotograma\/wp-json\/wp\/v2\/tags?post=793"}],"curies":[{"name":"wp","href":"https:\/\/api.w.org\/{rel}","templated":true}]}}