{"id":832,"date":"2018-01-04T11:28:29","date_gmt":"2018-01-04T10:28:29","guid":{"rendered":"http:\/\/blogs.diariovasco.com\/fotograma\/?p=832"},"modified":"2018-01-04T11:28:29","modified_gmt":"2018-01-04T10:28:29","slug":"veronica","status":"publish","type":"post","link":"https:\/\/blogs.diariovasco.com\/fotograma\/2018\/01\/04\/veronica\/","title":{"rendered":"&#8216;Ver\u00f3nica&#8217;, terror espa\u00f1ol de calidad"},"content":{"rendered":"<p><strong><img loading=\"lazy\" class=\"alignleft size-medium\" src=\"https:\/\/pics.filmaffinity.com\/Ver_nica-856381003-large.jpg\" alt=\"Ver\u00f3nica\" width=\"307\" height=\"453\" \/>VER\u00d3NICA<\/strong><\/p>\n<p><strong>T\u00edtulo original<\/strong>: Ver\u00f3nica<\/p>\n<p><strong>A\u00f1o<\/strong>: 2017<\/p>\n<p><strong>Duraci\u00f3n<\/strong>: 105 minutos<\/p>\n<p><strong>Pa\u00eds<\/strong>: Espa\u00f1a<\/p>\n<p><strong>Direcci\u00f3n<\/strong>:\u00a0<span class=\"director\">Paco Plaza<\/span><\/p>\n<p><strong>Guion<\/strong>:\u00a0<span class=\"nb\">Paco Plaza y<\/span>\u00a0<span class=\"nb\">Fernando Navarro<\/span><\/p>\n<p><strong>M\u00fasica<\/strong>:\u00a0<span class=\"nb\">Chucky Namanera<\/span><\/p>\n<p><strong>Fotograf\u00eda<\/strong>:\u00a0<span class=\"nb\">Pablo Rosso<\/span><\/p>\n<p><strong>Reparto<\/strong>:\u00a0<span class=\"cast\">Sandra Escacena,<\/span>\u00a0<span class=\"cast\">Bruna Gonz\u00e1lez,<\/span>\u00a0<span class=\"cast\">Claudia Placer,<\/span>\u00a0<span class=\"cast\">Iv\u00e1n Chavero,<\/span>\u00a0<span class=\"cast\">Ana Torrent,<\/span><span class=\"cast\">Consuelo Trujillo,<\/span>\u00a0<span class=\"cast\">Sonia Almarcha,<\/span>\u00a0<span class=\"cast\">Maru Valdivielso,<\/span>\u00a0<span class=\"cast\">Leticia Dolera,<\/span>\u00a0<span class=\"cast\">\u00c1ngela Fabi\u00e1n,<\/span><span class=\"cast\">Carla Campra y<\/span>\u00a0<span class=\"cast\">Samuel Romero<\/span><\/p>\n<p><strong>Productora<\/strong>:\u00a0<span class=\"nb\">Apaches Entertainment \/ RTVE<\/span><\/p>\n<p><strong>G\u00e9nero<\/strong>: Terror<\/p>\n<p>Inspirada en una historia real sucedida en el madrile\u00f1o barrio de Vallecas en los a\u00f1os 90. Tras hacer una ouija con unas amigas, una adolescente es asediada por aterradoras presencias sobrenaturales que amenazan con hacer da\u00f1o a toda su familia. (<a href=\"https:\/\/www.filmaffinity.com\/es\/film716361.html\" target=\"_blank\">FilmAffinity<\/a>)<\/p>\n<p>Llevamos a\u00f1os viendo que el cine espa\u00f1ol explora con mucho acierto g\u00e9neros como el thriller o el terror. En estos terrenos se est\u00e1 moviendo principalmente la nueva ola de creatividad del cine hecho en Espa\u00f1a. Al contrario de lo que sucede en la comedia, donde la innovaci\u00f3n est\u00e1 fallando, el terror y el thriller nos est\u00e1n abriendo m\u00e1s a lo que se hace en el cine europeo y americano.<\/p>\n<p><img loading=\"lazy\" class=\"aligncenter size-medium\" src=\"https:\/\/pics.filmaffinity.com\/Ver_nica-491327412-large.jpg\" alt=\"Ver\u00f3nica\" width=\"1920\" height=\"1079\" \/><\/p>\n<p>Con\u00a0<strong>&#8216;Ver\u00f3nica&#8217;<\/strong> ocurre esto mismo. Podr\u00edamos estar ante una pel\u00edcula que podr\u00eda haberse hecho en Estados Unidos. Y si bien la comparaci\u00f3n del cine de aqu\u00ed y all\u00ed es odioso, es inevitable. Con\u00a0<strong>&#8216;Ver\u00f3nica&#8217;<\/strong>, y otras pel\u00edculas de ahora, estamos alcanzando un nivel de calidad tan alto que nada tenemos que envidiar.<\/p>\n<p>La pel\u00edcula de\u00a0<strong>Paco Plaza<\/strong> explora un caso real ocurrido a principios de los 90 en el barrio madrile\u00f1o de Vallecas. El punto de partida no es novedoso, ni la historia es diferente a lo que ya se nos ha contado en otras pel\u00edculas y el desarrollo tampoco ofrece grandes sorpresas. Pero da igual.<\/p>\n<p><img loading=\"lazy\" class=\"aligncenter size-medium\" src=\"https:\/\/pics.filmaffinity.com\/Ver_nica-400428458-large.jpg\" alt=\"Ver\u00f3nica\" width=\"1920\" height=\"1079\" \/><\/p>\n<p>Aunque estemos saturados de pel\u00edculas basadas en hechos reales, hay algunas que nos llegan, es el caso. Desde el principio tenemos la duda de c\u00f3mo ha llegado a ese punto, qu\u00e9 ha hecho, por qu\u00e9 sucede&#8230; La introducci\u00f3n es realmente potente y ya justifica los 105 minutos restantes.<\/p>\n<p>La cinta, protagonizada por\u00a0<strong>Sandra Escacena<\/strong>, nos transporta a un entorno lleno de sustos, de suspense, de una atm\u00f3sfera cargante. La cotidianidad de su puesta en escena es otro punto fuerte, ya que no estamos en una mansi\u00f3n destartalada, en un bosque encantado, en el s\u00f3tano de un psic\u00f3pata, etc. Todos podemos movernos por ese barrio, tener estas vecinas, compa\u00f1eras de clase&#8230; La potencia real de una pel\u00edcula de terror, para llegar y asustar al espectador, est\u00e1 en que sea cre\u00edble, y \u00bfhay algo m\u00e1s cre\u00edble que un escenario reconocible por todos?<\/p>\n<p><img loading=\"lazy\" class=\"aligncenter size-medium\" src=\"https:\/\/pics.filmaffinity.com\/Ver_nica-120582121-large.jpg\" alt=\"Ver\u00f3nica\" width=\"1200\" height=\"675\" \/><\/p>\n<p>Las actuaciones son correctas, destacando para bien\u00a0<a href=\"https:\/\/blogs.diariovasco.com\/fotograma\/2015\/07\/24\/tesis-amenabar-entro-por-la-puerta-grande\/\" target=\"_blank\"><strong>Ana Torrent<\/strong><\/a> y\u00a0<strong>Sandra Escacena<\/strong>. La ambientaci\u00f3n juega a su favor y una creaci\u00f3n de personajes fant\u00e1stica que nos hace tomarnos la pel\u00edcula en serio, algo realmente complicado en este g\u00e9nero. Nos las creemos y eso ya vale oro.<\/p>\n<p>La pel\u00edcula se toma en serio, y conf\u00eda en el espectador. No trata de ser subversiva, de enga\u00f1arnos o de hacernos creer en elementos imposibles. Sabemos que algo as\u00ed ocurri\u00f3 y que el mensaje de la pel\u00edcula de &#8220;cuidado con tu curiosidad&#8221; es aplicable hoy tambi\u00e9n. Un acierto de grandes dimensiones de un cine espa\u00f1ol que debe seguir explorando esta v\u00eda.<\/p>\n<p><img loading=\"lazy\" class=\"aligncenter size-medium\" src=\"https:\/\/pics.filmaffinity.com\/Ver_nica-840500697-large.jpg\" alt=\"Ver\u00f3nica\" width=\"1920\" height=\"1079\" \/><\/p>\n<p>Enhorabuena a la Academia de Cine por tener el valor de nominar a una pel\u00edcula como\u00a0<strong>&#8216;Ver\u00f3nica&#8217;<\/strong> en la categor\u00eda de\u00a0<strong>Mejor Pel\u00edcula<\/strong> en los\u00a0<strong>Goya<\/strong>.<\/p>\n<p><strong>Lo mejor<\/strong>: Es cre\u00edble, lo que ya es mucho.<\/p>\n<p><strong>Lo peor<\/strong>: No es sorprendente.<\/p>\n<p><a href=\"https:\/\/static-blogs.diariovasco.com\/wp-content\/uploads\/sites\/71\/2014\/11\/7.png\"><img loading=\"lazy\" class=\"aligncenter size-medium wp-image-93\" src=\"https:\/\/static-blogs.diariovasco.com\/wp-content\/uploads\/sites\/71\/2014\/11\/7-300x30.png\" alt=\"Ver\u00f3nica\" width=\"300\" height=\"30\" srcset=\"https:\/\/static-blogs.diariovasco.com\/wp-content\/uploads\/sites\/71\/2014\/11\/7-300x30.png 300w, https:\/\/static-blogs.diariovasco.com\/wp-content\/uploads\/sites\/71\/2014\/11\/7.png 564w\" sizes=\"(max-width: 300px) 100vw, 300px\" \/><\/a><\/p>\n<p><iframe loading=\"lazy\" width=\"500\" height=\"281\" src=\"https:\/\/www.youtube.com\/embed\/wNlMIvKnjOQ?feature=oembed\" frameborder=\"0\" gesture=\"media\" allow=\"encrypted-media\" allowfullscreen><\/iframe><\/p>\n","protected":false},"excerpt":{"rendered":"<p>Ver\u00f3nica: Inspirada en una historia real sucedida en el madrile\u00f1o barrio de Vallecas en los a\u00f1os 90. Tras hacer una ouija con unas amigas, una adolescente es asediada por aterradoras presencias sobrenaturales que amenazan con hacer da\u00f1o a toda su familia.<\/p>\n","protected":false},"author":101,"featured_media":0,"comment_status":"open","ping_status":"closed","sticky":false,"template":"","format":"standard","meta":[],"categories":[17],"tags":[175,3808,3803,3809,3804,543,3812,3805,1546,3807,3810,3802,3806,3811],"_links":{"self":[{"href":"https:\/\/blogs.diariovasco.com\/fotograma\/wp-json\/wp\/v2\/posts\/832"}],"collection":[{"href":"https:\/\/blogs.diariovasco.com\/fotograma\/wp-json\/wp\/v2\/posts"}],"about":[{"href":"https:\/\/blogs.diariovasco.com\/fotograma\/wp-json\/wp\/v2\/types\/post"}],"author":[{"embeddable":true,"href":"https:\/\/blogs.diariovasco.com\/fotograma\/wp-json\/wp\/v2\/users\/101"}],"replies":[{"embeddable":true,"href":"https:\/\/blogs.diariovasco.com\/fotograma\/wp-json\/wp\/v2\/comments?post=832"}],"version-history":[{"count":3,"href":"https:\/\/blogs.diariovasco.com\/fotograma\/wp-json\/wp\/v2\/posts\/832\/revisions"}],"predecessor-version":[{"id":843,"href":"https:\/\/blogs.diariovasco.com\/fotograma\/wp-json\/wp\/v2\/posts\/832\/revisions\/843"}],"wp:attachment":[{"href":"https:\/\/blogs.diariovasco.com\/fotograma\/wp-json\/wp\/v2\/media?parent=832"}],"wp:term":[{"taxonomy":"category","embeddable":true,"href":"https:\/\/blogs.diariovasco.com\/fotograma\/wp-json\/wp\/v2\/categories?post=832"},{"taxonomy":"post_tag","embeddable":true,"href":"https:\/\/blogs.diariovasco.com\/fotograma\/wp-json\/wp\/v2\/tags?post=832"}],"curies":[{"name":"wp","href":"https:\/\/api.w.org\/{rel}","templated":true}]}}