{"id":850,"date":"2018-01-11T08:30:39","date_gmt":"2018-01-11T07:30:39","guid":{"rendered":"http:\/\/blogs.diariovasco.com\/fotograma\/?p=850"},"modified":"2018-01-11T08:30:39","modified_gmt":"2018-01-11T07:30:39","slug":"pieles-eduardo-casanova","status":"publish","type":"post","link":"https:\/\/blogs.diariovasco.com\/fotograma\/2018\/01\/11\/pieles-eduardo-casanova\/","title":{"rendered":"&#8216;Pieles&#8217;, la provocaci\u00f3n sin trasfondo no vale para nada"},"content":{"rendered":"<p style=\"text-align: justify;\"><strong><img loading=\"lazy\" class=\"alignleft size-medium\" src=\"https:\/\/pics.filmaffinity.com\/Pieles-965874515-large.jpg\" alt=\"Pieles\" width=\"307\" height=\"453\" \/>PIELES<\/strong><\/p>\n<p style=\"text-align: justify;\"><strong>T\u00edtulo original<\/strong>: Pieles<\/p>\n<p style=\"text-align: justify;\"><strong>A\u00f1o<\/strong>: 2017<\/p>\n<p style=\"text-align: justify;\"><strong>Duraci\u00f3n<\/strong>: 77 minutos<\/p>\n<p style=\"text-align: justify;\"><strong>Pa\u00eds<\/strong>:\u00a0Espa\u00f1a<\/p>\n<p style=\"text-align: justify;\"><strong>Direcci\u00f3n<\/strong>:\u00a0<span class=\"director\">Eduardo Casanova<\/span><\/p>\n<p style=\"text-align: justify;\"><strong>Guion<\/strong>:\u00a0<span class=\"nb\">Eduardo Casanova<\/span><\/p>\n<p style=\"text-align: justify;\"><strong>M\u00fasica<\/strong>:\u00a0<span class=\"nb\">\u00c1ngel Ramos<\/span><\/p>\n<p style=\"text-align: justify;\"><strong>Fotograf\u00eda<\/strong>:\u00a0<span class=\"nb\">Jos\u00e9 Antonio Mu\u00f1oz &#8220;Nono&#8221;<\/span><\/p>\n<p style=\"text-align: justify;\"><strong>Reparto<\/strong>:\u00a0<span class=\"cast\">Candela Pe\u00f1a,<\/span>\u00a0<span class=\"cast\">Ana Polvorosa,<\/span>\u00a0<span class=\"cast\">Macarena G\u00f3mez,<\/span>\u00a0<span class=\"cast\">Carmen Machi,<\/span><span class=\"cast\">Secun De La Rosa,<\/span>\u00a0<span class=\"cast\">Jon Kortajarena,<\/span>\u00a0<span class=\"cast\">Joaqu\u00edn Climent,<\/span>\u00a0<span class=\"cast\">Enrique Mart\u00ednez,<\/span>\u00a0<span class=\"cast\">Eloi Costa,<\/span><span class=\"cast\">Itziar Castro,<\/span>\u00a0<span class=\"cast\">Carolina Bang,<\/span>\u00a0<span class=\"cast\">Ana Mar\u00eda Ayala,<\/span>\u00a0<span class=\"cast\">Adolfo Fern\u00e1ndez,<\/span>\u00a0<span class=\"cast\">Javier B\u00f3dalo,<\/span><span class=\"cast\">Antonio Dur\u00e1n,<\/span>\u00a0<span class=\"cast\">Alberto Bang y<\/span>\u00a0<span class=\"cast\">Mar\u00eda Jes\u00fas Hoyos<\/span><\/p>\n<p style=\"text-align: justify;\"><strong>Productora<\/strong>:\u00a0<span class=\"nb\">Pokeepsie Films \/ Nadie es perfecto \/ Netflix<\/span><\/p>\n<p style=\"text-align: justify;\"><strong>G\u00e9nero<\/strong>:\u00a0Comedia\u00a0\/\u00a0Drama<\/p>\n<p style=\"text-align: justify;\">Sigue la historia de personas f\u00edsicamente diferentes que, por este motivo, se han visto obligadas a esconderse, recluirse o unirse entre ellas. Nadie elige c\u00f3mo nace, pero la apariencia f\u00edsica nos condiciona para con la sociedad, aunque no la hayamos elegido nosotros. (<a href=\"https:\/\/www.filmaffinity.com\/es\/film525399.html\" target=\"_blank\">FilmAffinity<\/a>)<\/p>\n<p style=\"text-align: justify;\">Debo admitir que me ha costado lo m\u00edo ponerme a ver\u00a0<strong>&#8216;Pieles&#8217;<\/strong>. Las cr\u00edticas que ten\u00eda la pel\u00edcula de\u00a0<strong>Eduardo Casanova<\/strong> no hicieron que me apeteciera demasiado verla, la tem\u00e1tica no me interes\u00f3, ni lo que iba diciendo la gente de ella consigui\u00f3 que le diera play en\u00a0<strong>Netflix<\/strong>, pero ya lleg\u00f3 el d\u00eda. Hora y media de escenarios pasados por el color rosa, muy bonito, pero con una historia que no ha conseguido cambiar la idea con la que ven\u00eda de casa.<\/p>\n<p style=\"text-align: justify;\"><img loading=\"lazy\" class=\"aligncenter size-medium\" src=\"https:\/\/cdn.hobbyconsolas.com\/sites\/navi.axelspringer.es\/public\/styles\/main_element\/public\/media\/image\/2017\/10\/critica-pieles-eduardo-casanova-ya-netflix.jpg?itok=vNXVlWo2\" alt=\"Pieles\" width=\"1400\" height=\"700\" \/><\/p>\n<p style=\"text-align: justify;\">De acuerdo que la cinta pretende criticar la superficialidad de la sociedad y reivindica que cada uno pueda vivir con sus defectos o con lo que sea. Hasta ah\u00ed puedo estar totalmente de acuerdo con el planteamiento de\u00a0<strong>Casanova<\/strong>, pero no con el resultado que consigue. La cinta se me hizo pesad\u00edsima y si no fuera por la fotograf\u00eda, los encuadres, el dise\u00f1o de escenarios y la banda sonora la hubiese quitado a los 10 minutos.<\/p>\n<p style=\"text-align: justify;\">La provocaci\u00f3n es una herramienta imprescindible para criticar ciertas cosas, m\u00e1xime en historias como esta. Soy el primero que defiende que la provocaci\u00f3n se emplee para dar visibilidad a ciertos problemas. Totalmente con esto, pero si esa provocaci\u00f3n no va con un trasfondo interesante de nada sirve. Se queda vac\u00eda y termina por resultar repulsivo.<\/p>\n<p style=\"text-align: justify;\"><img loading=\"lazy\" class=\"aligncenter size-medium\" src=\"\/\/e00-elmundo.uecdn.es\/assets\/multimedia\/imagenes\/2017\/03\/24\/14903828575775.jpg\" alt=\"Pieles\" width=\"2048\" height=\"853\" \/><\/p>\n<p style=\"text-align: justify;\">En\u00a0<strong>&#8216;Pieles&#8217;<\/strong> queda el poso de ser una pel\u00edcula provocativa, pero ya. Cualquier cinta, &#8220;m\u00e1s normal&#8221;, nos se\u00f1ala directamente y nos da un bofet\u00f3n a la sociedad por nuestros prejuicios, el prisma con el que miramos la vida o la forma en la que tratamos los unos a los otros. Pero si el espectador se queda en la superficie de &#8220;es una pel\u00edcula asquerosa&#8221;, esto lo he le\u00eddo en un buen pu\u00f1ado de lugares, \u00bfde qu\u00e9 sirve la provocaci\u00f3n? Para que una denuncia surta efecto la gente debe entender la profundidad de la propia denuncia.<\/p>\n<p style=\"text-align: justify;\">Aqu\u00ed, la denuncia, se queda en pura superficie. Parece como si la \u00fanica idea de\u00a0<strong>Eduardo Casanova<\/strong> fuera provocar el rechazo en el espectador por sus im\u00e1genes. Pero si nos ponemos a rascar m\u00e1s la superficie veremos que no encontramos mucho m\u00e1s. Este es el principal problema de\u00a0<strong>&#8216;Pieles&#8217;<\/strong>, no tanto el hecho de basar su \u00fanico reclamo en las im\u00e1genes. Un envoltorio\u00a0trabajado\u00a0ayuda, pero no puede ser la \u00fanica raz\u00f3n de ser de una pel\u00edcula. Desgraciadamente\u00a0<strong>&#8216;Pieles&#8217;<\/strong> se va a quedar en eso, en una pel\u00edcula provocativa y ya.<\/p>\n<p style=\"text-align: justify;\"><img loading=\"lazy\" class=\"aligncenter size-medium\" src=\"\/\/s.libertaddigital.com\/2017\/03\/24\/pieles-carmen-machi-festival-malaga-ok.jpg\" alt=\"Pieles\" width=\"1900\" height=\"798\" \/><\/p>\n<p style=\"text-align: justify;\">Los que defienden la pel\u00edcula emplear\u00e1n aquello de no te gusta porque toca una tecla en ti que te hace sentir mal. Pues mira, no voy a decir que no. Pero la tecla que toca es la del rechazo total por lo que veo, no tanto por lo que intenta contarme, esto segundo lo defiendo de lleno. Pero para que lo primero funcione hay que construir una pel\u00edcula bien, con pies y con cabeza en su lugar y no un ano donde la nariz pierde su nombre y la boca, bueno, ya os hac\u00e9is una idea.<\/p>\n<p style=\"text-align: justify;\"><strong>Lo mejor<\/strong>: La fotograf\u00eda espectacular, y ya sabemos lo que son las pel\u00edculas donde la fotograf\u00eda es lo m\u00e1s destacable.<\/p>\n<p style=\"text-align: justify;\"><strong>Lo peor<\/strong>: Que fuera de los colores elegidos, lo dem\u00e1s no lo pintan de color de rosa.<\/p>\n<p style=\"text-align: justify;\"><img loading=\"lazy\" class=\"aligncenter size-medium wp-image-83\" src=\"https:\/\/static-blogs.diariovasco.com\/wp-content\/uploads\/sites\/71\/2014\/11\/2-300x30.png\" alt=\"Pieles\" width=\"300\" height=\"30\" srcset=\"https:\/\/static-blogs.diariovasco.com\/wp-content\/uploads\/sites\/71\/2014\/11\/2-300x30.png 300w, https:\/\/static-blogs.diariovasco.com\/wp-content\/uploads\/sites\/71\/2014\/11\/2.png 564w\" sizes=\"(max-width: 300px) 100vw, 300px\" \/><\/p>\n<p><iframe loading=\"lazy\" width=\"500\" height=\"281\" src=\"https:\/\/www.youtube.com\/embed\/glpAz4oKnpk?feature=oembed\" frameborder=\"0\" allow=\"autoplay; encrypted-media\" allowfullscreen><\/iframe><\/p>\n","protected":false},"excerpt":{"rendered":"<p>Pieles: Sigue la historia de personas f\u00edsicamente diferentes que, por este motivo, se han visto obligadas a esconderse, recluirse o unirse entre ellas. Nadie elige c\u00f3mo nace, pero la apariencia f\u00edsica nos condiciona para con la sociedad, aunque no la hayamos elegido nosotros.<\/p>\n","protected":false},"author":101,"featured_media":0,"comment_status":"open","ping_status":"closed","sticky":false,"template":"","format":"standard","meta":[],"categories":[8,11],"tags":[3852,3855,3851,174,3854,3847,436,439,3845,3849,3848,3850,3853,1260,3279,3314,3856,3846,2831],"_links":{"self":[{"href":"https:\/\/blogs.diariovasco.com\/fotograma\/wp-json\/wp\/v2\/posts\/850"}],"collection":[{"href":"https:\/\/blogs.diariovasco.com\/fotograma\/wp-json\/wp\/v2\/posts"}],"about":[{"href":"https:\/\/blogs.diariovasco.com\/fotograma\/wp-json\/wp\/v2\/types\/post"}],"author":[{"embeddable":true,"href":"https:\/\/blogs.diariovasco.com\/fotograma\/wp-json\/wp\/v2\/users\/101"}],"replies":[{"embeddable":true,"href":"https:\/\/blogs.diariovasco.com\/fotograma\/wp-json\/wp\/v2\/comments?post=850"}],"version-history":[{"count":1,"href":"https:\/\/blogs.diariovasco.com\/fotograma\/wp-json\/wp\/v2\/posts\/850\/revisions"}],"predecessor-version":[{"id":851,"href":"https:\/\/blogs.diariovasco.com\/fotograma\/wp-json\/wp\/v2\/posts\/850\/revisions\/851"}],"wp:attachment":[{"href":"https:\/\/blogs.diariovasco.com\/fotograma\/wp-json\/wp\/v2\/media?parent=850"}],"wp:term":[{"taxonomy":"category","embeddable":true,"href":"https:\/\/blogs.diariovasco.com\/fotograma\/wp-json\/wp\/v2\/categories?post=850"},{"taxonomy":"post_tag","embeddable":true,"href":"https:\/\/blogs.diariovasco.com\/fotograma\/wp-json\/wp\/v2\/tags?post=850"}],"curies":[{"name":"wp","href":"https:\/\/api.w.org\/{rel}","templated":true}]}}