{"id":854,"date":"2018-03-01T08:26:39","date_gmt":"2018-03-01T07:26:39","guid":{"rendered":"http:\/\/blogs.diariovasco.com\/fotograma\/?p=854"},"modified":"2018-03-01T08:26:39","modified_gmt":"2018-03-01T07:26:39","slug":"la-invitacion","status":"publish","type":"post","link":"https:\/\/blogs.diariovasco.com\/fotograma\/2018\/03\/01\/la-invitacion\/","title":{"rendered":"&#8216;La invitaci\u00f3n&#8217;, la importancia del ritmo y la forma"},"content":{"rendered":"<p><strong><img loading=\"lazy\" class=\"alignleft size-medium\" src=\"https:\/\/pics.filmaffinity.com\/La_invitaci_n-792823219-large.jpg\" alt=\"La invitaci\u00f3n\" width=\"307\" height=\"453\" \/>LA INVITACI\u00d3N<\/strong><\/p>\n<p><strong>T\u00edtulo original<\/strong>: The Invitation<\/p>\n<p><strong>A\u00f1o<\/strong>: 2015<\/p>\n<p><strong>Duraci\u00f3n<\/strong>: 100 minutos<\/p>\n<p><strong>Pa\u00eds<\/strong>:\u00a0Estados Unidos<\/p>\n<p><strong>Direcci\u00f3n<\/strong>:\u00a0<span class=\"director\">Karyn Kusama<\/span><\/p>\n<p><strong>Guion<\/strong>:\u00a0<span class=\"nb\">Phil Hay,<\/span>\u00a0<span class=\"nb\">Matt Manfredi<\/span><\/p>\n<p><strong>M\u00fasica<\/strong>:\u00a0<span class=\"nb\">Theodore Shapiro<\/span><\/p>\n<p><strong>Fotograf\u00eda<\/strong>:\u00a0<span class=\"nb\">Bobby Shore<\/span><\/p>\n<p><strong>Reparto<\/strong>:\u00a0<span class=\"cast\">Logan Marshall-Green,<\/span>\u00a0<span class=\"cast\">Michiel Huisman,<\/span>\u00a0<span class=\"cast\">Tammy Blanchard,<\/span>\u00a0<span class=\"cast\">John Carroll Lynch,<\/span><span class=\"cast\">Mike Doyle,<\/span>\u00a0<span class=\"cast\">Emayatzy Corinealdi,<\/span>\u00a0<span class=\"cast\">Karl Yune,<\/span>\u00a0<span class=\"cast\">Toby Huss,<\/span>\u00a0<span class=\"cast\">Marieh Delfino,<\/span><span class=\"cast\">Michelle Krusiec,<\/span>\u00a0<span class=\"cast\">Lindsay Burdge,<\/span>\u00a0<span class=\"cast\">Aiden Lovekamp,<\/span>\u00a0<span class=\"cast\">Jordi Vilasuso,<\/span>\u00a0<span class=\"cast\">Jay Larson y\u00a0<\/span><span class=\"cast\">Danielle Camastra<\/span><\/p>\n<p><strong>Productora<\/strong>:\u00a0<span class=\"nb\">Gamechanger Films \/ The Invitation \/ Lege Artis<\/span><\/p>\n<p><strong>G\u00e9nero<\/strong>:\u00a0Thriller \/\u00a0Terror<\/p>\n<p>Will y Eden perdieron a su hijo a\u00f1os atr\u00e1s. La tragedia afect\u00f3 su relaci\u00f3n de forma irreversible, hasta el punto de que ella desapareci\u00f3 de la noche a la ma\u00f1ana. Un d\u00eda, Eden regresa a la ciudad; se ha vuelto a casar y en ella parece haber cambiado algo, convirti\u00e9ndola en una presencia inquietante e irreconocible incluso para Will. (<a href=\"https:\/\/www.filmaffinity.com\/es\/film779556.html\" target=\"_blank\">FilmAffinity<\/a>)<\/p>\n<p>Llegu\u00e9 hasta\u00a0<strong>&#8216;La invitaci\u00f3n&#8217;<\/strong> por casualidad. Un d\u00eda el aburrimiento me llev\u00f3 a abrir <strong>Netflix<\/strong> y la plataforma me recomend\u00f3 ver este thriller del a\u00f1o 2015 que aborda el tema de las sectas. Aunque tuve dudas sobre su premisa, me decid\u00ed a verla. Un acierto.<\/p>\n<p><img loading=\"lazy\" class=\"aligncenter size-medium\" src=\"https:\/\/pics.filmaffinity.com\/La_invitaci_n-626064444-large.jpg\" alt=\"La invitaci\u00f3n\" width=\"1023\" height=\"681\" \/><\/p>\n<p><strong>&#8216;La invitaci\u00f3n&#8217;<\/strong> es una pel\u00edcula con una premisa muy sencilla y un desarrollo simple. Una pareja lleva separada un par de a\u00f1os, desde que perdieron a un hijo y se divorciaron. Ambos han rehecho su vida por separado, tienen sus respectivas parejas y, tras dos a\u00f1os sin saber nada del otro, ella le invita a \u00e9l y a un grupo de amigos, al que tampoco ha visto en este tiempo, a una cena en su casa.<\/p>\n<p>Desde el principio, la perspectiva del espectador se sit\u00faa en los ojos de\u00a0<a href=\"https:\/\/blogs.diariovasco.com\/fotograma\/2017\/05\/16\/prometheus-correcto-pero-con-regustillo-amargo\/\" target=\"_blank\"><strong>Logan Marshall-Green<\/strong><\/a>, el protagonista de la cinta. \u00c9l se plantea las cuestiones, vive momentos de confusi\u00f3n, se encuentra fuera de lugar y es el filtro que nos hace ver el escenario. \u00danicamente en las escenas donde vemos a todos los personajes se dispersa el foco de \u00e9l y se va posando en el resto.<\/p>\n<p>Como buen thriller, el espectador debe cuestionarse cosas. As\u00ed, cuando la pareja anfitriona, y sus dos nuevos amigos, les muestran un v\u00eddeo del grupo de apoyo en el que est\u00e1n, nos planteamos como espectadores inmediatamente qu\u00e9 es lo que realmente hace ese grupo. Nos genera rechazo, pero no por ello dejamos de mirar, queremos saber m\u00e1s.<\/p>\n<p><img loading=\"lazy\" class=\"aligncenter size-medium\" src=\"https:\/\/pics.filmaffinity.com\/La_invitaci_n-253311159-large.jpg\" alt=\"La invitaci\u00f3n\" width=\"850\" height=\"450\" \/><\/p>\n<p>Pero lo que mejor funciona en\u00a0<strong>&#8216;La invitaci\u00f3n&#8217;\u00a0<\/strong>es que esas dudas no van en una sola direcci\u00f3n, tambi\u00e9n las planteamos hacia el protagonista. Su versi\u00f3n queda en duda en m\u00e1s de una ocasi\u00f3n y se nos plantea la opci\u00f3n de estar ante una serie de alucinaciones.<\/p>\n<p>El otro gran acierto de\u00a0<strong>&#8216;La invitaci\u00f3n&#8217;<\/strong>, pel\u00edcula premiada en el\u00a0<strong>Festival de Sitges<\/strong> como mejor pel\u00edcula, reside en su ritmo. Pasamos de un pausado inicio, a un borroso desarrollo y un apote\u00f3sico final. Los dos primeros actos comparten el ritmo lento, y deja la sensaci\u00f3n de que la pel\u00edcula no terminar\u00e1 por explotar en ning\u00fan momento. Pero es entonces cuando, de forma abrupta, irrumpe el tercer y \u00faltimo acto, un ejercicio de ritmo poderoso.<\/p>\n<p><img loading=\"lazy\" class=\"aligncenter size-medium\" src=\"https:\/\/pics.filmaffinity.com\/La_invitaci_n-507829304-large.jpg\" alt=\"La invitaci\u00f3n\" width=\"959\" height=\"639\" \/><\/p>\n<p>En contra, lo arquet\u00edpica que puede llegar a ser en todo su desarrollo. Aunque nos pille desprevenidos, sabemos que muchas de las cosas que ocurren van a ocurrir. Es un thriller, esperamos alg\u00fan sobresalto, alg\u00fan susto, y se nos da lo que esper\u00e1bamos.<\/p>\n<p>El reparto lleno de nombres poco conocidos es un gustazo. Una pel\u00edcula donde dejamos de estar pendientes de, este actor hizo tal papel o no le veo aqu\u00ed despu\u00e9s de haber hecho tal es siempre de agradecer.<\/p>\n<p><strong>Lo mejor<\/strong>: Un ritmo cuidado y el final.<\/p>\n<p><strong>Lo peor<\/strong>: Peca de previsible y arquet\u00edpica.<\/p>\n<p><img loading=\"lazy\" class=\"aligncenter size-medium wp-image-94\" src=\"https:\/\/static-blogs.diariovasco.com\/wp-content\/uploads\/sites\/71\/2014\/11\/75-300x30.png\" alt=\"La invitaci\u00f3n\" width=\"300\" height=\"30\" srcset=\"https:\/\/static-blogs.diariovasco.com\/wp-content\/uploads\/sites\/71\/2014\/11\/75-300x30.png 300w, https:\/\/static-blogs.diariovasco.com\/wp-content\/uploads\/sites\/71\/2014\/11\/75.png 564w\" sizes=\"(max-width: 300px) 100vw, 300px\" \/><\/p>\n<p><iframe loading=\"lazy\" width=\"500\" height=\"281\" src=\"https:\/\/www.youtube.com\/embed\/6AoDnFGrWxM?feature=oembed\" frameborder=\"0\" allow=\"autoplay; encrypted-media\" allowfullscreen><\/iframe><\/p>\n","protected":false},"excerpt":{"rendered":"<p>La invitaci\u00f3n: Will y Eden perdieron a su hijo a\u00f1os atr\u00e1s. La tragedia afect\u00f3 su relaci\u00f3n de forma irreversible, hasta el punto de que ella desapareci\u00f3 de la noche a la ma\u00f1ana. Un d\u00eda, Eden regresa a la ciudad; se ha vuelto a casar y en ella parece haber cambiado algo, convirti\u00e9ndola en una presencia inquietante e irreconocible incluso para Will.<\/p>\n","protected":false},"author":101,"featured_media":0,"comment_status":"open","ping_status":"closed","sticky":false,"template":"","format":"standard","meta":[],"categories":[17,18],"tags":[3866,3869,3860,3868,2749,3867,3861,3870,3871,3865,3062,3863,3864,3857,3859,3858,3872,3862],"_links":{"self":[{"href":"https:\/\/blogs.diariovasco.com\/fotograma\/wp-json\/wp\/v2\/posts\/854"}],"collection":[{"href":"https:\/\/blogs.diariovasco.com\/fotograma\/wp-json\/wp\/v2\/posts"}],"about":[{"href":"https:\/\/blogs.diariovasco.com\/fotograma\/wp-json\/wp\/v2\/types\/post"}],"author":[{"embeddable":true,"href":"https:\/\/blogs.diariovasco.com\/fotograma\/wp-json\/wp\/v2\/users\/101"}],"replies":[{"embeddable":true,"href":"https:\/\/blogs.diariovasco.com\/fotograma\/wp-json\/wp\/v2\/comments?post=854"}],"version-history":[{"count":2,"href":"https:\/\/blogs.diariovasco.com\/fotograma\/wp-json\/wp\/v2\/posts\/854\/revisions"}],"predecessor-version":[{"id":857,"href":"https:\/\/blogs.diariovasco.com\/fotograma\/wp-json\/wp\/v2\/posts\/854\/revisions\/857"}],"wp:attachment":[{"href":"https:\/\/blogs.diariovasco.com\/fotograma\/wp-json\/wp\/v2\/media?parent=854"}],"wp:term":[{"taxonomy":"category","embeddable":true,"href":"https:\/\/blogs.diariovasco.com\/fotograma\/wp-json\/wp\/v2\/categories?post=854"},{"taxonomy":"post_tag","embeddable":true,"href":"https:\/\/blogs.diariovasco.com\/fotograma\/wp-json\/wp\/v2\/tags?post=854"}],"curies":[{"name":"wp","href":"https:\/\/api.w.org\/{rel}","templated":true}]}}