{"id":882,"date":"2018-02-06T09:47:42","date_gmt":"2018-02-06T08:47:42","guid":{"rendered":"http:\/\/blogs.diariovasco.com\/fotograma\/?p=882"},"modified":"2018-02-06T09:47:42","modified_gmt":"2018-02-06T08:47:42","slug":"phantom-thread-hilo-invisible","status":"publish","type":"post","link":"https:\/\/blogs.diariovasco.com\/fotograma\/2018\/02\/06\/phantom-thread-hilo-invisible\/","title":{"rendered":"&#8216;El hilo invisible&#8217;, frialdad contagiosa"},"content":{"rendered":"<p><strong><img loading=\"lazy\" class=\"alignleft size-medium\" src=\"https:\/\/pics.filmaffinity.com\/El_hilo_invisible-546159231-large.jpg\" alt=\"\" width=\"307\" height=\"453\" \/>EL HILO INVISIBLE<\/strong><\/p>\n<p><strong>T\u00edtulo original<\/strong>: Phantom Thread<\/p>\n<p><strong>A\u00f1o<\/strong>: 2017<\/p>\n<p><strong>Duraci\u00f3n<\/strong>: 130 minutos<\/p>\n<p><strong>Pa\u00eds<\/strong>:\u00a0Estados Unidos<\/p>\n<p><strong>Direcci\u00f3n<\/strong>:\u00a0<span class=\"director\">Paul Thomas Anderson<\/span><\/p>\n<p><strong>Guion<\/strong>:\u00a0<span class=\"nb\">Paul Thomas Anderson<\/span><\/p>\n<p><strong>M\u00fasica<\/strong>:\u00a0<span class=\"nb\">Jonny Greenwood<\/span><\/p>\n<p><strong>Fotograf\u00eda<\/strong>:\u00a0<span class=\"nb\">Paul Thomas Anderson<\/span><\/p>\n<p><strong>Reparto<\/strong>:\u00a0<span class=\"cast\">Daniel Day-Lewis,<\/span>\u00a0<span class=\"cast\">Vicky Krieps,<\/span>\u00a0<span class=\"cast\">Lesley Manville,<\/span>\u00a0<span class=\"cast\">Richard Graham,<\/span>\u00a0<span class=\"cast\">Bern Collaco,<\/span><span class=\"cast\">Jane Perry,<\/span>\u00a0<span class=\"cast\">Camilla Rutherford,<\/span>\u00a0<span class=\"cast\">Pip Phillips,<\/span>\u00a0<span class=\"cast\">Dave Simon y<\/span>\u00a0<span class=\"cast\">Ingrid Sophie Schram<\/span><\/p>\n<p><strong>Productora<\/strong>:\u00a0<span class=\"nb\">Annapurna Pictures \/ Focus Features \/ Ghoulardi Film Company. Distribuida por Universal Pictures<\/span><\/p>\n<p><strong>G\u00e9nero<\/strong>:\u00a0Drama \/\u00a0Romance<\/p>\n<p>En el Londres de la posguerra, en 1950, el famoso modisto Reynolds Woodcock y su hermana Cyril est\u00e1n a la cabeza de la moda brit\u00e1nica, vistiendo a la realeza, a estrellas de cine y a toda mujer elegante de la \u00e9poca. Un d\u00eda, el soltero Reynolds encuentra a Alma, una joven que pronto se convierte en su musa y amante. Y su vida, hasta entonces cuidadosamente controlada y planificada, se ve alterada por la irrupci\u00f3n del amor. (<a href=\"https:\/\/www.filmaffinity.com\/es\/film346983.html\" target=\"_blank\">FilmAffinity<\/a>)<\/p>\n<p>Qu\u00e9 curiosa esta profesi\u00f3n, la de cr\u00edtico de cine. Tenemos que ver pel\u00edculas, documentales, cortos&#8230; y posicionarnos de una u otra manera sobre ellas. En ocasiones las pel\u00edculas nos aburren, en otras nos apasionan, en unas sabemos inmediatamente lo que decir y en otras no tenemos ni idea de qu\u00e9 decir despu\u00e9s de haberla visto.<\/p>\n<p><img loading=\"lazy\" class=\"aligncenter size-medium\" src=\"https:\/\/pics.filmaffinity.com\/El_hilo_invisible-494938563-large.jpg\" alt=\"\" width=\"1920\" height=\"1090\" \/><\/p>\n<p>Este \u00faltimo caso me ha ocurrido con la \u00faltima pel\u00edcula de <strong>Daniel Day-Lewis<\/strong>, y nunca mejor dicho, porque ya ha anunciado que esta es su \u00faltima incursi\u00f3n en el cine. Permitidme que lo ponga en duda, pero mientras se confirma lo contrario damos a\u00a0<strong>Day-Lewis<\/strong> por jubilado de la actuaci\u00f3n.\u00a0<strong>&#8216;El hilo invisible&#8217;<\/strong> es una pel\u00edcula que me ha dejado con una sensaci\u00f3n extra\u00f1a, de ese tipo de sensaciones en las que no sabes muy bien si algo te ha gustado o no.<\/p>\n<p>Como por esta profesi\u00f3n debo posicionarme lo har\u00e9 de forma inversa a la habitual. Normalmente suelo saber claro c\u00f3mo estructurar el post, qu\u00e9 temas tocar y las reflexiones que har\u00e9. Como en este caso no s\u00e9 qu\u00e9 decir dejar\u00e9 que mis dedos vayan fluyendo e ir\u00e9 reflexionando a medida que mi teclado vaya sac\u00e1ndome diferentes temas.<\/p>\n<p><img loading=\"lazy\" class=\"aligncenter size-medium\" src=\"https:\/\/pics.filmaffinity.com\/El_hilo_invisible-221144251-large.jpg\" alt=\"\" width=\"1920\" height=\"1090\" \/><\/p>\n<p>Digo de\u00a0<strong>&#8216;El hilo invisible&#8217;<\/strong> que visualmente es una pel\u00edcula interesante. Es bella, est\u00e1 cuidada y se nota el esmero puesto tanto en fotograf\u00eda, dise\u00f1o de vestuario y una banda sonora que se mimetiza con la historia. Nos ofrece una experiencia visual y sonora interesante.<\/p>\n<p>Actoralmente el trabajo de\u00a0<strong>Daniel Day-Lewis<\/strong> es grand\u00edsimo. Una carta de despedida a la altura que, eso s\u00ed, no creo que le traiga el\u00a0<strong>\u00d3scar<\/strong>. Junto a \u00e9l tenemos a\u00a0<strong>Vicky Krieps<\/strong> que le da un contrapunto m\u00e1s que interesante.<\/p>\n<p><img loading=\"lazy\" class=\"aligncenter size-medium\" src=\"https:\/\/pics.filmaffinity.com\/El_hilo_invisible-316890834-large.jpg\" alt=\"\" width=\"1920\" height=\"1090\" \/><\/p>\n<p>Entonces \u00bfsi te ha gustado todo esto qu\u00e9 le pasa a la pel\u00edcula para que no sepas qu\u00e9 decir de ella? Pues la extrema frialdad de todo que me ha impedido ni empatizar con los personajes, ni interesarme por la pel\u00edcula, ni la historia, ni nada. Es complicado que una pel\u00edcula te deje m\u00e1s fr\u00edo que esto. A pesar de sus virtudes, est\u00e1 todo rodado con una frialdad que la vuelve complicada.<\/p>\n<p>La pel\u00edcula se plantea como un amor enfermizo entre\u00a0<strong>Day-Lewis<\/strong> y\u00a0<strong>Krieps<\/strong>, pero en ning\u00fan caso esta retorcida relaci\u00f3n, este juego enfermizo me contagian en absoluto. Me mantengo en un segundo plano, intentando entrar, pero sin conseguir penetrar dentro de la historia. Busco que me interese, que me capte, pero ni por esas. La frialdad de los personajes s\u00ed me contagia, y las \u00fanicas alegr\u00edas son los poquitos momentos realmente tenebrosos que plantea, que tampoco son muchos.<\/p>\n<p><img loading=\"lazy\" class=\"aligncenter size-medium\" src=\"https:\/\/pics.filmaffinity.com\/El_hilo_invisible-217804095-large.jpg\" alt=\"\" width=\"1920\" height=\"1090\" \/><\/p>\n<p>Concluyendo, mucho m\u00e1s r\u00e1pido que la propia pel\u00edcula, porque mira que se estira hasta decir basta, dejar\u00e9 la puntuaci\u00f3n en un 5 de 10. Asumo que est\u00e1 bien hecho y lo que aprecio en el aspecto t\u00e9cnico merece mucho la pena. Pero si sigo lo que me ha transmitido ser\u00eda un suspenso. Entonces, poniendo todo en una balanza, el aprobado es justito.<\/p>\n<p><img loading=\"lazy\" class=\"aligncenter size-medium wp-image-89\" src=\"https:\/\/static-blogs.diariovasco.com\/wp-content\/uploads\/sites\/71\/2014\/11\/5-300x30.png\" alt=\"5\" width=\"300\" height=\"30\" srcset=\"https:\/\/static-blogs.diariovasco.com\/wp-content\/uploads\/sites\/71\/2014\/11\/5-300x30.png 300w, https:\/\/static-blogs.diariovasco.com\/wp-content\/uploads\/sites\/71\/2014\/11\/5.png 564w\" sizes=\"(max-width: 300px) 100vw, 300px\" \/><\/p>\n<p><iframe loading=\"lazy\" width=\"500\" height=\"281\" src=\"https:\/\/www.youtube.com\/embed\/veCv6wXihE4?feature=oembed\" frameborder=\"0\" allow=\"autoplay; encrypted-media\" allowfullscreen><\/iframe><\/p>\n","protected":false},"excerpt":{"rendered":"<p>El hilo invisible: En el Londres de la posguerra, en 1950, el famoso modisto Reynolds Woodcock y su hermana Cyril est\u00e1n a la cabeza de la moda brit\u00e1nica, vistiendo a la realeza, a estrellas de cine y a toda mujer elegante de la \u00e9poca. Un d\u00eda, el soltero Reynolds encuentra a Alma, una joven que pronto se convierte en su musa y amante. Y su vida, hasta entonces cuidadosamente controlada y planificada, se ve alterada por la irrupci\u00f3n del amor<\/p>\n","protected":false},"author":101,"featured_media":0,"comment_status":"open","ping_status":"closed","sticky":false,"template":"","format":"standard","meta":[],"categories":[11,14],"tags":[3988,3990,3984,3992,3994,3993,3989,3986,3996,3995,3991,3987,3985],"_links":{"self":[{"href":"https:\/\/blogs.diariovasco.com\/fotograma\/wp-json\/wp\/v2\/posts\/882"}],"collection":[{"href":"https:\/\/blogs.diariovasco.com\/fotograma\/wp-json\/wp\/v2\/posts"}],"about":[{"href":"https:\/\/blogs.diariovasco.com\/fotograma\/wp-json\/wp\/v2\/types\/post"}],"author":[{"embeddable":true,"href":"https:\/\/blogs.diariovasco.com\/fotograma\/wp-json\/wp\/v2\/users\/101"}],"replies":[{"embeddable":true,"href":"https:\/\/blogs.diariovasco.com\/fotograma\/wp-json\/wp\/v2\/comments?post=882"}],"version-history":[{"count":1,"href":"https:\/\/blogs.diariovasco.com\/fotograma\/wp-json\/wp\/v2\/posts\/882\/revisions"}],"predecessor-version":[{"id":883,"href":"https:\/\/blogs.diariovasco.com\/fotograma\/wp-json\/wp\/v2\/posts\/882\/revisions\/883"}],"wp:attachment":[{"href":"https:\/\/blogs.diariovasco.com\/fotograma\/wp-json\/wp\/v2\/media?parent=882"}],"wp:term":[{"taxonomy":"category","embeddable":true,"href":"https:\/\/blogs.diariovasco.com\/fotograma\/wp-json\/wp\/v2\/categories?post=882"},{"taxonomy":"post_tag","embeddable":true,"href":"https:\/\/blogs.diariovasco.com\/fotograma\/wp-json\/wp\/v2\/tags?post=882"}],"curies":[{"name":"wp","href":"https:\/\/api.w.org\/{rel}","templated":true}]}}