{"id":581,"date":"2025-07-12T18:22:17","date_gmt":"2025-07-12T16:22:17","guid":{"rendered":"https:\/\/blogs.diariovasco.com\/innovacion\/?p=581"},"modified":"2025-07-12T18:22:17","modified_gmt":"2025-07-12T16:22:17","slug":"modelo-de-escenarios-de-ia-hoja-de-ruta-para-centros-de-fp","status":"publish","type":"post","link":"https:\/\/blogs.diariovasco.com\/innovacion\/2025\/07\/12\/modelo-de-escenarios-de-ia-hoja-de-ruta-para-centros-de-fp\/","title":{"rendered":"Modelo de Escenarios de IA: Hoja de Ruta para Centros de FP"},"content":{"rendered":"<p style=\"text-align: center;\" data-pm-slice=\"1 1 [&quot;blockquote&quot;,{&quot;start&quot;:243,&quot;end&quot;:758}]\"><img loading=\"lazy\" class=\"alignnone size-large wp-image-583\" src=\"https:\/\/static-blogs.diariovasco.com\/wp-content\/uploads\/sites\/89\/2025\/07\/Post_Escenarios-IA-628x419.jpg\" alt=\"\" width=\"628\" height=\"419\" srcset=\"https:\/\/static-blogs.diariovasco.com\/wp-content\/uploads\/sites\/89\/2025\/07\/Post_Escenarios-IA-628x419.jpg 628w, https:\/\/static-blogs.diariovasco.com\/wp-content\/uploads\/sites\/89\/2025\/07\/Post_Escenarios-IA-300x200.jpg 300w, https:\/\/static-blogs.diariovasco.com\/wp-content\/uploads\/sites\/89\/2025\/07\/Post_Escenarios-IA-768x512.jpg 768w, https:\/\/static-blogs.diariovasco.com\/wp-content\/uploads\/sites\/89\/2025\/07\/Post_Escenarios-IA.jpg 1536w\" sizes=\"(max-width: 628px) 100vw, 628px\" \/><\/p>\n<p data-pm-slice=\"1 1 [&quot;blockquote&quot;,{&quot;start&quot;:243,&quot;end&quot;:758}]\"><strong>Resumen<\/strong><br \/>\n<em>La inteligencia artificial (IA) est\u00e1 redefiniendo el trabajo t\u00e9cnico y, con ello, la misi\u00f3n de los centros de Formaci\u00f3n\u202fProfesional (FP). Este art\u00edculo describe un <strong>Modelo de Escenarios<\/strong> que ayuda a anticipar futuros plausibles y a dise\u00f1ar decisiones basadas en evidencias. Las siete dimensiones analizadas \u2014gobernanza, desarrollo docente, curr\u00edculo, v\u00ednculo empresarial, innovaci\u00f3n, \u00e9tica e identidad digital\u2014 se acompa\u00f1an de una hoja de ruta por hitos (30\u201160\u201190\u2011180\u202fd\u00edas) y ejemplos concretos.<\/em><\/p>\n<h2><b>Introducci\u00f3n<\/b><\/h2>\n<p><span style=\"font-weight: 400;\">La irrupci\u00f3n de la inteligencia artificial (IA) est\u00e1 redefiniendo los procesos productivos, los perfiles profesionales y, de manera inevitable, la formaci\u00f3n de t\u00e9cnicos y especialistas. Para los centros de Formaci\u00f3n Profesional (FP), planificar el futuro ya no consiste en proyectar una \u00fanica l\u00ednea de avance tecnol\u00f3gico, sino en prepararse para <\/span><b>m\u00faltiples futuros plausibles<\/b><span style=\"font-weight: 400;\">.\u00a0<\/span><\/p>\n<p><span style=\"font-weight: 400;\">El <\/span><b>Modelo de Escenarios de IA<\/b><span style=\"font-weight: 400;\"> ofrece precisamente ese marco estrat\u00e9gico: anticipar tendencias, dise\u00f1ar respuestas y alinear la misi\u00f3n educativa con la evoluci\u00f3n del mercado laboral.<\/span><\/p>\n<p><span style=\"font-weight: 400;\">Este art\u00edculo propone un conjunto coherente de <\/span><b>estrategias <\/b>y<b> operaciones<\/b><span style=\"font-weight: 400;\"> que facilitan la adopci\u00f3n de dicho modelo en los centros de FP. A continuaci\u00f3n, sintetizamos sus claves y a\u00f1adimos recomendaciones pr\u00e1cticas para impulsar una integraci\u00f3n responsable y de alto impacto.<\/span><\/p>\n<h2><b>1. Gobernanza y visi\u00f3n institucional<\/b><\/h2>\n<p><span style=\"font-weight: 400;\">Una transformaci\u00f3n sist\u00e9mica comienza por la <\/span><b>gobernanza<\/b><span style=\"font-weight: 400;\">. Se recomienda constituir un <\/span><b>Comit\u00e9 de Prospectiva e Innovaci\u00f3n en IA<\/b><span style=\"font-weight: 400;\"> que incluya direcci\u00f3n, profesorado, alumnado, empresas asociadas y expertos externos. Este \u00f3rgano, adem\u00e1s de aprobar una <\/span><b>Declaraci\u00f3n de Principios<\/b><span style=\"font-weight: 400;\"> \u00e9tica e inclusiva, debe revisar anualmente las tendencias tecnol\u00f3gicas y fijar indicadores espec\u00edficos de avance en IA dentro de la memoria de gesti\u00f3n.<\/span><\/p>\n<p><b>Buenas pr\u00e1cticas sugeridas<\/b><\/p>\n<ul>\n<li style=\"font-weight: 400;\" aria-level=\"1\"><span style=\"font-weight: 400;\">Convocar sesiones trimestrales de Inteligencia y Vigilancia sobre IA y su impacto.<\/span><span style=\"font-weight: 400;\">\n<p><\/span><\/li>\n<li style=\"font-weight: 400;\" aria-level=\"1\"><span style=\"font-weight: 400;\">Publicar la Declaraci\u00f3n de Principios IA en la web institucional y revisarla anualmente.<\/span><span style=\"font-weight: 400;\">\n<p><\/span><\/li>\n<li style=\"font-weight: 400;\" aria-level=\"1\"><span style=\"font-weight: 400;\">Integrar los indicadores de IA en el cuadro de mando integral del centro.<\/span><span style=\"font-weight: 400;\">\n<p><\/span><\/li>\n<\/ul>\n<h2><b>2. Desarrollo profesional docente y acompa\u00f1amiento<\/b><\/h2>\n<p><span style=\"font-weight: 400;\">El profesorado es el principal vector de cambio. El <\/span><b>Plan de Desarrollo Profesional Docente en IA<\/b><span style=\"font-weight: 400;\"> debe cubrir tanto competencias t\u00e9cnicas (prompt engineering, an\u00e1lisis de datos, \u00e9tica de la IA) como aplicaciones did\u00e1cticas espec\u00edficas para cada familia profesional. Se recomiendan <\/span><b>microtalleres trimestrales<\/b><span style=\"font-weight: 400;\">, la creaci\u00f3n de una <\/span><b>comunidad interna de pr\u00e1ctica (CoP)<\/b><span style=\"font-weight: 400;\"> y la inclusi\u00f3n del an\u00e1lisis de escenarios de IA en las jornadas iniciales de cada curso.<\/span><\/p>\n<ul>\n<li><b>Tip r\u00e1pido:<\/b><span style=\"font-weight: 400;\"> Incentivar la co\u2013creaci\u00f3n de materiales entre docentes mediante licencias abiertas (Creative Commons) incrementa la adopci\u00f3n y la calidad de los recursos generados con IA.<\/span><\/li>\n<\/ul>\n<h2><b>3. Integraci\u00f3n curricular y metodol\u00f3gica<\/b><\/h2>\n<p><span style=\"font-weight: 400;\">No basta con disponer de herramientas; es necesario <\/span><b>repensar el curr\u00edculo<\/b><span style=\"font-weight: 400;\">. El modelo propone identificar m\u00f3dulos susceptibles de ser enriquecidos con IA, como:<\/span><\/p>\n<ol>\n<li style=\"font-weight: 400;\" aria-level=\"1\"><b>Automatizaci\u00f3n de tareas repetitivas<\/b><span style=\"font-weight: 400;\"> (p. ej. control de calidad en instalaciones, procesos administrativos, etc.).<\/span><span style=\"font-weight: 400;\">\n<p><\/span><\/li>\n<li style=\"font-weight: 400;\" aria-level=\"1\"><b>Creaci\u00f3n de contenidos generativos<\/b><span style=\"font-weight: 400;\"> (infograf\u00edas, instrucciones de mantenimiento, simulaciones 3D).<\/span><span style=\"font-weight: 400;\">\n<p><\/span><\/li>\n<li style=\"font-weight: 400;\" aria-level=\"1\"><b>Tutor\u00eda virtual personalizada<\/b><span style=\"font-weight: 400;\"> basada en sistemas adaptativos.<\/span><span style=\"font-weight: 400;\">\n<p><\/span><\/li>\n<\/ol>\n<p><span style=\"font-weight: 400;\">Cada familia profesional deber\u00eda contar con <\/span><b>escenarios pedag\u00f3gicos<\/b><span style=\"font-weight: 400;\"> propios (por ejemplo, <\/span><i><span style=\"font-weight: 400;\">\u201cIA como herramienta en Automoci\u00f3n\u201d<\/span><\/i><span style=\"font-weight: 400;\"> o <\/span><i><span style=\"font-weight: 400;\">\u201cIA general en Administraci\u00f3n y Finanzas\u201d<\/span><\/i><span style=\"font-weight: 400;\">). Pilotar actividades en m\u00f3dulos transversales \u2014Proyectos, Formaci\u00f3n y Orientaci\u00f3n Laboral (FOL) o Empresa e Iniciativa Emprendedora\u2014 resulta especialmente efectivo para validar el enfoque antes de escalarlo.<\/span><\/p>\n<h2><b>4. Conexi\u00f3n con el tejido productivo y social<\/b><\/h2>\n<p><span style=\"font-weight: 400;\">La FP se define por su <\/span><b>vocaci\u00f3n de empleabilidad<\/b><span style=\"font-weight: 400;\">. Aliarse con <\/span><b>empresas tecnol\u00f3gicas<\/b><span style=\"font-weight: 400;\"> y <\/span><b>start\u2011ups<\/b><span style=\"font-weight: 400;\"> permite identificar problemas reales y resolverlos mediante proyectos colaborativos de IA. Involucrar a las empresas en la definici\u00f3n de <\/span><b>escenarios sectoriales<\/b><span style=\"font-weight: 400;\"> fortalece la pertinencia del curr\u00edculo y facilita la FP Dual.<\/span><\/p>\n<p>&nbsp;<\/p>\n<p><b>Acciones prioritarias<\/b><\/p>\n<ul>\n<li style=\"font-weight: 400;\" aria-level=\"1\"><span style=\"font-weight: 400;\">Desaf\u00edos inter\u2013centros con empresas: hackathones de IA orientados a retos sectoriales.<\/span><span style=\"font-weight: 400;\">\n<p><\/span><\/li>\n<li style=\"font-weight: 400;\" aria-level=\"1\"><span style=\"font-weight: 400;\">Webinars mensuales con profesionales sobre impacto de la IA en perfiles emergentes.<\/span><span style=\"font-weight: 400;\">\n<p><\/span><\/li>\n<li style=\"font-weight: 400;\" aria-level=\"1\"><span style=\"font-weight: 400;\">Convenios de cesi\u00f3n de datos (an\u00f3nimos) para pr\u00e1cticas de anal\u00edtica avanzada.<\/span><span style=\"font-weight: 400;\">\n<p><\/span><\/li>\n<\/ul>\n<h2><b>5. Innovaci\u00f3n educativa y evaluaci\u00f3n<\/b><\/h2>\n<p><span style=\"font-weight: 400;\">Para que la innovaci\u00f3n sea sostenible, necesita <\/span><b>evidencia<\/b><span style=\"font-weight: 400;\">. Incorporar la matriz de escenarios en el <\/span><b>Proyecto de Innovaci\u00f3n del Centro<\/b><span style=\"font-weight: 400;\"> y medir anualmente el impacto de la IA con encuestas de satisfacci\u00f3n a alumnado y profesorado son pasos obligados. Asimismo, publicar un <\/span><b>Informe Interno de Evoluci\u00f3n de la IA<\/b><span style=\"font-weight: 400;\"> facilita la rendici\u00f3n de cuentas y la mejora continua.<\/span><\/p>\n<h2><b>6. Inclusi\u00f3n, \u00e9tica y responsabilidad<\/b><\/h2>\n<p><span style=\"font-weight: 400;\">Toda adopci\u00f3n tecnol\u00f3gica debe apoyarse en un <\/span><b>protocolo de uso \u00e9tico<\/b><span style=\"font-weight: 400;\"> que considere la <strong>equidad<\/strong>, la <strong>privacidad<\/strong> y la <strong>diversidad<\/strong>. Incluir sesiones formativas sobre <\/span><b>sesgos algor\u00edtmicos<\/b><span style=\"font-weight: 400;\"> y supervisar el uso de IA en evaluaciones, ayuda a preservar la integridad acad\u00e9mica. La se\u00f1al de calidad en este \u00e1mbito es clara: <\/span><b>sin confianza, no hay innovaci\u00f3n sostenible<\/b><span style=\"font-weight: 400;\">.<\/span><\/p>\n<h2><b>7. Difusi\u00f3n y liderazgo en el ecosistema FP<\/b><\/h2>\n<p><span style=\"font-weight: 400;\">Un centro de FP que aspire a liderar la innovaci\u00f3n debe <\/span><b>compartir conocimiento<\/b><span style=\"font-weight: 400;\">. Publicar casos de \u00e9xito, participar en redes profesionales y organizar jornadas abiertas posiciona a la instituci\u00f3n como referente y retroalimenta su propia capacidad de aprendizaje.<\/span><\/p>\n<p><b>Ejemplos de impacto<\/b><\/p>\n<ul>\n<li style=\"font-weight: 400;\" aria-level=\"1\"><span style=\"font-weight: 400;\">Serie de posts sobre proyectos IA\u2011FP en el blog corporativo.<\/span><span style=\"font-weight: 400;\">\n<p><\/span><\/li>\n<li style=\"font-weight: 400;\" aria-level=\"1\"><span style=\"font-weight: 400;\">Congreso anual \u201cIA y Escenarios de Futuro en FP\u201d.<\/span><span style=\"font-weight: 400;\">\n<p><\/span><\/li>\n<li style=\"font-weight: 400;\" aria-level=\"1\"><span style=\"font-weight: 400;\">Comunidad de exalumnos centrada en IA aplicada al sector productivo.<\/span><span style=\"font-weight: 400;\">\n<p><\/span><\/li>\n<\/ul>\n<h2><b>Conclusi\u00f3n: prepararse para todos los futuros posibles<\/b><\/h2>\n<p><span style=\"font-weight: 400;\">El Modelo de Escenarios de IA ofrece un <\/span><b>marco integral<\/b><span style=\"font-weight: 400;\"> que alinea la estrategia institucional, la capacitaci\u00f3n docente y la relaci\u00f3n con el entorno productivo. Su implementaci\u00f3n fortalece la resiliencia del centro ante la incertidumbre tecnol\u00f3gica, fomenta una <\/span><b>cultura de innovaci\u00f3n responsable<\/b><span style=\"font-weight: 400;\"> y, sobre todo, mejora la <\/span><b>calidad de los aprendizajes<\/b><span style=\"font-weight: 400;\"> y la <\/span><b>empleabilidad del alumnado<\/b><span style=\"font-weight: 400;\">.<\/span><\/p>\n<p><span style=\"font-weight: 400;\">Adoptar este enfoque no es opcional; es un imperativo para cualquier centro de FP que desee mantenerse relevante en la d\u00e9cada de la inteligencia artificial.<\/span><\/p>\n<p><b>\u00bfPr\u00f3ximo paso?<\/b><span style=\"font-weight: 400;\"> Inicie hoy mismo el Comit\u00e9 de Prospectiva y marque en el calendario la primera revisi\u00f3n de tendencias de IA. El futuro ya est\u00e1 aqu\u00ed; los centros que se anticipan son quienes lo moldean.<\/span><\/p>\n<!-- AddThis Advanced Settings generic via filter on the_content --><!-- AddThis Share Buttons generic via filter on the_content -->","protected":false},"excerpt":{"rendered":"<p>Resumen La inteligencia artificial (IA) est\u00e1 redefiniendo el trabajo t\u00e9cnico y, con ello, la misi\u00f3n de los centros de Formaci\u00f3n\u202fProfesional (FP). Este art\u00edculo describe un Modelo de Escenarios que ayuda a anticipar futuros plausibles y a dise\u00f1ar decisiones basadas en evidencias. Las siete dimensiones analizadas \u2014gobernanza, desarrollo docente, curr\u00edculo, v\u00ednculo empresarial, innovaci\u00f3n, \u00e9tica e identidad [&hellip;]<!-- AddThis Advanced Settings generic via filter on get_the_excerpt --><!-- AddThis Share Buttons generic via filter on get_the_excerpt --><\/p>\n","protected":false},"author":121,"featured_media":0,"comment_status":"closed","ping_status":"closed","sticky":false,"template":"","format":"standard","meta":[],"categories":[131,25],"tags":[48,159,137],"_links":{"self":[{"href":"https:\/\/blogs.diariovasco.com\/innovacion\/wp-json\/wp\/v2\/posts\/581"}],"collection":[{"href":"https:\/\/blogs.diariovasco.com\/innovacion\/wp-json\/wp\/v2\/posts"}],"about":[{"href":"https:\/\/blogs.diariovasco.com\/innovacion\/wp-json\/wp\/v2\/types\/post"}],"author":[{"embeddable":true,"href":"https:\/\/blogs.diariovasco.com\/innovacion\/wp-json\/wp\/v2\/users\/121"}],"replies":[{"embeddable":true,"href":"https:\/\/blogs.diariovasco.com\/innovacion\/wp-json\/wp\/v2\/comments?post=581"}],"version-history":[{"count":2,"href":"https:\/\/blogs.diariovasco.com\/innovacion\/wp-json\/wp\/v2\/posts\/581\/revisions"}],"predecessor-version":[{"id":584,"href":"https:\/\/blogs.diariovasco.com\/innovacion\/wp-json\/wp\/v2\/posts\/581\/revisions\/584"}],"wp:attachment":[{"href":"https:\/\/blogs.diariovasco.com\/innovacion\/wp-json\/wp\/v2\/media?parent=581"}],"wp:term":[{"taxonomy":"category","embeddable":true,"href":"https:\/\/blogs.diariovasco.com\/innovacion\/wp-json\/wp\/v2\/categories?post=581"},{"taxonomy":"post_tag","embeddable":true,"href":"https:\/\/blogs.diariovasco.com\/innovacion\/wp-json\/wp\/v2\/tags?post=581"}],"curies":[{"name":"wp","href":"https:\/\/api.w.org\/{rel}","templated":true}]}}