{"id":595,"date":"2025-07-26T11:19:53","date_gmt":"2025-07-26T09:19:53","guid":{"rendered":"https:\/\/blogs.diariovasco.com\/innovacion\/?p=595"},"modified":"2025-07-26T11:25:58","modified_gmt":"2025-07-26T09:25:58","slug":"fp-del-futuro-anticipar-o-reaccionar","status":"publish","type":"post","link":"https:\/\/blogs.diariovasco.com\/innovacion\/2025\/07\/26\/fp-del-futuro-anticipar-o-reaccionar\/","title":{"rendered":"FP del Futuro: \u00bfAnticipar o Reaccionar?"},"content":{"rendered":"<h2 style=\"text-align: center;\"><img loading=\"lazy\" class=\"alignnone size-large wp-image-597\" src=\"https:\/\/static-blogs.diariovasco.com\/wp-content\/uploads\/sites\/89\/2025\/07\/Foto-Post-AVTD-628x628.jpg\" alt=\"\" width=\"628\" height=\"628\" srcset=\"https:\/\/static-blogs.diariovasco.com\/wp-content\/uploads\/sites\/89\/2025\/07\/Foto-Post-AVTD-628x628.jpg 628w, https:\/\/static-blogs.diariovasco.com\/wp-content\/uploads\/sites\/89\/2025\/07\/Foto-Post-AVTD-300x300.jpg 300w, https:\/\/static-blogs.diariovasco.com\/wp-content\/uploads\/sites\/89\/2025\/07\/Foto-Post-AVTD-150x150.jpg 150w, https:\/\/static-blogs.diariovasco.com\/wp-content\/uploads\/sites\/89\/2025\/07\/Foto-Post-AVTD-768x768.jpg 768w, https:\/\/static-blogs.diariovasco.com\/wp-content\/uploads\/sites\/89\/2025\/07\/Foto-Post-AVTD.jpg 1024w\" sizes=\"(max-width: 628px) 100vw, 628px\" \/><\/h2>\n<h2><b>La Vigilancia Tecnol\u00f3gica Tradicional: \u00bfYa no es suficiente?<\/b><\/h2>\n<p><span style=\"font-weight: 400;\">En un mundo donde la tecnolog\u00eda redefine profesiones cada d\u00eda y el mercado laboral es un torbellino constante, la Formaci\u00f3n Profesional (FP) se enfrenta a su mayor desaf\u00edo. Como directivo de Centro, profesor innovador o profesional de empresa, sabes que la clave no es s\u00f3lo adaptarse, \u00a1es anticiparse! Y aqu\u00ed es donde la Vigilancia Tecnol\u00f3gica, nuestra aliada tradicional, empieza a quedarse corta.<\/span><\/p>\n<p><span style=\"font-weight: 400;\">Pero, \u00bfy si te dijera algo inc\u00f3modo? <\/span><b>\u00bfEs la vigilancia tecnol\u00f3gica que conocemos hoy suficiente para los retos que tenemos por delante?<\/b><span style=\"font-weight: 400;\"> Mi respuesta, cada vez m\u00e1s clara, es un rotundo <\/span><b>NO<\/b><span style=\"font-weight: 400;\">. Y d\u00e9jame explicarte por qu\u00e9.<\/span><\/p>\n<p><span style=\"font-weight: 400;\">Hasta ahora, muchos Centros de FP han usado enfoques de vigilancia que, aunque \u00fatiles en su momento, hoy se quedan cortos. Hablamos de una vigilancia que se centra en:<\/span><\/p>\n<ul>\n<li style=\"font-weight: 400;\" aria-level=\"1\"><b>Lo obvio y lo lineal:<\/b><span style=\"font-weight: 400;\"> Nos fijamos en las tendencias que ya est\u00e1n consolidadas, en las nuevas versiones de software o maquinaria que la competencia ya usa, o en las adaptaciones a normativas que son obligatorias. Identificamos las &#8220;pr\u00f3ximas mejoras&#8221; en lugar de los &#8220;pr\u00f3ximos grandes saltos&#8221;. Es como mirar por el retrovisor cuando lo que necesitamos es una vista panor\u00e1mica del camino.<\/span><\/li>\n<li style=\"font-weight: 400;\" aria-level=\"1\"><b>Fuentes de informaci\u00f3n restringidas:<\/b><span style=\"font-weight: 400;\"> La informaci\u00f3n se saca solo de informes de mercado t\u00edpicos, bases de datos de patentes ya conocidas o webs de competidores directos. Esto nos da una visi\u00f3n parcial, filtrada y a menudo desactualizada de un futuro que se est\u00e1 gestando en los m\u00e1rgenes, en peque\u00f1os nichos, en conversaciones informales y en proyectos que apenas empiezan.<\/span><\/li>\n<li style=\"font-weight: 400;\" aria-level=\"1\"><b>Un enfoque reactivo, no proactivo:<\/b><span style=\"font-weight: 400;\"> Esta vigilancia tradicional nos lleva a reaccionar, a &#8220;ponernos al d\u00eda&#8221; una vez que la tendencia ya es <\/span><i><span style=\"font-weight: 400;\">mainstream<\/span><\/i><span style=\"font-weight: 400;\">. El problema es que, cuando llegamos, el tren de la oportunidad ya ha pasado, o estamos en un vag\u00f3n lleno donde es dif\u00edcil destacar. Las empresas, nuestros aliados naturales, necesitan talento preparado para el futuro, no para el presente que pronto ser\u00e1 pasado.<\/span><\/li>\n<li style=\"font-weight: 400;\" aria-level=\"1\"><b>Ignorando las &#8220;se\u00f1ales d\u00e9biles&#8221;:<\/b><span style=\"font-weight: 400;\"> Las verdaderas disrupciones rara vez nacen en el centro del mercado o como mejoras espectaculares. Suelen empezar en nichos poco atendidos o con propuestas &#8220;suficientes&#8221; pero m\u00e1s sencillas y accesibles, que luego mejoran muy r\u00e1pido. La vigilancia tradicional, al buscar lo ya establecido, ignora estas se\u00f1ales, esos peque\u00f1os &#8220;susurros&#8221; que anuncian la tormenta que cambiar\u00e1 todo el panorama.<\/span><\/li>\n<\/ul>\n<h2><b>La Consecuencia: quedarse obsoleto r\u00e1pido y perder oportunidades<\/b><\/h2>\n<p><span style=\"font-weight: 400;\">Mantenerse anclado en este enfoque tradicional no es una opci\u00f3n; es una sentencia. Nos condena a una <\/span><b>obsolescencia acelerada<\/b><span style=\"font-weight: 400;\"> de nuestros programas de formaci\u00f3n y, lo que es m\u00e1s grave, a <\/span><b>perder oportunidades estrat\u00e9gicas<\/b><span style=\"font-weight: 400;\"> para nuestros Centros y para las empresas que conf\u00edan en nosotros. Cada d\u00eda que pasa sin una vigilancia disruptiva, tus competidores avanzan, y t\u00fa te arriesgas a formar para el ayer, no para el ma\u00f1ana.<\/span><\/p>\n<p><span style=\"font-weight: 400;\">El mercado laboral avanza a una velocidad de v\u00e9rtigo, pidiendo nuevas habilidades y perfiles profesionales que hace unos a\u00f1os ni exist\u00edan. Si la FP no se anticipa y se adapta a estas demandas, corre el riesgo de perder su relevancia.<\/span><\/p>\n<h2><b>Es hora de un cambio radical: La Vigilancia Tecnol\u00f3gica Disruptiva (VTD)<\/b><\/h2>\n<p><span style=\"font-weight: 400;\">La buena noticia es que hay un nuevo camino, una nueva capacidad estrat\u00e9gica que nos permite ver m\u00e1s all\u00e1 del horizonte inmediato: la <\/span><b>Vigilancia Tecnol\u00f3gica Disruptiva<\/b><span style=\"font-weight: 400;\">. Es una forma de abordar las cosas de manera proactiva y sofisticada que, apoy\u00e1ndose en el poder de la Inteligencia Artificial, nos permite no solo ver el futuro, sino <\/span><b>participar activamente en su construcci\u00f3n<\/b><span style=\"font-weight: 400;\">.<\/span><\/p>\n<h2><b>Te presentamos el Agente de Vigilancia Tecnol\u00f3gica Disruptiva (AVTD): Tu &#8220;br\u00fajula inteligente&#8221; para el ma\u00f1ana<\/b><\/h2>\n<p><span style=\"font-weight: 400;\">Imagina una herramienta que trabaja sin descanso, escaneando el inmenso universo de informaci\u00f3n global para detectar no solo lo que es popular hoy, sino lo que ser\u00e1 fundamental ma\u00f1ana. Eso es, en esencia, nuestro <\/span><b>Agente de Vigilancia Tecnol\u00f3gica Disruptiva (AVTD)<\/b><span style=\"font-weight: 400;\">. Es un sistema inteligente, impulsado por Inteligencia Artificial, dise\u00f1ado para:<\/span><\/p>\n<ul>\n<li style=\"font-weight: 400;\" aria-level=\"1\"><b>Ver lo invisible:<\/b><span style=\"font-weight: 400;\"> El AVTD no se limita a las fuentes de siempre. Se sumerge en redes sociales, foros especializados, blogs de <\/span><i><span style=\"font-weight: 400;\">startups<\/span><\/i><span style=\"font-weight: 400;\"> y comunidades de c\u00f3digo abierto, donde nacen las ideas m\u00e1s revolucionarias y se gestan las &#8220;se\u00f1ales d\u00e9biles&#8221; de disrupci\u00f3n.<\/span><\/li>\n<li style=\"font-weight: 400;\" aria-level=\"1\"><b>Conectar los puntos:<\/b><span style=\"font-weight: 400;\"> Usando algoritmos avanzados de IA, el AVTD no solo recopila datos, sino que encuentra patrones y establece conexiones inesperadas entre diferentes sectores y tecnolog\u00edas. Puede predecir c\u00f3mo una tendencia en biotecnolog\u00eda podr\u00eda generar nuevas demandas de habilidades en manufactura, o c\u00f3mo una innovaci\u00f3n en IA puede revolucionar la forma de ense\u00f1ar.<\/span><\/li>\n<li style=\"font-weight: 400;\" aria-level=\"1\"><b>Anticipar el impacto:<\/b><span style=\"font-weight: 400;\"> Va m\u00e1s all\u00e1 de simplemente detectar. Eval\u00faa el potencial real de una tecnolog\u00eda o modelo para ser disruptivo, es decir, su capacidad de crear un nuevo mercado o de hacer obsoleto el actual. Esto es crucial para Centros de FP que quieren ofrecer programas verdaderamente pioneros.<\/span><\/li>\n<\/ul>\n<h2><b>\u00bfC\u00f3mo funciona tu aliado inteligente? Un vistazo a su d\u00eda a d\u00eda<\/b><\/h2>\n<p><span style=\"font-weight: 400;\">El AVTD opera como un &#8220;cerebro&#8221; en la nube, con cuatro componentes principales que trabajan en perfecta sinton\u00eda:<\/span><\/p>\n<ol>\n<li style=\"font-weight: 400;\" aria-level=\"1\"><b>Percepci\u00f3n constante:<\/b><span style=\"font-weight: 400;\"> Es el &#8220;o\u00eddo y ojo&#8221; del agente. Recopila informaci\u00f3n de miles de fuentes estructuradas (bases de datos de patentes, publicaciones cient\u00edficas, informes de mercado) y no estructuradas (redes sociales, blogs, foros, noticias de <\/span><i><span style=\"font-weight: 400;\">startups<\/span><\/i><span style=\"font-weight: 400;\">, transcripciones de conferencias) en tiempo real. Utiliza el <\/span><b>Procesamiento de Lenguaje Natural (NLP)<\/b><span style=\"font-weight: 400;\"> para entender y extraer el significado de textos y audios.<\/span><\/li>\n<li style=\"font-weight: 400;\" aria-level=\"1\"><b>Razonamiento inteligente:<\/b><span style=\"font-weight: 400;\"> Aqu\u00ed es donde la IA entra en acci\u00f3n. El agente analiza la informaci\u00f3n, detecta patrones y anomal\u00edas, y eval\u00faa el potencial disruptivo usando criterios espec\u00edficos. Es capaz de modelar escenarios futuros y priorizar las oportunidades m\u00e1s importantes para tu Centro, considerando tu estrategia y recursos.<\/span><\/li>\n<li style=\"font-weight: 400;\" aria-level=\"1\"><b>Acci\u00f3n y comunicaci\u00f3n efectiva:<\/b><span style=\"font-weight: 400;\"> Los descubrimientos no se quedan guardados. El AVTD genera <\/span><b>alertas tempranas<\/b><span style=\"font-weight: 400;\"> e <\/span><b>informes ejecutivos personalizados<\/b><span style=\"font-weight: 400;\">, que incluyen an\u00e1lisis de tendencias, posibles impactos y recomendaciones claras. Adem\u00e1s, puede sugerir nuevas formaciones o proyectos, e integrarse con los sistemas de gesti\u00f3n del Centro para facilitar la toma de decisiones.<\/span><\/li>\n<li style=\"font-weight: 400;\" aria-level=\"1\"><b>Aprendizaje y mejora continua:<\/b><span style=\"font-weight: 400;\"> Cada interacci\u00f3n y cada resultado (positivo o negativo) de una acci\u00f3n que se toma, alimenta al agente. Aprende de sus aciertos y errores, mejorando constantemente su capacidad de predicci\u00f3n y su relevancia. Esto asegura que tu AVTD sea cada vez m\u00e1s preciso y valioso.<\/span><\/li>\n<\/ol>\n<h2><b>Beneficios concretos: Una FP Completa, Integrada y con Visi\u00f3n de Futuro<\/b><\/h2>\n<p><span style=\"font-weight: 400;\">Adoptar un AVTD no es solo una mejora tecnol\u00f3gica; es una <\/span><b>transformaci\u00f3n estrat\u00e9gica<\/b><span style=\"font-weight: 400;\"> que aporta valor en muchas \u00e1reas para tu Centro de FP y tus empresas colaboradoras:<\/span><\/p>\n<ul>\n<li style=\"font-weight: 400;\" aria-level=\"1\"><b>Anticipaci\u00f3n estrat\u00e9gica:<\/b><span style=\"font-weight: 400;\"> No solo reaccionas, sino que <\/span><b>lideras la adaptaci\u00f3n<\/b><span style=\"font-weight: 400;\">. Estar\u00e1s al tanto de las necesidades del mercado laboral <\/span><b>antes<\/b><span style=\"font-weight: 400;\"> de que se masifiquen, asegurando que tus programas preparen a los profesionales para los trabajos del ma\u00f1ana.<\/span><\/li>\n<li style=\"font-weight: 400;\" aria-level=\"1\"><b>Diferenciaci\u00f3n competitiva:<\/b><span style=\"font-weight: 400;\"> Al ser pionero en detectar y adaptarte a la disrupci\u00f3n, tu Centro ofrecer\u00e1 una propuesta de valor \u00fanica, atrayendo a estudiantes y empresas que buscan formaci\u00f3n de vanguardia.<\/span><\/li>\n<li style=\"font-weight: 400;\" aria-level=\"1\"><b>Optimizaci\u00f3n de recursos:<\/b><span style=\"font-weight: 400;\"> Las decisiones de inversi\u00f3n en curr\u00edculos, equipos y alianzas se basar\u00e1n en datos del futuro, <\/span><b>reduciendo el riesgo<\/b><span style=\"font-weight: 400;\"> de invertir en habilidades o tecnolog\u00edas que pronto quedar\u00e1n obsoletas.<\/span><\/li>\n<li style=\"font-weight: 400;\" aria-level=\"1\"><b>Alineamiento curricular consistente:<\/b><span style=\"font-weight: 400;\"> Imagina poder lanzar un nuevo m\u00f3dulo sobre &#8216;Mantenimiento de Rob\u00f3tica Colaborativa&#8217; justo cuando las empresas de tu regi\u00f3n empiezan a demandarlo, o integrar la &#8216;Ciberseguridad en IoT Industrial&#8217; antes de que sea una necesidad masiva. El AVTD asegura que tus programas no solo cubran las necesidades actuales, sino que preparen a los estudiantes para las profesiones emergentes.<\/span><\/li>\n<li style=\"font-weight: 400;\" aria-level=\"1\"><b>Fomento de una cultura de innovaci\u00f3n proactiva:<\/b><span style=\"font-weight: 400;\"> El AVTD act\u00faa como un motor de cambio, estimulando la curiosidad, la experimentaci\u00f3n y la colaboraci\u00f3n entre diferentes disciplinas dentro de tu Centro, rompiendo barreras y promoviendo el pensamiento anticipatorio.<\/span><\/li>\n<li style=\"font-weight: 400;\" aria-level=\"1\"><b>Conexi\u00f3n reforzada con el ecosistema empresarial:<\/b><span style=\"font-weight: 400;\"> Facilita la identificaci\u00f3n de nuevas oportunidades de colaboraci\u00f3n con empresas, <\/span><i><span style=\"font-weight: 400;\">startups<\/span><\/i><span style=\"font-weight: 400;\"> y centros de investigaci\u00f3n. Tu Centro se transforma en un <\/span><b>verdadero socio de innovaci\u00f3n<\/b><span style=\"font-weight: 400;\">, donde estudiantes, profesorado y empresas co-crean el futuro del talento.<\/span><\/li>\n<li style=\"font-weight: 400;\" aria-level=\"1\"><b>Gesti\u00f3n avanzada y visi\u00f3n 360\u00ba:<\/b><span style=\"font-weight: 400;\"> La informaci\u00f3n generada por el AVTD se convierte en un pilar central para la <\/span><b>planificaci\u00f3n estrat\u00e9gica<\/b><span style=\"font-weight: 400;\">, el <\/span><b>dise\u00f1o curricular<\/b><span style=\"font-weight: 400;\">, la <\/span><b>gesti\u00f3n de proyectos<\/b><span style=\"font-weight: 400;\"> y la <\/span><b>gesti\u00f3n del talento<\/b><span style=\"font-weight: 400;\">, asegurando que la innovaci\u00f3n no sea un departamento aislado, sino una capacidad transversal integrada en el ADN de tu organizaci\u00f3n.<\/span><\/li>\n<\/ul>\n<h2><b>El camino hacia la Innovaci\u00f3n Disruptiva: Retos y Oportunidades<\/b><\/h2>\n<p><span style=\"font-weight: 400;\">Implementar un AVTD no es tarea f\u00e1cil y tiene sus desaf\u00edos, como la necesidad de talento especializado en IA, la gesti\u00f3n de grandes vol\u00famenes de datos y la adaptaci\u00f3n cultural. Sin embargo, los beneficios a largo plazo superan con creces estos obst\u00e1culos. Con una estrategia clara, una inversi\u00f3n inteligente en tecnolog\u00eda y talento, y una cultura abierta a la experimentaci\u00f3n, tu Centro puede liderar esta transformaci\u00f3n.<\/span><\/p>\n<h2><b>En resumen: La FP del Futuro, Hoy<\/b><\/h2>\n<p><span style=\"font-weight: 400;\">La era de la vigilancia tecnol\u00f3gica reactiva ha terminado. Para que los Centros de FP sean verdaderos referentes y agentes de cambio, es imprescindible adoptar un enfoque de Vigilancia Tecnol\u00f3gica Disruptiva. Un Agente de Vigilancia Tecnol\u00f3gica Disruptiva es la herramienta que te permitir\u00e1 mirar hacia el futuro, anticipar las necesidades del mercado y formar a los profesionales que construir\u00e1n la sociedad del ma\u00f1ana. No es solo una mejora; es una redefinici\u00f3n de c\u00f3mo la FP innova y crea valor.<\/span><\/p>\n<h2><b>El momento es ahora: \u00bfEst\u00e1s listo para la FP del Futuro?<\/b><\/h2>\n<ul>\n<li style=\"font-weight: 400;\" aria-level=\"1\"><span style=\"font-weight: 400;\">\u00bfVas a esperar a que las tendencias te alcancen, o vas a tomar la delantera y moldear el futuro del talento en tu Centro?<\/span><\/li>\n<li style=\"font-weight: 400;\" aria-level=\"1\"><span style=\"font-weight: 400;\">\u00bfQu\u00e9 pasos concretos dar\u00e1s para que tu equipo y tus socios empresariales conviertan los &#8216;susurros&#8217; del AVTD en programas formativos que marquen la diferencia en el mercado laboral?<\/span><\/li>\n<li style=\"font-weight: 400;\" aria-level=\"1\"><span style=\"font-weight: 400;\">El coste de la inacci\u00f3n es incalculable. \u00bfEst\u00e1s preparado para asumir el riesgo de que tu Centro se quede atr\u00e1s en la carrera por el talento del ma\u00f1ana?<\/span><\/li>\n<\/ul>\n<p><strong>Nota<\/strong>: puedes ver un resumen gr\u00e1fico de las ideas de este post en el siguiente enlace <a href=\"https:\/\/g.co\/gemini\/share\/c6b77c7d425a\">AVTD<\/a><\/p>\n<p>&nbsp;<\/p>\n<!-- AddThis Advanced Settings generic via filter on the_content --><!-- AddThis Share Buttons generic via filter on the_content -->","protected":false},"excerpt":{"rendered":"<p>La Vigilancia Tecnol\u00f3gica Tradicional: \u00bfYa no es suficiente? En un mundo donde la tecnolog\u00eda redefine profesiones cada d\u00eda y el mercado laboral es un torbellino constante, la Formaci\u00f3n Profesional (FP) se enfrenta a su mayor desaf\u00edo. Como directivo de Centro, profesor innovador o profesional de empresa, sabes que la clave no es s\u00f3lo adaptarse, \u00a1es [&hellip;]<!-- AddThis Advanced Settings generic via filter on get_the_excerpt --><!-- AddThis Share Buttons generic via filter on get_the_excerpt --><\/p>\n","protected":false},"author":121,"featured_media":0,"comment_status":"closed","ping_status":"closed","sticky":false,"template":"","format":"standard","meta":[],"categories":[104,128,160],"tags":[105,52,34],"_links":{"self":[{"href":"https:\/\/blogs.diariovasco.com\/innovacion\/wp-json\/wp\/v2\/posts\/595"}],"collection":[{"href":"https:\/\/blogs.diariovasco.com\/innovacion\/wp-json\/wp\/v2\/posts"}],"about":[{"href":"https:\/\/blogs.diariovasco.com\/innovacion\/wp-json\/wp\/v2\/types\/post"}],"author":[{"embeddable":true,"href":"https:\/\/blogs.diariovasco.com\/innovacion\/wp-json\/wp\/v2\/users\/121"}],"replies":[{"embeddable":true,"href":"https:\/\/blogs.diariovasco.com\/innovacion\/wp-json\/wp\/v2\/comments?post=595"}],"version-history":[{"count":3,"href":"https:\/\/blogs.diariovasco.com\/innovacion\/wp-json\/wp\/v2\/posts\/595\/revisions"}],"predecessor-version":[{"id":599,"href":"https:\/\/blogs.diariovasco.com\/innovacion\/wp-json\/wp\/v2\/posts\/595\/revisions\/599"}],"wp:attachment":[{"href":"https:\/\/blogs.diariovasco.com\/innovacion\/wp-json\/wp\/v2\/media?parent=595"}],"wp:term":[{"taxonomy":"category","embeddable":true,"href":"https:\/\/blogs.diariovasco.com\/innovacion\/wp-json\/wp\/v2\/categories?post=595"},{"taxonomy":"post_tag","embeddable":true,"href":"https:\/\/blogs.diariovasco.com\/innovacion\/wp-json\/wp\/v2\/tags?post=595"}],"curies":[{"name":"wp","href":"https:\/\/api.w.org\/{rel}","templated":true}]}}