{"id":744,"date":"2026-04-02T14:14:55","date_gmt":"2026-04-02T12:14:55","guid":{"rendered":"https:\/\/blogs.diariovasco.com\/innovacion\/?p=744"},"modified":"2026-04-02T14:14:55","modified_gmt":"2026-04-02T12:14:55","slug":"la-ia-no-es-una-herramienta-es-un-perturbador-sistemico-estan-los-centros-de-fp-preparados-para-la-complejidad","status":"publish","type":"post","link":"https:\/\/blogs.diariovasco.com\/innovacion\/2026\/04\/02\/la-ia-no-es-una-herramienta-es-un-perturbador-sistemico-estan-los-centros-de-fp-preparados-para-la-complejidad\/","title":{"rendered":"La IA no es una herramienta, es un perturbador sist\u00e9mico: \u00bfEst\u00e1n los centros de FP preparados para la complejidad?"},"content":{"rendered":"<p style=\"text-align: center;\"><img loading=\"lazy\" class=\"alignnone size-large wp-image-748\" src=\"https:\/\/static-blogs.diariovasco.com\/wp-content\/uploads\/sites\/89\/2026\/04\/Foto_Post-628x343.jpg\" alt=\"\" width=\"628\" height=\"343\" srcset=\"https:\/\/static-blogs.diariovasco.com\/wp-content\/uploads\/sites\/89\/2026\/04\/Foto_Post-628x343.jpg 628w, https:\/\/static-blogs.diariovasco.com\/wp-content\/uploads\/sites\/89\/2026\/04\/Foto_Post-300x164.jpg 300w, https:\/\/static-blogs.diariovasco.com\/wp-content\/uploads\/sites\/89\/2026\/04\/Foto_Post-768x419.jpg 768w, https:\/\/static-blogs.diariovasco.com\/wp-content\/uploads\/sites\/89\/2026\/04\/Foto_Post-1536x838.jpg 1536w, https:\/\/static-blogs.diariovasco.com\/wp-content\/uploads\/sites\/89\/2026\/04\/Foto_Post-2048x1117.jpg 2048w\" sizes=\"(max-width: 628px) 100vw, 628px\" \/><\/p>\n<p style=\"text-align: center;\"><strong><span style=\"color: #993366;\"><em>La discusi\u00f3n sobre prohibir o permitir la IA en las aulas de FP es s\u00edntoma de un problema mal planteado. Descubre por qu\u00e9 la IA es un &#8220;perturbador sist\u00e9mico&#8221; y c\u00f3mo el Marco Cynefin y la Gesti\u00f3n de la Complejidad pueden ayudar a los centros educativos a navegar este cambio sin precedentes.<\/em><\/span><\/strong><\/p>\n<h2>El inicio: Un incendio que no se apaga con vasos de agua<\/h2>\n<p>Si hoy, en tu equipo directivo o departamento, la discusi\u00f3n central es si se debe &#8220;permitir o prohibir&#8221; el uso de la IA en los ex\u00e1menes, tenemos una mala noticia: <strong>est\u00e1is intentando apagar un incendio forestal con un vaso de agua.<\/strong><\/p>\n<p>El error de base es creer que la IA ha llegado a las aulas como una tecnolog\u00eda m\u00e1s. La realidad es mucho m\u00e1s profunda: la IA ha impactado en el sistema completo en el que operan los centros de FP, alterando para siempre la relaci\u00f3n entre formaci\u00f3n, evaluaci\u00f3n y empleo. Cuando nos obsesionamos con el &#8220;fraude&#8221; o la &#8220;herramienta&#8221;, estamos ignorando el meteorito que acaba de golpear nuestra l\u00ednea de flotaci\u00f3n institucional.<\/p>\n<blockquote><p><strong>Idea clave:<\/strong> La IA no es una actualizaci\u00f3n de software para el curr\u00edculo; es un <strong>perturbador sist\u00e9mico<\/strong> que nos obliga a elegir: o seguimos gestionando inercias, o aprendemos a liderar la complejidad.<\/p><\/blockquote>\n<h2>1. El error de diagn\u00f3stico: Problemas vs. Tensiones<\/h2>\n<p>La gesti\u00f3n institucional tradicional suele ignorar una verdad inc\u00f3moda de la Teor\u00eda de la Complejidad: <strong>los sistemas complejos no tienen problemas, tienen tensiones.<\/strong><\/p>\n<p>Las tensiones no se &#8220;solucionan&#8221;, se gestionan de forma continua. El reto real es que la tecnolog\u00eda ha revelado que la arquitectura pedag\u00f3gica actual estaba dise\u00f1ada para un mundo que ya no existe.<\/p>\n<ul>\n<li><strong>Ejemplo real en FP:<\/strong> En un ciclo de <em>Administraci\u00f3n y Finanzas<\/em>, la tensi\u00f3n no es decidir si usan IA para hacer asientos contables. El reto es c\u00f3mo equilibrar el aprendizaje de la base normativa con la realidad de un mercado donde la automatizaci\u00f3n ya realiza el 90% del trabajo transaccional.<\/li>\n<\/ul>\n<p>Estamos ante un <em><strong>wicked problem<\/strong><\/em> (un problema perverso): aquel que no tiene soluci\u00f3n definitiva y donde cada intento de abordaje parcial genera nuevas tensiones en otros puntos del sistema.<\/p>\n<h2>2. El Marco Cynefin: \u00bfGestionas lo complejo como si fuera &#8220;complicado&#8221;?<\/h2>\n<p>El marco de Dave Snowden explica por qu\u00e9 muchas estrategias fallan. Muchos centros intentan gestionar un <strong>entorno complejo<\/strong> (donde las soluciones son emergentes) con herramientas propias de un <strong>entorno complicado<\/strong> (donde se busca una receta fija).<\/p>\n<ul>\n<li><strong>El error de lo &#8220;complicado&#8221;:<\/strong> Creer que el reto se resuelve con un &#8220;Plan de Digitalizaci\u00f3n de 80 p\u00e1ginas&#8221; que dicta r\u00edgidamente qu\u00e9 prompts debe usar un alumno.<\/li>\n<li><strong>La realidad de lo &#8220;complejo&#8221;:<\/strong> Observar c\u00f3mo un grupo de alumnos de <em>Mantenimiento Electr\u00f3nico<\/em> usa la IA para diagnosticar una aver\u00eda que no figura en los manuales y, a partir de ah\u00ed, extraer un nuevo est\u00e1ndar para el centro.<\/li>\n<\/ul>\n<p><strong>La clave para 2026:<\/strong> Experimentar con seguridad, detectar patrones y responder con agilidad.<\/p>\n<h2>3. Tres verdades que el liderazgo debe afrontar<\/h2>\n<p>Para pasar del mapa a la acci\u00f3n, las instituciones deben mirar de frente tres realidades:<\/p>\n<ol>\n<li><strong>El Shadow AI es un fallo de gobernanza:<\/strong> En ciclos como <em>DAW<\/em>, el uso de asistentes de c\u00f3digo es masivo y oculto. Si el centro lo ignora, pierde la capacidad de ense\u00f1ar \u00e9tica y seguridad. El uso invisible es responsabilidad de la gobernanza, no de la disciplina.<\/li>\n<li><strong>Se eval\u00faa lo que ya no importa:<\/strong> En <em>Proyectos de Edificaci\u00f3n<\/em>, evaluar la pulcritud de una memoria t\u00e9cnica escrita por IA pierde sentido. Lo que importa hoy es la capacidad del alumno para defender sus decisiones t\u00e9cnicas. <strong>Eval\u00faa el criterio, no el producto.<\/strong><\/li>\n<li><strong>La negaci\u00f3n es abandono:<\/strong> Un t\u00e9cnico de <em>Sanidad (TCAE)<\/em> que llega al hospital sin entender sistemas de triaje asistidos por IA est\u00e1 en desventaja competitiva. No se les est\u00e1 protegiendo; se les est\u00e1 dejando solos.<\/li>\n<\/ol>\n<h2>4. Del consenso a los MVPs Pedag\u00f3gicos<\/h2>\n<p>Las organizaciones que aprenden optan por lanzar <strong>Experimentos M\u00ednimos Viables (MVPs)<\/strong>:<\/p>\n<ul>\n<li><strong>El m\u00e9todo:<\/strong> Dise\u00f1ar un experimento de 30 d\u00edas en un m\u00f3dulo concreto.<\/li>\n<li><strong>El objetivo:<\/strong> Medir qu\u00e9 sucede con la capacidad cr\u00edtica y los resultados de aprendizaje.<\/li>\n<li><strong>El escalado:<\/strong> Escalar lo que funciona y, vitalmente, <strong>descartar lo que no<\/strong>.<\/li>\n<\/ul>\n<p>Esperar a que la administraci\u00f3n legisle o a que el claustro alcance un consenso total es, a menudo, una forma sofisticada de inacci\u00f3n.<\/p>\n<h2>5. El relato: La palanca del cambio<\/h2>\n<p>Como sostiene Richard Rumelt, una estrategia coherente necesita un relato. La IA no viene a sustituir el pensamiento, viene a revelar qu\u00e9 tipo de pensamiento es realmente valioso hoy.<\/p>\n<p>Construir esa narrativa \u2014que <strong>&#8220;somos una instituci\u00f3n que aprende y evoluciona&#8221;<\/strong>\u2014 es la \u00fanica palanca capaz de mover estructuras institucionales pesadas y vencer la resistencia al cambio.<\/p>\n<h2>Conclusi\u00f3n: Un liderazgo para la altura de los tiempos<\/h2>\n<p>La irrupci\u00f3n de la IA en la FP es la oportunidad de devolverle al sistema educativo su sentido m\u00e1s profundo: <strong>preparar a las personas para lo imprevisible.<\/strong><\/p>\n<p>Liderar hoy no es tener todas las respuestas, sino ser capaz de habilitar los espacios para encontrarlas. Los centros que marcar\u00e1n la diferencia son aquellos que ya han aceptado que la incertidumbre es su nueva aliada.<\/p>\n<p style=\"text-align: center;\"><span style=\"color: #333399;\"><em><strong>\u00bfTu instituci\u00f3n est\u00e1 gestionando la IA como un problema t\u00e9cnico o ha decidido abrazar el desaf\u00edo sist\u00e9mico que define nuestra era?<\/strong><\/em><\/span><\/p>\n<!-- AddThis Advanced Settings generic via filter on the_content --><!-- AddThis Share Buttons generic via filter on the_content -->","protected":false},"excerpt":{"rendered":"<p>La discusi\u00f3n sobre prohibir o permitir la IA en las aulas de FP es s\u00edntoma de un problema mal planteado. Descubre por qu\u00e9 la IA es un &#8220;perturbador sist\u00e9mico&#8221; y c\u00f3mo el Marco Cynefin y la Gesti\u00f3n de la Complejidad pueden ayudar a los centros educativos a navegar este cambio sin precedentes. El inicio: Un [&hellip;]<!-- AddThis Advanced Settings generic via filter on get_the_excerpt --><!-- AddThis Share Buttons generic via filter on get_the_excerpt --><\/p>\n","protected":false},"author":121,"featured_media":0,"comment_status":"closed","ping_status":"closed","sticky":false,"template":"","format":"standard","meta":[],"categories":[186,185,25,55],"tags":[],"_links":{"self":[{"href":"https:\/\/blogs.diariovasco.com\/innovacion\/wp-json\/wp\/v2\/posts\/744"}],"collection":[{"href":"https:\/\/blogs.diariovasco.com\/innovacion\/wp-json\/wp\/v2\/posts"}],"about":[{"href":"https:\/\/blogs.diariovasco.com\/innovacion\/wp-json\/wp\/v2\/types\/post"}],"author":[{"embeddable":true,"href":"https:\/\/blogs.diariovasco.com\/innovacion\/wp-json\/wp\/v2\/users\/121"}],"replies":[{"embeddable":true,"href":"https:\/\/blogs.diariovasco.com\/innovacion\/wp-json\/wp\/v2\/comments?post=744"}],"version-history":[{"count":3,"href":"https:\/\/blogs.diariovasco.com\/innovacion\/wp-json\/wp\/v2\/posts\/744\/revisions"}],"predecessor-version":[{"id":749,"href":"https:\/\/blogs.diariovasco.com\/innovacion\/wp-json\/wp\/v2\/posts\/744\/revisions\/749"}],"wp:attachment":[{"href":"https:\/\/blogs.diariovasco.com\/innovacion\/wp-json\/wp\/v2\/media?parent=744"}],"wp:term":[{"taxonomy":"category","embeddable":true,"href":"https:\/\/blogs.diariovasco.com\/innovacion\/wp-json\/wp\/v2\/categories?post=744"},{"taxonomy":"post_tag","embeddable":true,"href":"https:\/\/blogs.diariovasco.com\/innovacion\/wp-json\/wp\/v2\/tags?post=744"}],"curies":[{"name":"wp","href":"https:\/\/api.w.org\/{rel}","templated":true}]}}