{"id":758,"date":"2026-05-01T13:12:52","date_gmt":"2026-05-01T11:12:52","guid":{"rendered":"https:\/\/blogs.diariovasco.com\/innovacion\/?p=758"},"modified":"2026-05-01T14:17:22","modified_gmt":"2026-05-01T12:17:22","slug":"re-pensar-la-evaluacion-en-los-centros-de-fp-la-ia-generativa-no-nos-deja-otra-opcion","status":"publish","type":"post","link":"https:\/\/blogs.diariovasco.com\/innovacion\/2026\/05\/01\/re-pensar-la-evaluacion-en-los-centros-de-fp-la-ia-generativa-no-nos-deja-otra-opcion\/","title":{"rendered":"Re-pensar la evaluaci\u00f3n en los Centros de FP: la IA generativa no nos deja otra opci\u00f3n"},"content":{"rendered":"<!-- ============================================================ INSTRUCCIONES DE USO EN WORDPRESS \u2014 VERSI\u00d3N CORREGIDA ============================================================ IMPORTANTE: usa el m\u00e9todo del EDITOR DE C\u00d3DIGO de Gutenberg, NO el bloque \"HTML personalizado\" (este \u00faltimo puede truncar contenido largo). PASOS: 1. WordPress > Entradas > A\u00f1adir nueva\r\n2. Pega el T\u00cdTULO en el campo correspondiente.\r\n3. En el editor, pulsa los 3 puntos (\u22ee) arriba a la derecha\r\n> selecciona \"Editor de c\u00f3digo\" (o Ctrl+Shift+Alt+M).\r\n4. Pega TODO el contenido entre BEGIN y END.\r\n5. Vuelve a \"Editor visual\" con el mismo atajo.\r\nWordPress convertir\u00e1 el HTML en bloques editables.\r\n\r\nT\u00cdTULO SUGERIDO:\r\nSi tu evaluaci\u00f3n la resuelve ChatGPT en 30 segundos, ya no est\u00e1s evaluando\r\n\r\nEXTRACTO (meta description):\r\nPor qu\u00e9 los Centros de FP que no redise\u00f1en su evaluaci\u00f3n este curso est\u00e1n certificando algo que ya no existe. Tres razones, cuatro ejemplos pr\u00e1cticos y siete movimientos para empezar.\r\n\r\n============================================================ --><!-- ============================================================ BEGIN \u25bc\u25bc\u25bc (copiar desde aqu\u00ed hasta END) ============================================================ -->\r\n\r\n\r\n<p style=\"text-align: center;\"><img loading=\"lazy\" class=\"alignnone size-large wp-image-755\" src=\"https:\/\/static-blogs.diariovasco.com\/wp-content\/uploads\/sites\/89\/2026\/05\/Foto_Hilo2-628x343.jpg\" alt=\"\" width=\"628\" height=\"343\" srcset=\"https:\/\/static-blogs.diariovasco.com\/wp-content\/uploads\/sites\/89\/2026\/05\/Foto_Hilo2-628x343.jpg 628w, https:\/\/static-blogs.diariovasco.com\/wp-content\/uploads\/sites\/89\/2026\/05\/Foto_Hilo2-300x164.jpg 300w, https:\/\/static-blogs.diariovasco.com\/wp-content\/uploads\/sites\/89\/2026\/05\/Foto_Hilo2-768x419.jpg 768w, https:\/\/static-blogs.diariovasco.com\/wp-content\/uploads\/sites\/89\/2026\/05\/Foto_Hilo2.jpg 1408w\" sizes=\"(max-width: 628px) 100vw, 628px\" \/><\/p>\r\n<p style=\"text-align: center;\"><em>Una invitaci\u00f3n argumentada para Equipos Directivos y Docentes de Centros de FP<\/em><\/p>\r\n\r\n\r\n<hr class=\"wp-block-separator has-alpha-channel-opacity\" \/>\r\n\r\n\r\n<h2>Una pregunta inc\u00f3moda<\/h2>\r\n\r\n\r\n\r\n<p>Un alumno de Grado Superior recibe el viernes el enunciado de un trabajo: un informe de auditor\u00eda energ\u00e9tica, un plan de cuidados o una propuesta comercial. El lunes lo entrega impecable. <strong>\u00bfQu\u00e9 hemos evaluado realmente? \u00bfSu competencia profesional, o la calidad del modelo de IA al que tuvo acceso?<\/strong><\/p>\r\n\r\n\r\n\r\n<p>Esta escena, ciencia ficci\u00f3n hace tres a\u00f1os, es hoy la norma silenciosa en la mayor\u00eda de aulas de FP. Y obliga a una decisi\u00f3n que ya no admite aplazamiento.<\/p>\r\n\r\n\r\n<hr class=\"wp-block-separator has-alpha-channel-opacity\" \/>\r\n\r\n\r\n<h2>Por qu\u00e9 actuar ahora no es opcional &#8211; Razones<\/h2>\r\n\r\n\r\n\r\n<h3>1. Pedag\u00f3gica<\/h3>\r\n\r\n\r\n\r\n<p>Si una IA gratuita resuelve en treinta segundos lo que ped\u00edamos como evidencia, la promesa de competencia profesional \u2014que es el n\u00facleo de la FP\u2014 se erosiona. La primera v\u00edctima es la confianza del tejido productivo; la segunda, el propio alumnado.<\/p>\r\n\r\n\r\n\r\n<h3>2. Normativa<\/h3>\r\n\r\n\r\n\r\n<p>El <strong>AI Act (Reglamento UE 2024\/1689)<\/strong> clasifica como sistemas de <strong>alto riesgo<\/strong> los destinados a evaluar resultados de aprendizaje en centros educativos, y proh\u00edbe el reconocimiento de emociones en aulas. El <strong>art\u00edculo 22 del RGPD<\/strong> impide que decisiones con efectos significativos \u2014calificaci\u00f3n, promoci\u00f3n, titulaci\u00f3n\u2014 se basen exclusivamente en tratamiento automatizado. Cumplir exige supervisi\u00f3n humana significativa, trazabilidad y transparencia.<\/p>\r\n\r\n\r\n\r\n<h3>3. Estrat\u00e9gica<\/h3>\r\n\r\n\r\n\r\n<p>Si el centro no regula, el alumnado no deja de usar IA: la usa <strong>fuera del control institucional<\/strong> (<em>Shadow AI<\/em>). Es el peor escenario: p\u00e9rdida de validez evaluativa, filtraci\u00f3n de datos, decisiones sobre salidas no verificadas y ausencia de aprendizaje cr\u00edtico sobre la herramienta.<\/p>\r\n\r\n\r\n<hr class=\"wp-block-separator has-alpha-channel-opacity\" \/>\r\n\r\n\r\n<h2>El cambio de paradigma, en una idea<\/h2>\r\n\r\n\r\n\r\n<p><strong>Dejar de evaluar lo que el alumnado entrega y empezar a evaluar lo que sabe hacer, decidir y justificar.<\/strong><\/p>\r\n\r\n\r\n\r\n<figure class=\"wp-block-table has-fixed-layout is-style-stripes\">\r\n<table style=\"width: 100%; border-collapse: collapse;\">\r\n<thead>\r\n<tr>\r\n<th style=\"width: 50%; padding: 12px; text-align: left; border-bottom: 2px solid #1D1D1B; background-color: #f5f5f5;\">Antes<\/th>\r\n<th style=\"width: 50%; padding: 12px; text-align: left; border-bottom: 2px solid #1D1D1B; background-color: #f5f5f5;\">Ahora<\/th>\r\n<\/tr>\r\n<\/thead>\r\n<tbody>\r\n<tr>\r\n<td style=\"padding: 12px; border-bottom: 1px solid #E0E0E0; vertical-align: top;\">Producto final<\/td>\r\n<td style=\"padding: 12px; border-bottom: 1px solid #E0E0E0; vertical-align: top;\">Proceso, decisiones y defensa<\/td>\r\n<\/tr>\r\n<tr>\r\n<td style=\"padding: 12px; border-bottom: 1px solid #E0E0E0; vertical-align: top;\">Tarea cerrada y descontextualizada<\/td>\r\n<td style=\"padding: 12px; border-bottom: 1px solid #E0E0E0; vertical-align: top;\">Tarea anclada en cliente, taller o territorio<\/td>\r\n<\/tr>\r\n<tr>\r\n<td style=\"padding: 12px; border-bottom: 1px solid #E0E0E0; vertical-align: top;\">Una entrega \u00fanica<\/td>\r\n<td style=\"padding: 12px; border-bottom: 1px solid #E0E0E0; vertical-align: top;\">Evidencias m\u00faltiples y trazables<\/td>\r\n<\/tr>\r\n<tr>\r\n<td style=\"padding: 12px; border-bottom: 1px solid #E0E0E0; vertical-align: top;\">IA como amenaza<\/td>\r\n<td style=\"padding: 12px; border-bottom: 1px solid #E0E0E0; vertical-align: top;\">IA como herramienta declarada y, a veces, evaluable<\/td>\r\n<\/tr>\r\n<tr>\r\n<td style=\"padding: 12px; vertical-align: top;\">Docente calificador<\/td>\r\n<td style=\"padding: 12px; vertical-align: top;\">Docente dise\u00f1ador y garante \u00e9tico<\/td>\r\n<\/tr>\r\n<\/tbody>\r\n<\/table>\r\n<\/figure>\r\n\r\n\r\n\r\n<p>La FP cuenta ya con la infraestructura pedag\u00f3gica para este giro: aprendizaje basado en retos, FP Dual, proyectos inter-modulares y evaluaci\u00f3n competencial. La tarea no es inventar nada nuevo, sino <strong>acelerar lo que ya hacen los centros m\u00e1s innovadores<\/strong>.<\/p>\r\n\r\n\r\n<hr class=\"wp-block-separator has-alpha-channel-opacity\" \/>\r\n\r\n\r\n<h2>El modelo sem\u00e1foro para regular el uso de IA<\/h2>\r\n\r\n\r\n\r\n<ul>\r\n<li><strong>VERDE \u2014 Uso libre y no declarable.<\/strong> Como un buscador o un corrector. Ejemplo: aclarar un concepto antes de una pr\u00e1ctica.<\/li>\r\n<li><strong>\u00c1MBAR \u2014 Uso permitido con declaraci\u00f3n.<\/strong> El alumnado especifica qu\u00e9 herramienta us\u00f3, con qu\u00e9 <em>prompts<\/em>, qu\u00e9 modific\u00f3. Ejemplo: borrador inicial de un plan de marketing.<\/li>\r\n<li><strong>ROJO \u2014 Uso restringido.<\/strong> Donde la IA sustituir\u00eda la competencia evaluada. Ejemplo: prueba presencial de programaci\u00f3n, defensa oral, intervenci\u00f3n simulada.<\/li>\r\n<\/ul>\r\n\r\n\r\n\r\n<p>Convierte una norma vaga (no uses IA) en una regla operativa que se entiende, acepta y cumple.<\/p>\r\n\r\n\r\n<hr class=\"wp-block-separator has-alpha-channel-opacity\" \/>\r\n\r\n\r\n<h2>Cuatro ejemplos pr\u00e1cticos por familia profesional<\/h2>\r\n\r\n\r\n\r\n<h3>Automoci\u00f3n, Electricidad y Mantenimiento<\/h3>\r\n\r\n\r\n\r\n<p>Aver\u00eda real en taller. La IA en nivel \u00e1mbar puede interpretar c\u00f3digos o esquemas, declar\u00e1ndolo. Se eval\u00faa: ejecuci\u00f3n f\u00edsica observada, bit\u00e1cora de decisiones y defensa oral. <em>Lo que la IA no puede hacer: coger un mult\u00edmetro.<\/em><\/p>\r\n\r\n\r\n\r\n<h3>Inform\u00e1tica y Comunicaciones<\/h3>\r\n\r\n\r\n\r\n<p>Asistentes como Copilot o Cursor son <strong>uso verde y se eval\u00faan como competencia profesional<\/strong>. Calificaci\u00f3n sobre arquitectura y decisiones de dise\u00f1o, pruebas de seguridad, detecci\u00f3n de fallos en c\u00f3digo IA con errores deliberados, e historial de versiones (Git).<\/p>\r\n\r\n\r\n\r\n<h3>Sanidad y Servicios Socioculturales<\/h3>\r\n\r\n\r\n\r\n<p>Borrador del plan de cuidados con IA en nivel \u00e1mbar, declarado. Evaluaci\u00f3n nuclear con paciente simulado: comunicaci\u00f3n, empat\u00eda, decisiones \u00e9ticas, ejecuci\u00f3n t\u00e9cnica. Entrevista de contraste de cinco minutos. <em>La dimensi\u00f3n humana del cuidado es irreductible a un modelo de lenguaje.<\/em><\/p>\r\n\r\n\r\n\r\n<h3>Administraci\u00f3n, Comercio y Marketing<\/h3>\r\n\r\n\r\n\r\n<p>La consigna se invierte: el alumno <strong>genera primero la versi\u00f3n con IA<\/strong> en nivel \u00e1mbar y la entrega. Su trabajo evaluable es la <strong>auditor\u00eda cr\u00edtica<\/strong>: errores normativos, datos obsoletos, sesgos, y reescritura con datos locales propios. Convertimos la vulnerabilidad en palanca de aprendizaje.<\/p>\r\n\r\n\r\n<hr class=\"wp-block-separator has-alpha-channel-opacity\" \/>\r\n\r\n\r\n<h2>Siete movimientos para empezar este trimestre<\/h2>\r\n\r\n\r\n\r\n<ol>\r\n<li><strong>Diagnosticar antes de regular.<\/strong> Encuesta an\u00f3nima de diez minutos al alumnado y profesorado sobre el uso real de IA.<\/li>\r\n<li><strong>Crear una Comisi\u00f3n de IA del centro:<\/strong> direcci\u00f3n, jefatura de estudios, dos o tres docentes campeones, DPO y alumnado.<\/li>\r\n<li><strong>Aprobar una pol\u00edtica breve y operativa<\/strong> (4-5 p\u00e1ginas) con el modelo sem\u00e1foro, ejemplos por familia y procedimiento ante uso indebido.<\/li>\r\n<li><strong>Revisar programaciones con cinco preguntas:<\/strong> \u00bflo resuelve una IA est\u00e1ndar?, \u00bfhay evidencias intermedias?, \u00bfhay defensa oral?, \u00bfest\u00e1 anclada en contexto real?, \u00bfel uso de IA est\u00e1 regulado y declarado?<\/li>\r\n<li><strong>Abandonar los detectores de IA como prueba \u00fanica.<\/strong> Tasas elevadas de falsos positivos, sesgo contra hablantes no nativos y perfiles neuro-divergentes. El RGPD proh\u00edbe basar decisiones adversas exclusivamente en herramientas automatizadas. Triangular: borradores, defensa, conocimiento del alumnado.<\/li>\r\n<li><strong>Formar al profesorado en alfabetizaci\u00f3n en IA aplicada,<\/strong> por familia profesional y con tiempo institucional reconocido.<\/li>\r\n<li><strong>Alinear la pol\u00edtica con las empresas tutoras de FP Dual<\/strong> para enriquecer retos y generar evaluaci\u00f3n aut\u00e9ntica anclada en datos reales.<\/li>\r\n<\/ol>\r\n\r\n\r\n<hr class=\"wp-block-separator has-alpha-channel-opacity\" \/>\r\n\r\n\r\n<h2>El docente, m\u00e1s imprescindible que nunca<\/h2>\r\n\r\n\r\n\r\n<p>La IA no degrada el papel del profesorado: <strong>lo eleva<\/strong>. La m\u00e1quina genera variantes de casos, primeros borradores de r\u00fabricas o feedback inicial. Pero la responsabilidad evaluativa, \u00e9tica y jur\u00eddica sobre el aprendizaje sigue siendo <strong>indelegable e irreductiblemente humana<\/strong>. El docente del nuevo paradigma es <strong>dise\u00f1ador de experiencias evaluables, mediador y garante \u00e9tico<\/strong>. Esa autoridad pedag\u00f3gica no la sustituye ning\u00fan modelo.<\/p>\r\n\r\n\r\n<hr class=\"wp-block-separator has-alpha-channel-opacity\" \/>\r\n\r\n\r\n<h2>Cierre<\/h2>\r\n\r\n\r\n\r\n<blockquote class=\"wp-block-quote\">\r\n<p class=\"font-claude-response-body break-words whitespace-normal leading-[1.7]\">La evaluaci\u00f3n es la pieza que da validez a una titulaci\u00f3n. Si esa pieza queda comprometida por la irrupci\u00f3n de la IA y los centros no act\u00faan, lo que pierde fuerza no es solo un instrumento pedag\u00f3gico: es la confianza del entorno productivo en la propia FP.<\/p>\r\n<p class=\"font-claude-response-body break-words whitespace-normal leading-[1.7]\">Disponemos de las herramientas, los marcos y la experiencia para resolverlo. Lo que decide el resultado es la voluntad de comenzar.<\/p>\r\n<\/blockquote>\r\n\r\n\r\n<hr class=\"wp-block-separator has-alpha-channel-opacity\" \/>\r\n\r\n\r\n<p style=\"text-align: center;\"><em>\u00bfEn tu centro hab\u00e9is empezado este debate? \u00bfCon qu\u00e9 obst\u00e1culos os est\u00e1is encontrando? Me interesa especialmente conocer experiencias pr\u00e1cticas de redise\u00f1o evaluativo por familias profesionales.\u00a0<\/em><\/p>\r\n\r\n\r\n<!-- AddThis Advanced Settings generic via filter on the_content --><!-- AddThis Share Buttons generic via filter on the_content -->","protected":false},"excerpt":{"rendered":"<p>Una invitaci\u00f3n argumentada para Equipos Directivos y Docentes de Centros de FP Una pregunta inc\u00f3moda Un alumno de Grado Superior recibe el viernes el enunciado de un trabajo: un informe de auditor\u00eda energ\u00e9tica, un plan de cuidados o una propuesta comercial. El lunes lo entrega impecable. \u00bfQu\u00e9 hemos evaluado realmente? \u00bfSu competencia profesional, o la [&hellip;]<!-- AddThis Advanced Settings generic via filter on get_the_excerpt --><!-- AddThis Share Buttons generic via filter on get_the_excerpt --><\/p>\n","protected":false},"author":121,"featured_media":0,"comment_status":"closed","ping_status":"closed","sticky":false,"template":"","format":"standard","meta":[],"categories":[189,187,188],"tags":[101,190,48,135],"_links":{"self":[{"href":"https:\/\/blogs.diariovasco.com\/innovacion\/wp-json\/wp\/v2\/posts\/758"}],"collection":[{"href":"https:\/\/blogs.diariovasco.com\/innovacion\/wp-json\/wp\/v2\/posts"}],"about":[{"href":"https:\/\/blogs.diariovasco.com\/innovacion\/wp-json\/wp\/v2\/types\/post"}],"author":[{"embeddable":true,"href":"https:\/\/blogs.diariovasco.com\/innovacion\/wp-json\/wp\/v2\/users\/121"}],"replies":[{"embeddable":true,"href":"https:\/\/blogs.diariovasco.com\/innovacion\/wp-json\/wp\/v2\/comments?post=758"}],"version-history":[{"count":11,"href":"https:\/\/blogs.diariovasco.com\/innovacion\/wp-json\/wp\/v2\/posts\/758\/revisions"}],"predecessor-version":[{"id":769,"href":"https:\/\/blogs.diariovasco.com\/innovacion\/wp-json\/wp\/v2\/posts\/758\/revisions\/769"}],"wp:attachment":[{"href":"https:\/\/blogs.diariovasco.com\/innovacion\/wp-json\/wp\/v2\/media?parent=758"}],"wp:term":[{"taxonomy":"category","embeddable":true,"href":"https:\/\/blogs.diariovasco.com\/innovacion\/wp-json\/wp\/v2\/categories?post=758"},{"taxonomy":"post_tag","embeddable":true,"href":"https:\/\/blogs.diariovasco.com\/innovacion\/wp-json\/wp\/v2\/tags?post=758"}],"curies":[{"name":"wp","href":"https:\/\/api.w.org\/{rel}","templated":true}]}}