{"id":190,"date":"2013-06-01T07:00:20","date_gmt":"2013-06-01T06:00:20","guid":{"rendered":"http:\/\/blogs.diariovasco.com\/ke-paren-la-rotativa\/?p=190"},"modified":"2013-06-01T07:00:20","modified_gmt":"2013-06-01T06:00:20","slug":"el-boss-vuelve-a-donostia-pero-solo-de-vacaciones-tiene-reserva-de-hotel-para-finales-de-junio","status":"publish","type":"post","link":"https:\/\/blogs.diariovasco.com\/ke-paren-la-rotativa\/2013\/06\/01\/el-boss-vuelve-a-donostia-pero-solo-de-vacaciones-tiene-reserva-de-hotel-para-finales-de-junio\/","title":{"rendered":"El Boss vuelve a Donostia&#8230; pero solo de vacaciones: tiene reserva de hotel para finales de junio"},"content":{"rendered":"<p><a href=\"\/ke-paren-la-rotativa\/wp-content\/uploads\/sites\/3\/2013\/05\/bruceEnOndarreta.jpg\"><img loading=\"lazy\" class=\"alignleft size-medium wp-image-191\" src=\"\/ke-paren-la-rotativa\/wp-content\/uploads\/sites\/3\/2013\/05\/bruceEnOndarreta.jpg\" alt=\"\" width=\"196\" height=\"300\" \/><\/a><\/p>\n<p>&nbsp;<\/p>\n<p>La buena noticia es que <strong>Bruce Springsteen<\/strong> parece volver a <strong>San Sebasti\u00e1n<\/strong>; la mala, que no viene a actuar: solo de vacaciones.<\/p>\n<p>El Boss tiene reserva en un hotel de <strong>Donostia<\/strong> para finales de junio. Llegar\u00eda con su mujer, <strong>Patti Scialfa<\/strong>, que le acompa\u00f1a en toda la gira, y dicen que con alguno de sus hijos. Springsteen act\u00faa el 26 de junio en<strong> Gij\u00f3n<\/strong>, en su \u00fanico concierto de este a\u00f1o en <strong>Espa\u00f1a<\/strong>, y ha querido elegir Donostia como base de operaciones. No se descarta que viaje desde San Sebasti\u00e1n hasta la ciudad asturiana para el concierto y, tras la actuaci\u00f3n, vuelva a dormir en tierras donostiarras.<\/p>\n<p>El autor de \u2018<strong>The River<\/strong>\u2019 act\u00faa en <strong>Nijmegen<\/strong>, <strong>Holanda<\/strong>, el d\u00eda 22, y en <strong>Par\u00eds<\/strong> el d\u00eda 30, con Gij\u00f3n como \u00fanica cita por medio. \u00bfQuiz\u00e1s pase aqu\u00ed la semanita?<\/p>\n<p>El m\u00fasico, que ofreci\u00f3 un \u00e9pico concierto bajo la lluvia en <strong>Anoeta<\/strong> el 2 de junio del a\u00f1o pasado, \u00abmantiene un recuerdo estupendo de esta ciudad\u00bb, seg\u00fan dicen quienes saben. Ha estado alojado varias veces en el <strong>Mar\u00eda Cristina<\/strong>, protagoniz\u00f3 escenas divertidas con sus visitas a la playa de <strong>Ondarreta<\/strong>, un a\u00f1o (en la foto), y a <strong>La Zurriola<\/strong>, otro. El verano pasado las obras de rehabilitaci\u00f3n del Cristina impidieron al Boss volver a su hotel de cabecera, y se aloj\u00f3 en el <strong>Hotel Du Palais<\/strong> de <strong>Biarritz<\/strong>, el otro destino que ha barajado para final de junio aunque al final parece haberse decantado por San Sebasti\u00e1n.<\/p>\n<p>El \u00e1lbum de viejas fotos donostiarra del Boss incluye sus visitas gastron\u00f3micas a <strong>Bokado<\/strong>, <strong>Zuberoa<\/strong> o el <strong>Morgan<\/strong>, sus compras en la <strong>Parte Vieja<\/strong> o sus paseos por el <strong>Boulevard<\/strong>.<\/p>\n<p>En Bokado a\u00fan recuerdan sus cenas (con Patti de animadora) y una divertida an\u00e9cdota: \u00abSemanas despu\u00e9s de su primera visita recibimos por correo un cheque de mil d\u00f3lares: era una propina a\u00f1adida de Sprinsgteen en reconocimiento a lo bien que lo hab\u00eda pasado\u00bb, cuenta <strong>Jes\u00fas Santamar\u00eda<\/strong>. \u00abNo cobramos el cheque: lo tenemos de recuerdo\u00bb.<\/p>\n<p>Pero volvamos a 2013. \u00abS\u00ed es cierto que el Boss tiene la reserva hotelera, pero a\u00fan no puede decirse al cien por cien que vendr\u00e1\u00bb, matizan personas cercanas al artista. \u00abOtras veces tambi\u00e9n hab\u00eda reserva y al final no vino\u00bb. Desde Gij\u00f3n, donde se sigue cada detalle de su concierto del <strong>Molin\u00f3n<\/strong>, aseguran que dormir\u00e1 en San Sebasti\u00e1n.<\/p>\n<p>Ongi etorri, nagusi.<br \/>\n(Una cita con Springsteen s\u00ed es segura en Donostia: el 22 de julio se proyecta de forma simult\u00e1nea en cines de todo el mundo el documental realizado sobre el m\u00fasico por <strong>Ridley Scott<\/strong>\u00a0. Los cines Pr\u00edncipe ser\u00e1n escenario del pase donostiarra. Las entradas salen a la venta este martes).<\/p>\n<p>&nbsp;<\/p>\n<!-- AddThis Advanced Settings generic via filter on the_content --><!-- AddThis Share Buttons generic via filter on the_content -->","protected":false},"excerpt":{"rendered":"<p>&nbsp; La buena noticia es que Bruce Springsteen parece volver a San Sebasti\u00e1n; la mala, que no viene a actuar: solo de vacaciones. El Boss tiene reserva en un hotel de Donostia para finales de junio. Llegar\u00eda con su mujer, Patti Scialfa, que le acompa\u00f1a en toda la gira, y dicen que con alguno de [&hellip;]<!-- AddThis Advanced Settings generic via filter on get_the_excerpt --><!-- AddThis Share Buttons generic via filter on get_the_excerpt --><\/p>\n","protected":false},"author":7,"featured_media":0,"comment_status":"open","ping_status":"closed","sticky":false,"template":"","format":"standard","meta":[],"categories":[2],"tags":[27,29,74,84],"_links":{"self":[{"href":"https:\/\/blogs.diariovasco.com\/ke-paren-la-rotativa\/wp-json\/wp\/v2\/posts\/190"}],"collection":[{"href":"https:\/\/blogs.diariovasco.com\/ke-paren-la-rotativa\/wp-json\/wp\/v2\/posts"}],"about":[{"href":"https:\/\/blogs.diariovasco.com\/ke-paren-la-rotativa\/wp-json\/wp\/v2\/types\/post"}],"author":[{"embeddable":true,"href":"https:\/\/blogs.diariovasco.com\/ke-paren-la-rotativa\/wp-json\/wp\/v2\/users\/7"}],"replies":[{"embeddable":true,"href":"https:\/\/blogs.diariovasco.com\/ke-paren-la-rotativa\/wp-json\/wp\/v2\/comments?post=190"}],"version-history":[{"count":0,"href":"https:\/\/blogs.diariovasco.com\/ke-paren-la-rotativa\/wp-json\/wp\/v2\/posts\/190\/revisions"}],"wp:attachment":[{"href":"https:\/\/blogs.diariovasco.com\/ke-paren-la-rotativa\/wp-json\/wp\/v2\/media?parent=190"}],"wp:term":[{"taxonomy":"category","embeddable":true,"href":"https:\/\/blogs.diariovasco.com\/ke-paren-la-rotativa\/wp-json\/wp\/v2\/categories?post=190"},{"taxonomy":"post_tag","embeddable":true,"href":"https:\/\/blogs.diariovasco.com\/ke-paren-la-rotativa\/wp-json\/wp\/v2\/tags?post=190"}],"curies":[{"name":"wp","href":"https:\/\/api.w.org\/{rel}","templated":true}]}}