{"id":428,"date":"2017-05-28T20:09:23","date_gmt":"2017-05-28T19:09:23","guid":{"rendered":"http:\/\/blogs.diariovasco.com\/ke-paren-la-rotativa\/?p=428"},"modified":"2017-05-28T20:09:23","modified_gmt":"2017-05-28T19:09:23","slug":"el-halcon-maltes-en-el-bizkaia-la-txapela-de-bengoetxea-contada-a-quienes-no-saben-que-es-un-fronton","status":"publish","type":"post","link":"https:\/\/blogs.diariovasco.com\/ke-paren-la-rotativa\/2017\/05\/28\/el-halcon-maltes-en-el-bizkaia-la-txapela-de-bengoetxea-contada-a-quienes-no-saben-que-es-un-fronton\/","title":{"rendered":"&#039;El halc\u00f3n malt\u00e9s&#039; en el Bizkaia: la txapela de Bengoetxea contada a quienes no saben qu\u00e9 es un front\u00f3n"},"content":{"rendered":"<p><a href=\"\/ke-paren-la-rotativa\/wp-content\/uploads\/sites\/3\/2017\/05\/fronton.jpg\"><img loading=\"lazy\" class=\"alignleft size-medium wp-image-429\" title=\"A1-1202161326.jpg\" src=\"\/ke-paren-la-rotativa\/wp-content\/uploads\/sites\/3\/2017\/05\/fronton-300x225.jpg\" alt=\"\" width=\"300\" height=\"225\" srcset=\"https:\/\/static-blogs.diariovasco.com\/wp-content\/uploads\/sites\/3\/2017\/05\/fronton-300x225.jpg 300w, https:\/\/static-blogs.diariovasco.com\/wp-content\/uploads\/sites\/3\/2017\/05\/fronton-768x576.jpg 768w, https:\/\/static-blogs.diariovasco.com\/wp-content\/uploads\/sites\/3\/2017\/05\/fronton.jpg 800w\" sizes=\"(max-width: 300px) 100vw, 300px\" \/><\/a>Es un partido de pelota, pero <strong>parece una pel\u00edcula de John Huston<\/strong>. Al final ganar\u00e1 el antih\u00e9roe, como ocurre en las historias modernas, aunque el &#8216;chico&#8217; estuvo a punto de lograrlo. <strong>Un \u00a0&#8216;mano a mano&#8217; en un front\u00f3n puede ser tan excitante como &#8216;El cabo del miedo&#8217;<\/strong>.<\/p>\n<p>Vamos con el escenario. <strong>El front\u00f3n Bizkaia es el palacio moderno para la pelota<\/strong>, pero con sus colores oscuros podr\u00eda servir de plat\u00f3 perfecto para una pel\u00edcula de g\u00e9nero negro. Se disputa<strong> la txapela del manomanista<\/strong>, que es la Champions League de este deporte antiguo, bello y extempor\u00e1neo en el que los atletas juegan con pantal\u00f3n largo y sus &#8216;entrenadores&#8217; reciben el nombre de botilleros. \u00bf<strong>Os imagin\u00e1is que llamaran a Mourinho &#8216;botillero&#8217; del Manchester<\/strong>?<\/p>\n<p>Pero lo importante son los pelotaris. El campe\u00f3n del a\u00f1o pasado,<strong> Iker Irribarria, es guipuzcoano<\/strong>, tiene cara de ni\u00f1o (y DNI: solo cuenta con 20 a\u00f1os) y todo un futuro por delante. <strong>Combate contra Oinatz Bengoetxea, un eterno de las canchas<\/strong> a sus 32 a\u00f1os. Iker es como un Anthony Perkins o un Hugh Grant, con su aire angelical, y Oinatz, con su aire serio y m\u00e1s vivido, es como un Edward G. Robinson que provoca la complicidad.<\/p>\n<p>Como en las pelis de John Huston empieza ganando el bueno (bajo su cara de chico formal manda pelotas envenenadas, como el Perkins de &#8216;Psicosis&#8217;) pero Bengoetexea remonta, inventa saques perfectos y se pone por delante.<\/p>\n<p>La tensi\u00f3n\u00a0 se dispara, como en las pelis de Huston, e intercambian golpes como boxeadores de John Ford. La tensi\u00f3n es m\u00e1xima, como un &#8216;Toro salvaje&#8217; incruento donde los golpes son contra la pelota y la pared.<strong> Y gana Bengoetxea, el antih\u00e9roe<\/strong>.<\/p>\n<p>En la famosa pel\u00edcula dec\u00edan que &#8216;El halc\u00f3n malt\u00e9s&#8217; estaba construido con la materia con que se construyen los sue\u00f1os. <strong>Eso, en pelota, se llama txapela<\/strong>. Gran final, grandes pelotaris, gran campe\u00f3n. Y no la ha filmado Huston, sino una ETB que ha perfeccionado sus retransmisiones de Pelota como espect\u00e1culos teatrales. En las viejas pel\u00edculas el periodista busca r\u00e1pido un tel\u00e9fono para dar la noticia y parar la rotativa. <strong>Aqu\u00ed son Euzkitze y Josean Tolosa los que lo cuentan desde una mesa a pie de cancha<\/strong>, como si estuvieran de picnic en el teatro de los sue\u00f1os. Porque en los frontones cabe tanta \u00e9pica como en Old Trafford.<\/p>\n<p>&nbsp;<\/p>\n<!-- AddThis Advanced Settings generic via filter on the_content --><!-- AddThis Share Buttons generic via filter on the_content -->","protected":false},"excerpt":{"rendered":"<p>Es un partido de pelota, pero parece una pel\u00edcula de John Huston. Al final ganar\u00e1 el antih\u00e9roe, como ocurre en las historias modernas, aunque el &#8216;chico&#8217; estuvo a punto de lograrlo. Un \u00a0&#8216;mano a mano&#8217; en un front\u00f3n puede ser tan excitante como &#8216;El cabo del miedo&#8217;. Vamos con el escenario. El front\u00f3n Bizkaia es [&hellip;]<!-- AddThis Advanced Settings generic via filter on get_the_excerpt --><!-- AddThis Share Buttons generic via filter on get_the_excerpt --><\/p>\n","protected":false},"author":7,"featured_media":0,"comment_status":"open","ping_status":"closed","sticky":false,"template":"","format":"standard","meta":[],"categories":[2],"tags":[249,91,114,258],"_links":{"self":[{"href":"https:\/\/blogs.diariovasco.com\/ke-paren-la-rotativa\/wp-json\/wp\/v2\/posts\/428"}],"collection":[{"href":"https:\/\/blogs.diariovasco.com\/ke-paren-la-rotativa\/wp-json\/wp\/v2\/posts"}],"about":[{"href":"https:\/\/blogs.diariovasco.com\/ke-paren-la-rotativa\/wp-json\/wp\/v2\/types\/post"}],"author":[{"embeddable":true,"href":"https:\/\/blogs.diariovasco.com\/ke-paren-la-rotativa\/wp-json\/wp\/v2\/users\/7"}],"replies":[{"embeddable":true,"href":"https:\/\/blogs.diariovasco.com\/ke-paren-la-rotativa\/wp-json\/wp\/v2\/comments?post=428"}],"version-history":[{"count":0,"href":"https:\/\/blogs.diariovasco.com\/ke-paren-la-rotativa\/wp-json\/wp\/v2\/posts\/428\/revisions"}],"wp:attachment":[{"href":"https:\/\/blogs.diariovasco.com\/ke-paren-la-rotativa\/wp-json\/wp\/v2\/media?parent=428"}],"wp:term":[{"taxonomy":"category","embeddable":true,"href":"https:\/\/blogs.diariovasco.com\/ke-paren-la-rotativa\/wp-json\/wp\/v2\/categories?post=428"},{"taxonomy":"post_tag","embeddable":true,"href":"https:\/\/blogs.diariovasco.com\/ke-paren-la-rotativa\/wp-json\/wp\/v2\/tags?post=428"}],"curies":[{"name":"wp","href":"https:\/\/api.w.org\/{rel}","templated":true}]}}