{"id":1027,"date":"2015-01-08T10:48:41","date_gmt":"2015-01-08T09:48:41","guid":{"rendered":"http:\/\/blogs.diariovasco.com\/lacasadecora\/?p=1027"},"modified":"2015-01-08T10:48:41","modified_gmt":"2015-01-08T09:48:41","slug":"rustico-urbano-en-blanco","status":"publish","type":"post","link":"https:\/\/blogs.diariovasco.com\/lacasadecora\/rustico-urbano-en-blanco\/2015\/01\/08\/","title":{"rendered":"R\u00fastico-urbano en blanco"},"content":{"rendered":"\n\t\t<style type=\"text\/css\">\n\t\t\t#gallery-1 {\n\t\t\t\tmargin: auto;\n\t\t\t}\n\t\t\t#gallery-1 .gallery-item {\n\t\t\t\tfloat: left;\n\t\t\t\tmargin-top: 10px;\n\t\t\t\ttext-align: center;\n\t\t\t\twidth: 50%;\n\t\t\t}\n\t\t\t#gallery-1 img {\n\t\t\t\tborder: 2px solid #cfcfcf;\n\t\t\t}\n\t\t\t#gallery-1 .gallery-caption {\n\t\t\t\tmargin-left: 0;\n\t\t\t}\n\t\t\t\/* see gallery_shortcode() in wp-includes\/media.php *\/\n\t\t<\/style>\n\t\t<div id='gallery-1' class='gallery galleryid-1027 gallery-columns-2 gallery-size-thumbnail'><dl class='gallery-item'>\n\t\t\t<dt class='gallery-icon portrait'>\n\t\t\t\t<a href=\"https:\/\/static-blogs.diariovasco.com\/wp-content\/uploads\/sites\/59\/2015\/01\/1-comedor-suelo.png\"><img width=\"150\" height=\"150\" src=\"https:\/\/static-blogs.diariovasco.com\/wp-content\/uploads\/sites\/59\/2015\/01\/1-comedor-suelo-150x150.png\" class=\"attachment-thumbnail size-thumbnail\" alt=\"\" loading=\"lazy\" \/><\/a>\n\t\t\t<\/dt><\/dl><dl class='gallery-item'>\n\t\t\t<dt class='gallery-icon portrait'>\n\t\t\t\t<a href=\"https:\/\/static-blogs.diariovasco.com\/wp-content\/uploads\/sites\/59\/2015\/01\/2-estar-ventana-de-lejos.png\"><img width=\"150\" height=\"150\" src=\"https:\/\/static-blogs.diariovasco.com\/wp-content\/uploads\/sites\/59\/2015\/01\/2-estar-ventana-de-lejos-150x150.png\" class=\"attachment-thumbnail size-thumbnail\" alt=\"\" loading=\"lazy\" \/><\/a>\n\t\t\t<\/dt><\/dl><br style=\"clear: both\" \/><dl class='gallery-item'>\n\t\t\t<dt class='gallery-icon portrait'>\n\t\t\t\t<a href=\"https:\/\/static-blogs.diariovasco.com\/wp-content\/uploads\/sites\/59\/2015\/01\/3-estar-chimenea-detalle-troncos.png\"><img width=\"150\" height=\"150\" src=\"https:\/\/static-blogs.diariovasco.com\/wp-content\/uploads\/sites\/59\/2015\/01\/3-estar-chimenea-detalle-troncos-150x150.png\" class=\"attachment-thumbnail size-thumbnail\" alt=\"\" loading=\"lazy\" \/><\/a>\n\t\t\t<\/dt><\/dl><dl class='gallery-item'>\n\t\t\t<dt class='gallery-icon portrait'>\n\t\t\t\t<a href=\"https:\/\/static-blogs.diariovasco.com\/wp-content\/uploads\/sites\/59\/2015\/01\/4-comedor-sillas.png\"><img width=\"150\" height=\"150\" src=\"https:\/\/static-blogs.diariovasco.com\/wp-content\/uploads\/sites\/59\/2015\/01\/4-comedor-sillas-150x150.png\" class=\"attachment-thumbnail size-thumbnail\" alt=\"\" loading=\"lazy\" \/><\/a>\n\t\t\t<\/dt><\/dl><br style=\"clear: both\" \/><dl class='gallery-item'>\n\t\t\t<dt class='gallery-icon portrait'>\n\t\t\t\t<a href=\"https:\/\/static-blogs.diariovasco.com\/wp-content\/uploads\/sites\/59\/2015\/01\/5-ba\u00f1o-acceso.png\"><img width=\"150\" height=\"150\" src=\"https:\/\/static-blogs.diariovasco.com\/wp-content\/uploads\/sites\/59\/2015\/01\/5-ba\u00f1o-acceso-150x150.png\" class=\"attachment-thumbnail size-thumbnail\" alt=\"\" loading=\"lazy\" \/><\/a>\n\t\t\t<\/dt><\/dl><dl class='gallery-item'>\n\t\t\t<dt class='gallery-icon portrait'>\n\t\t\t\t<a href=\"https:\/\/static-blogs.diariovasco.com\/wp-content\/uploads\/sites\/59\/2015\/01\/6-ba\u00f1o-inodoro-suelo.png\"><img width=\"150\" height=\"150\" src=\"https:\/\/static-blogs.diariovasco.com\/wp-content\/uploads\/sites\/59\/2015\/01\/6-ba\u00f1o-inodoro-suelo-150x150.png\" class=\"attachment-thumbnail size-thumbnail\" alt=\"\" loading=\"lazy\" \/><\/a>\n\t\t\t<\/dt><\/dl><br style=\"clear: both\" \/>\n\t\t<\/div>\n\n<p>En este apartamento abuhardillado, destacamos el look \u201cblanco total\u201d, que se ha utilizado en casi su totalidad, con algunos toques en madera natural y detalles en negro.<\/p>\n<p>Con gran luminosidad en todo el espacio, y debido a su peque\u00f1o espacio, se ha utilizado en color blanco en la casi totalidad de paredes, techos y suelo, incluyendo el equipamiento, en donde se produce un punto c\u00e1lido al utilizar la madera de la chimenea de manera vista y decorativa, en el centro de la zona de estar, formando el eje visual de esta parte de la zona de estar del apartamento.<\/p>\n<p>Otro color, utilizado en peque\u00f1as dosis, es el negro, como en el suelo del ba\u00f1o, en un original damero en blanco y negro, que le dota de una gran personalidad, siguiendo con peque\u00f1as pinceladas en negro, como en el frontal del casete de la chimenea.<\/p>\n<p>Otra zona a destacar es el espacio dedicado a comedor, que aunque se utilizan las cl\u00e1sicas sillas mod. 19 de Jacobsen, se ilumina por medio de una original composici\u00f3n de bombillas colgantes de cord\u00f3n a la vista y en una aparentemente desordenada composici\u00f3n.<\/p>\n<p>El conjunto resulta muy original y personal.<\/p>\n<p>Fotos v\u00eda: Elizabeth Heier<\/p>\n<!-- AddThis Advanced Settings generic via filter on the_content --><!-- AddThis Share Buttons generic via filter on the_content -->","protected":false},"excerpt":{"rendered":"<p>En este apartamento abuhardillado, destacamos el look \u201cblanco total\u201d, que se ha utilizado en casi su totalidad, con algunos toques en madera natural y detalles en negro. Con gran luminosidad en todo el espacio, y debido a su peque\u00f1o espacio, se ha utilizado en color blanco en la casi totalidad de paredes, techos y suelo, [&hellip;]<!-- AddThis Advanced Settings generic via filter on get_the_excerpt --><!-- AddThis Share Buttons generic via filter on get_the_excerpt --><\/p>\n","protected":false},"author":88,"featured_media":0,"comment_status":"open","ping_status":"closed","sticky":false,"template":"","format":"standard","meta":[],"categories":[3],"tags":[25,43,171],"_links":{"self":[{"href":"https:\/\/blogs.diariovasco.com\/lacasadecora\/wp-json\/wp\/v2\/posts\/1027"}],"collection":[{"href":"https:\/\/blogs.diariovasco.com\/lacasadecora\/wp-json\/wp\/v2\/posts"}],"about":[{"href":"https:\/\/blogs.diariovasco.com\/lacasadecora\/wp-json\/wp\/v2\/types\/post"}],"author":[{"embeddable":true,"href":"https:\/\/blogs.diariovasco.com\/lacasadecora\/wp-json\/wp\/v2\/users\/88"}],"replies":[{"embeddable":true,"href":"https:\/\/blogs.diariovasco.com\/lacasadecora\/wp-json\/wp\/v2\/comments?post=1027"}],"version-history":[{"count":0,"href":"https:\/\/blogs.diariovasco.com\/lacasadecora\/wp-json\/wp\/v2\/posts\/1027\/revisions"}],"wp:attachment":[{"href":"https:\/\/blogs.diariovasco.com\/lacasadecora\/wp-json\/wp\/v2\/media?parent=1027"}],"wp:term":[{"taxonomy":"category","embeddable":true,"href":"https:\/\/blogs.diariovasco.com\/lacasadecora\/wp-json\/wp\/v2\/categories?post=1027"},{"taxonomy":"post_tag","embeddable":true,"href":"https:\/\/blogs.diariovasco.com\/lacasadecora\/wp-json\/wp\/v2\/tags?post=1027"}],"curies":[{"name":"wp","href":"https:\/\/api.w.org\/{rel}","templated":true}]}}