{"id":1090,"date":"2015-02-26T16:04:43","date_gmt":"2015-02-26T15:04:43","guid":{"rendered":"http:\/\/blogs.diariovasco.com\/lacasadecora\/?p=1090"},"modified":"2015-02-26T16:04:43","modified_gmt":"2015-02-26T15:04:43","slug":"en-negro-2","status":"publish","type":"post","link":"https:\/\/blogs.diariovasco.com\/lacasadecora\/en-negro-2\/2015\/02\/26\/","title":{"rendered":"En negro"},"content":{"rendered":"\n<p>Este amplio loft de Copenhague, se realiz\u00f3 en una antigua f\u00e1brica en desuso de 1900, para una familia con 2 ni\u00f1os. Se ha optado por la simplicidad y la funcionalidad de los espacios.<\/p>\n<p>Todo el equipamiento se ha dise\u00f1ado expresamente para la vivienda, con un sentido est\u00e9tico de acuerdo con los propietarios. Los espacios son abiertos y limpios, con puertas corredera que unen o separan los distintos ambientes, dejando entrar la mayor parte de luz a todo el conjunto en general.<\/p>\n<p>Se han dejado algunas toques de la construcci\u00f3n inicial, como las vigas en madera. Se ha optado por el color negro como contrapunto al blanco dominante en todo el loft.<\/p>\n<p>Fotos v\u00eda: hqroom<\/p>\n<!-- AddThis Advanced Settings generic via filter on the_content --><!-- AddThis Share Buttons generic via filter on the_content -->","protected":false},"excerpt":{"rendered":"<p>Este amplio loft de Copenhague, se realiz\u00f3 en una antigua f\u00e1brica en desuso de 1900, para una familia con 2 ni\u00f1os. Se ha optado por la simplicidad y la funcionalidad de los espacios. Todo el equipamiento se ha dise\u00f1ado expresamente para la vivienda, con un sentido est\u00e9tico de acuerdo con los propietarios. Los espacios son [&hellip;]<!-- AddThis Advanced Settings generic via filter on get_the_excerpt --><!-- AddThis Share Buttons generic via filter on get_the_excerpt --><\/p>\n","protected":false},"author":88,"featured_media":0,"comment_status":"open","ping_status":"closed","sticky":false,"template":"","format":"standard","meta":[],"categories":[3],"tags":[56,106,115],"_links":{"self":[{"href":"https:\/\/blogs.diariovasco.com\/lacasadecora\/wp-json\/wp\/v2\/posts\/1090"}],"collection":[{"href":"https:\/\/blogs.diariovasco.com\/lacasadecora\/wp-json\/wp\/v2\/posts"}],"about":[{"href":"https:\/\/blogs.diariovasco.com\/lacasadecora\/wp-json\/wp\/v2\/types\/post"}],"author":[{"embeddable":true,"href":"https:\/\/blogs.diariovasco.com\/lacasadecora\/wp-json\/wp\/v2\/users\/88"}],"replies":[{"embeddable":true,"href":"https:\/\/blogs.diariovasco.com\/lacasadecora\/wp-json\/wp\/v2\/comments?post=1090"}],"version-history":[{"count":0,"href":"https:\/\/blogs.diariovasco.com\/lacasadecora\/wp-json\/wp\/v2\/posts\/1090\/revisions"}],"wp:attachment":[{"href":"https:\/\/blogs.diariovasco.com\/lacasadecora\/wp-json\/wp\/v2\/media?parent=1090"}],"wp:term":[{"taxonomy":"category","embeddable":true,"href":"https:\/\/blogs.diariovasco.com\/lacasadecora\/wp-json\/wp\/v2\/categories?post=1090"},{"taxonomy":"post_tag","embeddable":true,"href":"https:\/\/blogs.diariovasco.com\/lacasadecora\/wp-json\/wp\/v2\/tags?post=1090"}],"curies":[{"name":"wp","href":"https:\/\/api.w.org\/{rel}","templated":true}]}}