{"id":1111,"date":"2015-03-19T10:39:38","date_gmt":"2015-03-19T09:39:38","guid":{"rendered":"http:\/\/blogs.diariovasco.com\/lacasadecora\/?p=1111"},"modified":"2015-03-19T10:39:38","modified_gmt":"2015-03-19T09:39:38","slug":"escuela-con-color","status":"publish","type":"post","link":"https:\/\/blogs.diariovasco.com\/lacasadecora\/escuela-con-color\/2015\/03\/19\/","title":{"rendered":"Escuela con color"},"content":{"rendered":"\n<p>En esta original y colorista escuela, se ha intentado crear un ambiente alegre y optimista, don de los alumnos se sientan en este entorno a gusto, y potenciar su creatividad.y pensamientos positivos.<\/p>\n<p>Se ha evitado la ambientaci\u00f3n infantil en todo el espacio y aulas, optando por un estilo m\u00e1s adulto. El protagonista absoluto es la presencia del color en todo su abanico crom\u00e1tico, dando al entorno un claro ambiente juvenil, en el que se sientan totalmente integrados los alumnos de esta escuela de Kiev.<\/p>\n<p>Desde la misma entrada, con una zona de estar, el efecto colorista est\u00e1 presente. Cada aula dependiendo a que est\u00e9 dedicada, se le ha dado un tratamiento distinto. Los pasillos son amplios y con piezas de Lego coloristas mezcladas. Otro detalle, es que se han mezclado de forma gr\u00e1fica elementos caracter\u00edsticos de inter\u00e9s cultural, para que los tengan presentes.<\/p>\n<p>No os parece muy interesante la idea \u2026?<\/p>\n<p>Fotos v\u00eda: archello<\/p>\n<!-- AddThis Advanced Settings generic via filter on the_content --><!-- AddThis Share Buttons generic via filter on the_content -->","protected":false},"excerpt":{"rendered":"<p>En esta original y colorista escuela, se ha intentado crear un ambiente alegre y optimista, don de los alumnos se sientan en este entorno a gusto, y potenciar su creatividad.y pensamientos positivos. Se ha evitado la ambientaci\u00f3n infantil en todo el espacio y aulas, optando por un estilo m\u00e1s adulto. El protagonista absoluto es la [&hellip;]<!-- AddThis Advanced Settings generic via filter on get_the_excerpt --><!-- AddThis Share Buttons generic via filter on get_the_excerpt --><\/p>\n","protected":false},"author":88,"featured_media":0,"comment_status":"open","ping_status":"closed","sticky":false,"template":"","format":"standard","meta":[],"categories":[7,8],"tags":[56,71,106],"_links":{"self":[{"href":"https:\/\/blogs.diariovasco.com\/lacasadecora\/wp-json\/wp\/v2\/posts\/1111"}],"collection":[{"href":"https:\/\/blogs.diariovasco.com\/lacasadecora\/wp-json\/wp\/v2\/posts"}],"about":[{"href":"https:\/\/blogs.diariovasco.com\/lacasadecora\/wp-json\/wp\/v2\/types\/post"}],"author":[{"embeddable":true,"href":"https:\/\/blogs.diariovasco.com\/lacasadecora\/wp-json\/wp\/v2\/users\/88"}],"replies":[{"embeddable":true,"href":"https:\/\/blogs.diariovasco.com\/lacasadecora\/wp-json\/wp\/v2\/comments?post=1111"}],"version-history":[{"count":0,"href":"https:\/\/blogs.diariovasco.com\/lacasadecora\/wp-json\/wp\/v2\/posts\/1111\/revisions"}],"wp:attachment":[{"href":"https:\/\/blogs.diariovasco.com\/lacasadecora\/wp-json\/wp\/v2\/media?parent=1111"}],"wp:term":[{"taxonomy":"category","embeddable":true,"href":"https:\/\/blogs.diariovasco.com\/lacasadecora\/wp-json\/wp\/v2\/categories?post=1111"},{"taxonomy":"post_tag","embeddable":true,"href":"https:\/\/blogs.diariovasco.com\/lacasadecora\/wp-json\/wp\/v2\/tags?post=1111"}],"curies":[{"name":"wp","href":"https:\/\/api.w.org\/{rel}","templated":true}]}}