{"id":1118,"date":"2015-03-26T10:30:27","date_gmt":"2015-03-26T09:30:27","guid":{"rendered":"http:\/\/blogs.diariovasco.com\/lacasadecora\/?p=1118"},"modified":"2017-02-03T05:46:13","modified_gmt":"2017-02-03T04:46:13","slug":"loft-con-detalles","status":"publish","type":"post","link":"https:\/\/blogs.diariovasco.com\/lacasadecora\/loft-con-detalles\/2015\/03\/26\/","title":{"rendered":"Loft con detalles"},"content":{"rendered":"\n<p>Este loft es una transformaci\u00f3n radical de un taller textil ubicado en Berlin. El proyecto se ha realizado para los propios dise\u00f1adores del mismo, por lo que se han recogido ideas de dise\u00f1o muy elaboradas\u2026<\/p>\n<p>Todo el espacio se halla sin separaciones totales, pero visualmente repartidas en espacios, donde se forman zonas mas independientes y aisladas.<\/p>\n<p>El eje protagonista es un separador con efectos transl\u00facidos, que por una parte acoge al comedor y por otra sirve de pared para el cabezal de la cama del dormitorio.<\/p>\n<p>Hay multitud de detalles a destacar, como la utilizaci\u00f3n del color, de la iluminaci\u00f3n y de la distribuci\u00f3n de espacios en general.<\/p>\n<p>Te gustar\u00eda tener tu vivienda bajo estos conceptos \u2026?<\/p>\n<p>Fotos v\u00eda: freshome<\/p>\n<!-- AddThis Advanced Settings generic via filter on the_content --><!-- AddThis Share Buttons generic via filter on the_content -->","protected":false},"excerpt":{"rendered":"<p>Este loft es una transformaci\u00f3n radical de un taller textil ubicado en Berlin. El proyecto se ha realizado para los propios dise\u00f1adores del mismo, por lo que se han recogido ideas de dise\u00f1o muy elaboradas\u2026 Todo el espacio se halla sin separaciones totales, pero visualmente repartidas en espacios, donde se forman zonas mas independientes y [&hellip;]<!-- AddThis Advanced Settings generic via filter on get_the_excerpt --><!-- AddThis Share Buttons generic via filter on get_the_excerpt --><\/p>\n","protected":false},"author":88,"featured_media":0,"comment_status":"open","ping_status":"closed","sticky":false,"template":"","format":"standard","meta":[],"categories":[3],"tags":[72,106,115],"_links":{"self":[{"href":"https:\/\/blogs.diariovasco.com\/lacasadecora\/wp-json\/wp\/v2\/posts\/1118"}],"collection":[{"href":"https:\/\/blogs.diariovasco.com\/lacasadecora\/wp-json\/wp\/v2\/posts"}],"about":[{"href":"https:\/\/blogs.diariovasco.com\/lacasadecora\/wp-json\/wp\/v2\/types\/post"}],"author":[{"embeddable":true,"href":"https:\/\/blogs.diariovasco.com\/lacasadecora\/wp-json\/wp\/v2\/users\/88"}],"replies":[{"embeddable":true,"href":"https:\/\/blogs.diariovasco.com\/lacasadecora\/wp-json\/wp\/v2\/comments?post=1118"}],"version-history":[{"count":0,"href":"https:\/\/blogs.diariovasco.com\/lacasadecora\/wp-json\/wp\/v2\/posts\/1118\/revisions"}],"wp:attachment":[{"href":"https:\/\/blogs.diariovasco.com\/lacasadecora\/wp-json\/wp\/v2\/media?parent=1118"}],"wp:term":[{"taxonomy":"category","embeddable":true,"href":"https:\/\/blogs.diariovasco.com\/lacasadecora\/wp-json\/wp\/v2\/categories?post=1118"},{"taxonomy":"post_tag","embeddable":true,"href":"https:\/\/blogs.diariovasco.com\/lacasadecora\/wp-json\/wp\/v2\/tags?post=1118"}],"curies":[{"name":"wp","href":"https:\/\/api.w.org\/{rel}","templated":true}]}}