{"id":1125,"date":"2015-04-02T11:07:20","date_gmt":"2015-04-02T09:07:20","guid":{"rendered":"http:\/\/blogs.diariovasco.com\/lacasadecora\/?p=1125"},"modified":"2015-04-02T11:07:20","modified_gmt":"2015-04-02T09:07:20","slug":"un-jardin-en-tu-interior","status":"publish","type":"post","link":"https:\/\/blogs.diariovasco.com\/lacasadecora\/un-jardin-en-tu-interior\/2015\/04\/02\/","title":{"rendered":"Un jardin en tu interior"},"content":{"rendered":"\n<p>En este original apartamento, destacamos una parte de el, donde se separan los distintos ambientes por un jard\u00edn vertical, dentro de un tabique de cristal, lo que le da una sensaci\u00f3n al interior \u00fanica, fresca y muy original, sin cerrar totalmente los espacios, dejando que en parte entre la luz del exterior hasta las zonas mas interiores de la vivienda.<\/p>\n<p>Esta situada en la zona del Borne en Barcelona, donde se encuentran lofts y viviendas originales y distintas en su concepto.<\/p>\n<p>Que te parece la idea\u2026? Lo har\u00edas en tu vivienda habitual \u2026?<\/p>\n<p>Fotos v\u00eda: myhouseidea.com<\/p>\n<!-- AddThis Advanced Settings generic via filter on the_content --><!-- AddThis Share Buttons generic via filter on the_content -->","protected":false},"excerpt":{"rendered":"<p>En este original apartamento, destacamos una parte de el, donde se separan los distintos ambientes por un jard\u00edn vertical, dentro de un tabique de cristal, lo que le da una sensaci\u00f3n al interior \u00fanica, fresca y muy original, sin cerrar totalmente los espacios, dejando que en parte entre la luz del exterior hasta las zonas [&hellip;]<!-- AddThis Advanced Settings generic via filter on get_the_excerpt --><!-- AddThis Share Buttons generic via filter on get_the_excerpt --><\/p>\n","protected":false},"author":88,"featured_media":0,"comment_status":"open","ping_status":"closed","sticky":false,"template":"","format":"standard","meta":[],"categories":[3],"tags":[106,109,171],"_links":{"self":[{"href":"https:\/\/blogs.diariovasco.com\/lacasadecora\/wp-json\/wp\/v2\/posts\/1125"}],"collection":[{"href":"https:\/\/blogs.diariovasco.com\/lacasadecora\/wp-json\/wp\/v2\/posts"}],"about":[{"href":"https:\/\/blogs.diariovasco.com\/lacasadecora\/wp-json\/wp\/v2\/types\/post"}],"author":[{"embeddable":true,"href":"https:\/\/blogs.diariovasco.com\/lacasadecora\/wp-json\/wp\/v2\/users\/88"}],"replies":[{"embeddable":true,"href":"https:\/\/blogs.diariovasco.com\/lacasadecora\/wp-json\/wp\/v2\/comments?post=1125"}],"version-history":[{"count":0,"href":"https:\/\/blogs.diariovasco.com\/lacasadecora\/wp-json\/wp\/v2\/posts\/1125\/revisions"}],"wp:attachment":[{"href":"https:\/\/blogs.diariovasco.com\/lacasadecora\/wp-json\/wp\/v2\/media?parent=1125"}],"wp:term":[{"taxonomy":"category","embeddable":true,"href":"https:\/\/blogs.diariovasco.com\/lacasadecora\/wp-json\/wp\/v2\/categories?post=1125"},{"taxonomy":"post_tag","embeddable":true,"href":"https:\/\/blogs.diariovasco.com\/lacasadecora\/wp-json\/wp\/v2\/tags?post=1125"}],"curies":[{"name":"wp","href":"https:\/\/api.w.org\/{rel}","templated":true}]}}