{"id":1157,"date":"2015-04-19T11:51:51","date_gmt":"2015-04-19T09:51:51","guid":{"rendered":"http:\/\/blogs.diariovasco.com\/lacasadecora\/?p=1157"},"modified":"2015-04-19T11:51:51","modified_gmt":"2015-04-19T09:51:51","slug":"un-hotel-rustico-y-de-diseno","status":"publish","type":"post","link":"https:\/\/blogs.diariovasco.com\/lacasadecora\/un-hotel-rustico-y-de-diseno\/2015\/04\/19\/","title":{"rendered":"Un hotel r\u00fastico y de dise\u00f1o"},"content":{"rendered":"\n<p>En un edificio hist\u00f3rico en pleno centro de la ciudad de Belgrado, se ha construido este original hotel de 4 estrellas, donde se ha mantenido la estructura original de la empresa antiguamente ubicada en \u00e9l, pero con un proyecto de dise\u00f1o con una distribuci\u00f3n y formas muy actual, que juega con ambos contrastes.<\/p>\n<p>Se han mantenido parte de los paramentos verticales de ladrillo, despu\u00e9s de restaurarlos, parte de la maquinaria de la antigua empresa y elementos diversos restaurados, que sirven de contrapunto a un dise\u00f1o muy original por sus formas y amplitud de espacios, sobre todo en la planta p\u00fablica de recepci\u00f3n, bar y restaurante.<\/p>\n<p>Te gusta este contraste para tu hotel \u2026?<\/p>\n<p>Fotos v\u00eda: archdaily<\/p>\n<!-- AddThis Advanced Settings generic via filter on the_content --><!-- AddThis Share Buttons generic via filter on the_content -->","protected":false},"excerpt":{"rendered":"<p>En un edificio hist\u00f3rico en pleno centro de la ciudad de Belgrado, se ha construido este original hotel de 4 estrellas, donde se ha mantenido la estructura original de la empresa antiguamente ubicada en \u00e9l, pero con un proyecto de dise\u00f1o con una distribuci\u00f3n y formas muy actual, que juega con ambos contrastes. Se han [&hellip;]<!-- AddThis Advanced Settings generic via filter on get_the_excerpt --><!-- AddThis Share Buttons generic via filter on get_the_excerpt --><\/p>\n","protected":false},"author":88,"featured_media":0,"comment_status":"open","ping_status":"closed","sticky":false,"template":"","format":"standard","meta":[],"categories":[11],"tags":[78,106,171],"_links":{"self":[{"href":"https:\/\/blogs.diariovasco.com\/lacasadecora\/wp-json\/wp\/v2\/posts\/1157"}],"collection":[{"href":"https:\/\/blogs.diariovasco.com\/lacasadecora\/wp-json\/wp\/v2\/posts"}],"about":[{"href":"https:\/\/blogs.diariovasco.com\/lacasadecora\/wp-json\/wp\/v2\/types\/post"}],"author":[{"embeddable":true,"href":"https:\/\/blogs.diariovasco.com\/lacasadecora\/wp-json\/wp\/v2\/users\/88"}],"replies":[{"embeddable":true,"href":"https:\/\/blogs.diariovasco.com\/lacasadecora\/wp-json\/wp\/v2\/comments?post=1157"}],"version-history":[{"count":0,"href":"https:\/\/blogs.diariovasco.com\/lacasadecora\/wp-json\/wp\/v2\/posts\/1157\/revisions"}],"wp:attachment":[{"href":"https:\/\/blogs.diariovasco.com\/lacasadecora\/wp-json\/wp\/v2\/media?parent=1157"}],"wp:term":[{"taxonomy":"category","embeddable":true,"href":"https:\/\/blogs.diariovasco.com\/lacasadecora\/wp-json\/wp\/v2\/categories?post=1157"},{"taxonomy":"post_tag","embeddable":true,"href":"https:\/\/blogs.diariovasco.com\/lacasadecora\/wp-json\/wp\/v2\/tags?post=1157"}],"curies":[{"name":"wp","href":"https:\/\/api.w.org\/{rel}","templated":true}]}}