{"id":1164,"date":"2015-04-23T10:51:28","date_gmt":"2015-04-23T08:51:28","guid":{"rendered":"http:\/\/blogs.diariovasco.com\/lacasadecora\/?p=1164"},"modified":"2015-04-23T10:51:28","modified_gmt":"2015-04-23T08:51:28","slug":"detalles-clasicos","status":"publish","type":"post","link":"https:\/\/blogs.diariovasco.com\/lacasadecora\/detalles-clasicos\/2015\/04\/23\/","title":{"rendered":"Detalles cl\u00e1sicos"},"content":{"rendered":"\n<p>En este moderno apartamento, se ha buscado la diferencia, complementando el dise\u00f1o actual, con algunos detalles cl\u00e1sicos en algunas zonas de la vivienda, como por ejemplo el dormitorio y el ba\u00f1o.<\/p>\n<p>So elementos que se han colocado especialmente, para romper el minimalismo actual de muchas viviendas, d\u00e1ndole ese punto c\u00e1lido que le da un \u201ctoque\u201d especial y particular a nuestro hogar.<\/p>\n<p>Otro punto a destacar es el apartado de la iluminaci\u00f3n, donde se ha jugado con l\u00e1mparas colgantes en las distintas zonas de la casa, como comedor, zona de estar\u2026<\/p>\n<p>Qu\u00e9 os parece la idea \u2026?<\/p>\n<p>Lo harias en tu vivienda \u2026?<\/p>\n<p>Fotos v\u00eda: home designing<\/p>\n<!-- AddThis Advanced Settings generic via filter on the_content --><!-- AddThis Share Buttons generic via filter on the_content -->","protected":false},"excerpt":{"rendered":"<p>En este moderno apartamento, se ha buscado la diferencia, complementando el dise\u00f1o actual, con algunos detalles cl\u00e1sicos en algunas zonas de la vivienda, como por ejemplo el dormitorio y el ba\u00f1o. So elementos que se han colocado especialmente, para romper el minimalismo actual de muchas viviendas, d\u00e1ndole ese punto c\u00e1lido que le da un \u201ctoque\u201d [&hellip;]<!-- AddThis Advanced Settings generic via filter on get_the_excerpt --><!-- AddThis Share Buttons generic via filter on get_the_excerpt --><\/p>\n","protected":false},"author":88,"featured_media":0,"comment_status":"open","ping_status":"closed","sticky":false,"template":"","format":"standard","meta":[],"categories":[3],"tags":[53,70,106],"_links":{"self":[{"href":"https:\/\/blogs.diariovasco.com\/lacasadecora\/wp-json\/wp\/v2\/posts\/1164"}],"collection":[{"href":"https:\/\/blogs.diariovasco.com\/lacasadecora\/wp-json\/wp\/v2\/posts"}],"about":[{"href":"https:\/\/blogs.diariovasco.com\/lacasadecora\/wp-json\/wp\/v2\/types\/post"}],"author":[{"embeddable":true,"href":"https:\/\/blogs.diariovasco.com\/lacasadecora\/wp-json\/wp\/v2\/users\/88"}],"replies":[{"embeddable":true,"href":"https:\/\/blogs.diariovasco.com\/lacasadecora\/wp-json\/wp\/v2\/comments?post=1164"}],"version-history":[{"count":0,"href":"https:\/\/blogs.diariovasco.com\/lacasadecora\/wp-json\/wp\/v2\/posts\/1164\/revisions"}],"wp:attachment":[{"href":"https:\/\/blogs.diariovasco.com\/lacasadecora\/wp-json\/wp\/v2\/media?parent=1164"}],"wp:term":[{"taxonomy":"category","embeddable":true,"href":"https:\/\/blogs.diariovasco.com\/lacasadecora\/wp-json\/wp\/v2\/categories?post=1164"},{"taxonomy":"post_tag","embeddable":true,"href":"https:\/\/blogs.diariovasco.com\/lacasadecora\/wp-json\/wp\/v2\/tags?post=1164"}],"curies":[{"name":"wp","href":"https:\/\/api.w.org\/{rel}","templated":true}]}}