{"id":1172,"date":"2015-04-30T10:58:22","date_gmt":"2015-04-30T08:58:22","guid":{"rendered":"http:\/\/blogs.diariovasco.com\/lacasadecora\/?p=1172"},"modified":"2015-04-30T10:58:22","modified_gmt":"2015-04-30T08:58:22","slug":"en-tono-neutro","status":"publish","type":"post","link":"https:\/\/blogs.diariovasco.com\/lacasadecora\/en-tono-neutro\/2015\/04\/30\/","title":{"rendered":"En tono neutro"},"content":{"rendered":"\n<p>En este apartamento, aparentemente muy normal, lo destacamos para ver la composici\u00f3n utilizando una amplia gama de tonos neutros, a los que se les puede sacar mucho jugo, colocando de vez en cuando alg\u00fan detalle de color.<\/p>\n<p>Esta vivienda ubicada en Mosc\u00fa, ha optado por la utilizaci\u00f3n de la gama de marrones, en distintos tonos, pero introduce el verde en plantas, el amarillo en la parte interior de las sillas del comedor, logrando un conjunto c\u00e1lido y muy agradable, en la vida cotidiana.<\/p>\n<p>Te gusta esta gama de color, para tu vivienda particular\u2026?<\/p>\n<p>Fotos v\u00eda: homeadore<\/p>\n<!-- AddThis Advanced Settings generic via filter on the_content --><!-- AddThis Share Buttons generic via filter on the_content -->","protected":false},"excerpt":{"rendered":"<p>En este apartamento, aparentemente muy normal, lo destacamos para ver la composici\u00f3n utilizando una amplia gama de tonos neutros, a los que se les puede sacar mucho jugo, colocando de vez en cuando alg\u00fan detalle de color. Esta vivienda ubicada en Mosc\u00fa, ha optado por la utilizaci\u00f3n de la gama de marrones, en distintos tonos, [&hellip;]<!-- AddThis Advanced Settings generic via filter on get_the_excerpt --><!-- AddThis Share Buttons generic via filter on get_the_excerpt --><\/p>\n","protected":false},"author":88,"featured_media":0,"comment_status":"open","ping_status":"closed","sticky":false,"template":"","format":"standard","meta":[],"categories":[3],"tags":[25,106,140],"_links":{"self":[{"href":"https:\/\/blogs.diariovasco.com\/lacasadecora\/wp-json\/wp\/v2\/posts\/1172"}],"collection":[{"href":"https:\/\/blogs.diariovasco.com\/lacasadecora\/wp-json\/wp\/v2\/posts"}],"about":[{"href":"https:\/\/blogs.diariovasco.com\/lacasadecora\/wp-json\/wp\/v2\/types\/post"}],"author":[{"embeddable":true,"href":"https:\/\/blogs.diariovasco.com\/lacasadecora\/wp-json\/wp\/v2\/users\/88"}],"replies":[{"embeddable":true,"href":"https:\/\/blogs.diariovasco.com\/lacasadecora\/wp-json\/wp\/v2\/comments?post=1172"}],"version-history":[{"count":0,"href":"https:\/\/blogs.diariovasco.com\/lacasadecora\/wp-json\/wp\/v2\/posts\/1172\/revisions"}],"wp:attachment":[{"href":"https:\/\/blogs.diariovasco.com\/lacasadecora\/wp-json\/wp\/v2\/media?parent=1172"}],"wp:term":[{"taxonomy":"category","embeddable":true,"href":"https:\/\/blogs.diariovasco.com\/lacasadecora\/wp-json\/wp\/v2\/categories?post=1172"},{"taxonomy":"post_tag","embeddable":true,"href":"https:\/\/blogs.diariovasco.com\/lacasadecora\/wp-json\/wp\/v2\/tags?post=1172"}],"curies":[{"name":"wp","href":"https:\/\/api.w.org\/{rel}","templated":true}]}}