{"id":1179,"date":"2015-05-03T11:59:16","date_gmt":"2015-05-03T09:59:16","guid":{"rendered":"http:\/\/blogs.diariovasco.com\/lacasadecora\/?p=1179"},"modified":"2015-05-03T11:59:16","modified_gmt":"2015-05-03T09:59:16","slug":"aire-industrial-en-el-hotel","status":"publish","type":"post","link":"https:\/\/blogs.diariovasco.com\/lacasadecora\/aire-industrial-en-el-hotel\/2015\/05\/03\/","title":{"rendered":"Aire industrial en el hotel"},"content":{"rendered":"\n<p>Este original hotel, ubicado en el centro de Berl\u00edn, marca en su interior la esencia del esp\u00edritu de la ciudad, aunque desde su exterior, no se adivina y resulta un contraste al entrar en \u00e9l.<\/p>\n<p>Alberg\u00f3 primero una empresa de confecci\u00f3n y posteriormente fue la sede de una comisar\u00eda, hasta que una compa\u00f1\u00eda hotelera espa\u00f1ola se hizo cargo de \u00e9l, y lo reform\u00f3 totalmente, conservando en parte, un interior que nos lleva a la \u00e9poca de la postguerra, con todas sus tripas a la vista.<\/p>\n<p>Qu\u00e9 os parece la idea \u2026?<\/p>\n<p>Fotos v\u00eda: Google<\/p>\n<!-- AddThis Advanced Settings generic via filter on the_content --><!-- AddThis Share Buttons generic via filter on the_content -->","protected":false},"excerpt":{"rendered":"<p>Este original hotel, ubicado en el centro de Berl\u00edn, marca en su interior la esencia del esp\u00edritu de la ciudad, aunque desde su exterior, no se adivina y resulta un contraste al entrar en \u00e9l. Alberg\u00f3 primero una empresa de confecci\u00f3n y posteriormente fue la sede de una comisar\u00eda, hasta que una compa\u00f1\u00eda hotelera espa\u00f1ola [&hellip;]<!-- AddThis Advanced Settings generic via filter on get_the_excerpt --><!-- AddThis Share Buttons generic via filter on get_the_excerpt --><\/p>\n","protected":false},"author":88,"featured_media":0,"comment_status":"open","ping_status":"closed","sticky":false,"template":"","format":"standard","meta":[],"categories":[11],"tags":[101,104,106],"_links":{"self":[{"href":"https:\/\/blogs.diariovasco.com\/lacasadecora\/wp-json\/wp\/v2\/posts\/1179"}],"collection":[{"href":"https:\/\/blogs.diariovasco.com\/lacasadecora\/wp-json\/wp\/v2\/posts"}],"about":[{"href":"https:\/\/blogs.diariovasco.com\/lacasadecora\/wp-json\/wp\/v2\/types\/post"}],"author":[{"embeddable":true,"href":"https:\/\/blogs.diariovasco.com\/lacasadecora\/wp-json\/wp\/v2\/users\/88"}],"replies":[{"embeddable":true,"href":"https:\/\/blogs.diariovasco.com\/lacasadecora\/wp-json\/wp\/v2\/comments?post=1179"}],"version-history":[{"count":0,"href":"https:\/\/blogs.diariovasco.com\/lacasadecora\/wp-json\/wp\/v2\/posts\/1179\/revisions"}],"wp:attachment":[{"href":"https:\/\/blogs.diariovasco.com\/lacasadecora\/wp-json\/wp\/v2\/media?parent=1179"}],"wp:term":[{"taxonomy":"category","embeddable":true,"href":"https:\/\/blogs.diariovasco.com\/lacasadecora\/wp-json\/wp\/v2\/categories?post=1179"},{"taxonomy":"post_tag","embeddable":true,"href":"https:\/\/blogs.diariovasco.com\/lacasadecora\/wp-json\/wp\/v2\/tags?post=1179"}],"curies":[{"name":"wp","href":"https:\/\/api.w.org\/{rel}","templated":true}]}}