{"id":1187,"date":"2015-05-08T09:19:37","date_gmt":"2015-05-08T07:19:37","guid":{"rendered":"http:\/\/blogs.diariovasco.com\/lacasadecora\/?p=1187"},"modified":"2015-05-08T09:19:37","modified_gmt":"2015-05-08T07:19:37","slug":"color-en-el-banco","status":"publish","type":"post","link":"https:\/\/blogs.diariovasco.com\/lacasadecora\/color-en-el-banco\/2015\/05\/08\/","title":{"rendered":"Color en el Banco"},"content":{"rendered":"\n<p>El interiorismo de este original Banco suizo, se realiz\u00f3 tras una dura competici\u00f3n realizada en un concurso planteado desde la sede central del Banco, que quer\u00eda un nuevo planteamiento de sus sucursales, pidiendo un lugar abierto y acogedor para sus clientes, junto a un uso eficiente del espacio.<\/p>\n<p>El equipo ganador, realiza una propuesta bas\u00e1ndose en tonos neutros en suelos y techos, con fuertes impactos de color en varias de las paredes principales del mismo, retroiluminadas a su vez con LED, logrando un gran impacto visual, jugando con vidrios de distintos colores y tonos. El efecto logrado es muy adecuado para lo que se pretende.<\/p>\n<p>Fotos v\u00eda: bustler<\/p>\n<!-- AddThis Advanced Settings generic via filter on the_content --><!-- AddThis Share Buttons generic via filter on the_content -->","protected":false},"excerpt":{"rendered":"<p>El interiorismo de este original Banco suizo, se realiz\u00f3 tras una dura competici\u00f3n realizada en un concurso planteado desde la sede central del Banco, que quer\u00eda un nuevo planteamiento de sus sucursales, pidiendo un lugar abierto y acogedor para sus clientes, junto a un uso eficiente del espacio. El equipo ganador, realiza una propuesta bas\u00e1ndose [&hellip;]<!-- AddThis Advanced Settings generic via filter on get_the_excerpt --><!-- AddThis Share Buttons generic via filter on get_the_excerpt --><\/p>\n","protected":false},"author":88,"featured_media":0,"comment_status":"open","ping_status":"closed","sticky":false,"template":"","format":"standard","meta":[],"categories":[14],"tags":[38,56,141],"_links":{"self":[{"href":"https:\/\/blogs.diariovasco.com\/lacasadecora\/wp-json\/wp\/v2\/posts\/1187"}],"collection":[{"href":"https:\/\/blogs.diariovasco.com\/lacasadecora\/wp-json\/wp\/v2\/posts"}],"about":[{"href":"https:\/\/blogs.diariovasco.com\/lacasadecora\/wp-json\/wp\/v2\/types\/post"}],"author":[{"embeddable":true,"href":"https:\/\/blogs.diariovasco.com\/lacasadecora\/wp-json\/wp\/v2\/users\/88"}],"replies":[{"embeddable":true,"href":"https:\/\/blogs.diariovasco.com\/lacasadecora\/wp-json\/wp\/v2\/comments?post=1187"}],"version-history":[{"count":0,"href":"https:\/\/blogs.diariovasco.com\/lacasadecora\/wp-json\/wp\/v2\/posts\/1187\/revisions"}],"wp:attachment":[{"href":"https:\/\/blogs.diariovasco.com\/lacasadecora\/wp-json\/wp\/v2\/media?parent=1187"}],"wp:term":[{"taxonomy":"category","embeddable":true,"href":"https:\/\/blogs.diariovasco.com\/lacasadecora\/wp-json\/wp\/v2\/categories?post=1187"},{"taxonomy":"post_tag","embeddable":true,"href":"https:\/\/blogs.diariovasco.com\/lacasadecora\/wp-json\/wp\/v2\/tags?post=1187"}],"curies":[{"name":"wp","href":"https:\/\/api.w.org\/{rel}","templated":true}]}}