{"id":1194,"date":"2015-05-10T11:07:58","date_gmt":"2015-05-10T09:07:58","guid":{"rendered":"http:\/\/blogs.diariovasco.com\/lacasadecora\/?p=1194"},"modified":"2015-05-10T11:07:58","modified_gmt":"2015-05-10T09:07:58","slug":"cafe-con-madera","status":"publish","type":"post","link":"https:\/\/blogs.diariovasco.com\/lacasadecora\/cafe-con-madera\/2015\/05\/10\/","title":{"rendered":"Caf\u00e9 con madera"},"content":{"rendered":"\n<p>En este Caf\u00e9 de una conocida cadena, se ha realizado un interiorismo, donde el motivo \u00fanico es un tejido de entrelazados en piezas en madera, utiliz\u00e1ndose un total 2.000 piezas de la misma medida, que forran todo el interior del techo y gran parte de las paredes, reforzando la iluminaci\u00f3n indirecta a trav\u00e9s de ellas, formando un efecto muy especial.<\/p>\n<p>Fotos v\u00eda: archilovers<\/p>\n<!-- AddThis Advanced Settings generic via filter on the_content --><!-- AddThis Share Buttons generic via filter on the_content -->","protected":false},"excerpt":{"rendered":"<p>En este Caf\u00e9 de una conocida cadena, se ha realizado un interiorismo, donde el motivo \u00fanico es un tejido de entrelazados en piezas en madera, utiliz\u00e1ndose un total 2.000 piezas de la misma medida, que forran todo el interior del techo y gran parte de las paredes, reforzando la iluminaci\u00f3n indirecta a trav\u00e9s de ellas, [&hellip;]<!-- AddThis Advanced Settings generic via filter on get_the_excerpt --><!-- AddThis Share Buttons generic via filter on get_the_excerpt --><\/p>\n","protected":false},"author":88,"featured_media":0,"comment_status":"open","ping_status":"closed","sticky":false,"template":"","format":"standard","meta":[],"categories":[13],"tags":[40,118,179],"_links":{"self":[{"href":"https:\/\/blogs.diariovasco.com\/lacasadecora\/wp-json\/wp\/v2\/posts\/1194"}],"collection":[{"href":"https:\/\/blogs.diariovasco.com\/lacasadecora\/wp-json\/wp\/v2\/posts"}],"about":[{"href":"https:\/\/blogs.diariovasco.com\/lacasadecora\/wp-json\/wp\/v2\/types\/post"}],"author":[{"embeddable":true,"href":"https:\/\/blogs.diariovasco.com\/lacasadecora\/wp-json\/wp\/v2\/users\/88"}],"replies":[{"embeddable":true,"href":"https:\/\/blogs.diariovasco.com\/lacasadecora\/wp-json\/wp\/v2\/comments?post=1194"}],"version-history":[{"count":0,"href":"https:\/\/blogs.diariovasco.com\/lacasadecora\/wp-json\/wp\/v2\/posts\/1194\/revisions"}],"wp:attachment":[{"href":"https:\/\/blogs.diariovasco.com\/lacasadecora\/wp-json\/wp\/v2\/media?parent=1194"}],"wp:term":[{"taxonomy":"category","embeddable":true,"href":"https:\/\/blogs.diariovasco.com\/lacasadecora\/wp-json\/wp\/v2\/categories?post=1194"},{"taxonomy":"post_tag","embeddable":true,"href":"https:\/\/blogs.diariovasco.com\/lacasadecora\/wp-json\/wp\/v2\/tags?post=1194"}],"curies":[{"name":"wp","href":"https:\/\/api.w.org\/{rel}","templated":true}]}}