{"id":705,"date":"2014-05-01T12:13:47","date_gmt":"2014-05-01T10:13:47","guid":{"rendered":"http:\/\/blogs.diariovasco.com\/lacasadecora\/?p=705"},"modified":"2014-05-01T12:13:47","modified_gmt":"2014-05-01T10:13:47","slug":"en-16-m2","status":"publish","type":"post","link":"https:\/\/blogs.diariovasco.com\/lacasadecora\/en-16-m2\/2014\/05\/01\/","title":{"rendered":"En 16 m2"},"content":{"rendered":"\n<p>En esta minibuhardilla, ubicada en el centro de Paris, se suplen la falta de metros cuadrados por detalles que cubren las necesidades b\u00e1sicas necesarias para habitarla por una persona, no utilizando ninguna partici\u00f3n de tabiques, entre las diferentes zonas de uso. El interiorismo de este mini \u00e1tico parisino es un trabajo excepcional de aprovechamiento del espacio.<\/p>\n<p>Puede ser una vivienda temporal, o de vacaciones, porque la sensaci\u00f3n de claustrofobia sin un balc\u00f3n o puerta ventana, puede ir in crescendo hasta la locura a medida que se van pasando semanas. Pocos pisos de este tama\u00f1o hemos visto tan bien aprovechados, tan completos y con tan bonitos acabados como este, en el que adem\u00e1s se respira el estilo n\u00f3rdico en cada rinc\u00f3n.<\/p>\n<p>Vivir\u00edas en un espacio tan reducido &#8212; \u00bf<\/p>\n<p>Fotos v\u00eda: Sylvie Cahen<\/p>\n<!-- AddThis Advanced Settings generic via filter on the_content --><!-- AddThis Share Buttons generic via filter on the_content -->","protected":false},"excerpt":{"rendered":"<p>En esta minibuhardilla, ubicada en el centro de Paris, se suplen la falta de metros cuadrados por detalles que cubren las necesidades b\u00e1sicas necesarias para habitarla por una persona, no utilizando ninguna partici\u00f3n de tabiques, entre las diferentes zonas de uso. El interiorismo de este mini \u00e1tico parisino es un trabajo excepcional de aprovechamiento del [&hellip;]<!-- AddThis Advanced Settings generic via filter on get_the_excerpt --><!-- AddThis Share Buttons generic via filter on get_the_excerpt --><\/p>\n","protected":false},"author":88,"featured_media":0,"comment_status":"open","ping_status":"closed","sticky":false,"template":"","format":"standard","meta":[],"categories":[3],"tags":[29,45,106],"_links":{"self":[{"href":"https:\/\/blogs.diariovasco.com\/lacasadecora\/wp-json\/wp\/v2\/posts\/705"}],"collection":[{"href":"https:\/\/blogs.diariovasco.com\/lacasadecora\/wp-json\/wp\/v2\/posts"}],"about":[{"href":"https:\/\/blogs.diariovasco.com\/lacasadecora\/wp-json\/wp\/v2\/types\/post"}],"author":[{"embeddable":true,"href":"https:\/\/blogs.diariovasco.com\/lacasadecora\/wp-json\/wp\/v2\/users\/88"}],"replies":[{"embeddable":true,"href":"https:\/\/blogs.diariovasco.com\/lacasadecora\/wp-json\/wp\/v2\/comments?post=705"}],"version-history":[{"count":0,"href":"https:\/\/blogs.diariovasco.com\/lacasadecora\/wp-json\/wp\/v2\/posts\/705\/revisions"}],"wp:attachment":[{"href":"https:\/\/blogs.diariovasco.com\/lacasadecora\/wp-json\/wp\/v2\/media?parent=705"}],"wp:term":[{"taxonomy":"category","embeddable":true,"href":"https:\/\/blogs.diariovasco.com\/lacasadecora\/wp-json\/wp\/v2\/categories?post=705"},{"taxonomy":"post_tag","embeddable":true,"href":"https:\/\/blogs.diariovasco.com\/lacasadecora\/wp-json\/wp\/v2\/tags?post=705"}],"curies":[{"name":"wp","href":"https:\/\/api.w.org\/{rel}","templated":true}]}}