{"id":712,"date":"2014-05-08T12:18:06","date_gmt":"2014-05-08T10:18:06","guid":{"rendered":"http:\/\/blogs.diariovasco.com\/lacasadecora\/?p=712"},"modified":"2014-05-08T12:18:06","modified_gmt":"2014-05-08T10:18:06","slug":"interior-con-caracter","status":"publish","type":"post","link":"https:\/\/blogs.diariovasco.com\/lacasadecora\/interior-con-caracter\/2014\/05\/08\/","title":{"rendered":"Interior con caracter"},"content":{"rendered":"\n<p>En esta original vivienda, vemos que tiene una serie de detalles distintos y originales, que le dan un car\u00e1cter especial al apartamento.<\/p>\n<p>En primer lugar este estilo utilizado es una mezcla entre vintage y r\u00fastico-urbano muy distinto al habitual que vemos en otros interiores. Los techos de gran altura dan la sensaci\u00f3n de amplitud, que contrarresta la falta de metros cuadrados.<\/p>\n<p>La zona de d\u00eda se une con la cocina y la parte dedicada a estar, que da a una terraza. La cocina con muebles negros, la parte superior llega hasta pr\u00e1cticamente los techos y para alcanzar las cotas altas se usa una escalera que va rodando a lo largo del mueble.<\/p>\n<p>En el centro de este ambiente se encuentra la chimenea, tambi\u00e9n de embocadura negra, que separa los 2 ambientes. La nota principal de la parte dedicada a estar lo da los detalles en madera, colocados en una de las paredes, formando una figura\u2026<\/p>\n<p>Os gusta este tipo de ambientaci\u00f3n \u2026 \u00bf<\/p>\n<p>Fotos v\u00eda: freshome<\/p>\n<!-- AddThis Advanced Settings generic via filter on the_content --><!-- AddThis Share Buttons generic via filter on the_content -->","protected":false},"excerpt":{"rendered":"<p>En esta original vivienda, vemos que tiene una serie de detalles distintos y originales, que le dan un car\u00e1cter especial al apartamento. En primer lugar este estilo utilizado es una mezcla entre vintage y r\u00fastico-urbano muy distinto al habitual que vemos en otros interiores. Los techos de gran altura dan la sensaci\u00f3n de amplitud, que [&hellip;]<!-- AddThis Advanced Settings generic via filter on get_the_excerpt --><!-- AddThis Share Buttons generic via filter on get_the_excerpt --><\/p>\n","protected":false},"author":88,"featured_media":0,"comment_status":"open","ping_status":"closed","sticky":false,"template":"","format":"standard","meta":[],"categories":[3],"tags":[106,171,190],"_links":{"self":[{"href":"https:\/\/blogs.diariovasco.com\/lacasadecora\/wp-json\/wp\/v2\/posts\/712"}],"collection":[{"href":"https:\/\/blogs.diariovasco.com\/lacasadecora\/wp-json\/wp\/v2\/posts"}],"about":[{"href":"https:\/\/blogs.diariovasco.com\/lacasadecora\/wp-json\/wp\/v2\/types\/post"}],"author":[{"embeddable":true,"href":"https:\/\/blogs.diariovasco.com\/lacasadecora\/wp-json\/wp\/v2\/users\/88"}],"replies":[{"embeddable":true,"href":"https:\/\/blogs.diariovasco.com\/lacasadecora\/wp-json\/wp\/v2\/comments?post=712"}],"version-history":[{"count":0,"href":"https:\/\/blogs.diariovasco.com\/lacasadecora\/wp-json\/wp\/v2\/posts\/712\/revisions"}],"wp:attachment":[{"href":"https:\/\/blogs.diariovasco.com\/lacasadecora\/wp-json\/wp\/v2\/media?parent=712"}],"wp:term":[{"taxonomy":"category","embeddable":true,"href":"https:\/\/blogs.diariovasco.com\/lacasadecora\/wp-json\/wp\/v2\/categories?post=712"},{"taxonomy":"post_tag","embeddable":true,"href":"https:\/\/blogs.diariovasco.com\/lacasadecora\/wp-json\/wp\/v2\/tags?post=712"}],"curies":[{"name":"wp","href":"https:\/\/api.w.org\/{rel}","templated":true}]}}