{"id":733,"date":"2014-05-15T12:28:02","date_gmt":"2014-05-15T10:28:02","guid":{"rendered":"http:\/\/blogs.diariovasco.com\/lacasadecora\/?p=733"},"modified":"2014-05-15T12:28:02","modified_gmt":"2014-05-15T10:28:02","slug":"tu-casa-en-la-zona-industrial-2","status":"publish","type":"post","link":"https:\/\/blogs.diariovasco.com\/lacasadecora\/tu-casa-en-la-zona-industrial-2\/2014\/05\/15\/","title":{"rendered":"Tu casa en la zona industrial"},"content":{"rendered":"\n<p>Este pabell\u00f3n industrial, se ha reconvertido en una vivienda de grandes espacios, con mucha luz natural y grandes alturas\u2026<\/p>\n<p>Uno de los espacios principales, se ha dedicado a la cocina, a gusto de los propietarios, amantes de dar degustaciones gastron\u00f3micas a sus amistades, por lo que se ha erigido en el eje vertebrador de todo el loft, en la parte baja, la parte superior se ha dejado enteramente para uso y disfrute de los ni\u00f1os.<\/p>\n<p>Para guardar al m\u00e1ximo la temperatura de frio y calor, se ha optado por la colocaci\u00f3n de suelo radiante, por lo que la atm\u00f3sfera a nivel de suelo se mantiene en la temperatura adecuada.<\/p>\n<p>Te gustar\u00eda vivir en un espacio de estas dimensiones\u2026?<\/p>\n<p>Fotos v\u00eda: urdesign<\/p>\n<!-- AddThis Advanced Settings generic via filter on the_content --><!-- AddThis Share Buttons generic via filter on the_content -->","protected":false},"excerpt":{"rendered":"<p>Este pabell\u00f3n industrial, se ha reconvertido en una vivienda de grandes espacios, con mucha luz natural y grandes alturas\u2026 Uno de los espacios principales, se ha dedicado a la cocina, a gusto de los propietarios, amantes de dar degustaciones gastron\u00f3micas a sus amistades, por lo que se ha erigido en el eje vertebrador de todo [&hellip;]<!-- AddThis Advanced Settings generic via filter on get_the_excerpt --><!-- AddThis Share Buttons generic via filter on get_the_excerpt --><\/p>\n","protected":false},"author":88,"featured_media":0,"comment_status":"open","ping_status":"closed","sticky":false,"template":"","format":"standard","meta":[],"categories":[3],"tags":[91,104,115],"_links":{"self":[{"href":"https:\/\/blogs.diariovasco.com\/lacasadecora\/wp-json\/wp\/v2\/posts\/733"}],"collection":[{"href":"https:\/\/blogs.diariovasco.com\/lacasadecora\/wp-json\/wp\/v2\/posts"}],"about":[{"href":"https:\/\/blogs.diariovasco.com\/lacasadecora\/wp-json\/wp\/v2\/types\/post"}],"author":[{"embeddable":true,"href":"https:\/\/blogs.diariovasco.com\/lacasadecora\/wp-json\/wp\/v2\/users\/88"}],"replies":[{"embeddable":true,"href":"https:\/\/blogs.diariovasco.com\/lacasadecora\/wp-json\/wp\/v2\/comments?post=733"}],"version-history":[{"count":0,"href":"https:\/\/blogs.diariovasco.com\/lacasadecora\/wp-json\/wp\/v2\/posts\/733\/revisions"}],"wp:attachment":[{"href":"https:\/\/blogs.diariovasco.com\/lacasadecora\/wp-json\/wp\/v2\/media?parent=733"}],"wp:term":[{"taxonomy":"category","embeddable":true,"href":"https:\/\/blogs.diariovasco.com\/lacasadecora\/wp-json\/wp\/v2\/categories?post=733"},{"taxonomy":"post_tag","embeddable":true,"href":"https:\/\/blogs.diariovasco.com\/lacasadecora\/wp-json\/wp\/v2\/tags?post=733"}],"curies":[{"name":"wp","href":"https:\/\/api.w.org\/{rel}","templated":true}]}}