{"id":781,"date":"2014-06-25T20:23:09","date_gmt":"2014-06-25T18:23:09","guid":{"rendered":"http:\/\/blogs.diariovasco.com\/lacasadecora\/?p=781"},"modified":"2014-06-25T20:23:09","modified_gmt":"2014-06-25T18:23:09","slug":"con-sencillez","status":"publish","type":"post","link":"https:\/\/blogs.diariovasco.com\/lacasadecora\/con-sencillez\/2014\/06\/25\/","title":{"rendered":"Con sencillez"},"content":{"rendered":"\n\t\t<style type=\"text\/css\">\n\t\t\t#gallery-1 {\n\t\t\t\tmargin: auto;\n\t\t\t}\n\t\t\t#gallery-1 .gallery-item {\n\t\t\t\tfloat: left;\n\t\t\t\tmargin-top: 10px;\n\t\t\t\ttext-align: center;\n\t\t\t\twidth: 50%;\n\t\t\t}\n\t\t\t#gallery-1 img {\n\t\t\t\tborder: 2px solid #cfcfcf;\n\t\t\t}\n\t\t\t#gallery-1 .gallery-caption {\n\t\t\t\tmargin-left: 0;\n\t\t\t}\n\t\t\t\/* see gallery_shortcode() in wp-includes\/media.php *\/\n\t\t<\/style>\n\t\t<div id='gallery-1' class='gallery galleryid-781 gallery-columns-2 gallery-size-thumbnail'><dl class='gallery-item'>\n\t\t\t<dt class='gallery-icon landscape'>\n\t\t\t\t<a href=\"https:\/\/static-blogs.diariovasco.com\/wp-content\/uploads\/sites\/59\/2014\/06\/1-estar-comedor.jpg\"><img width=\"150\" height=\"150\" src=\"https:\/\/static-blogs.diariovasco.com\/wp-content\/uploads\/sites\/59\/2014\/06\/1-estar-comedor-150x150.jpg\" class=\"attachment-thumbnail size-thumbnail\" alt=\"\" loading=\"lazy\" \/><\/a>\n\t\t\t<\/dt><\/dl><dl class='gallery-item'>\n\t\t\t<dt class='gallery-icon landscape'>\n\t\t\t\t<a href=\"https:\/\/static-blogs.diariovasco.com\/wp-content\/uploads\/sites\/59\/2014\/06\/2-cocina-desde-sofa.jpg\"><img width=\"150\" height=\"150\" src=\"https:\/\/static-blogs.diariovasco.com\/wp-content\/uploads\/sites\/59\/2014\/06\/2-cocina-desde-sofa-150x150.jpg\" class=\"attachment-thumbnail size-thumbnail\" alt=\"\" loading=\"lazy\" \/><\/a>\n\t\t\t<\/dt><\/dl><br style=\"clear: both\" \/><dl class='gallery-item'>\n\t\t\t<dt class='gallery-icon portrait'>\n\t\t\t\t<a href=\"https:\/\/static-blogs.diariovasco.com\/wp-content\/uploads\/sites\/59\/2014\/06\/3-estar-detalle.jpg\"><img width=\"150\" height=\"150\" src=\"https:\/\/static-blogs.diariovasco.com\/wp-content\/uploads\/sites\/59\/2014\/06\/3-estar-detalle-150x150.jpg\" class=\"attachment-thumbnail size-thumbnail\" alt=\"\" loading=\"lazy\" \/><\/a>\n\t\t\t<\/dt><\/dl><dl class='gallery-item'>\n\t\t\t<dt class='gallery-icon landscape'>\n\t\t\t\t<a href=\"https:\/\/static-blogs.diariovasco.com\/wp-content\/uploads\/sites\/59\/2014\/06\/4-cocina.jpg\"><img width=\"150\" height=\"150\" src=\"https:\/\/static-blogs.diariovasco.com\/wp-content\/uploads\/sites\/59\/2014\/06\/4-cocina-150x150.jpg\" class=\"attachment-thumbnail size-thumbnail\" alt=\"\" loading=\"lazy\" \/><\/a>\n\t\t\t<\/dt><\/dl><br style=\"clear: both\" \/><dl class='gallery-item'>\n\t\t\t<dt class='gallery-icon portrait'>\n\t\t\t\t<a href=\"https:\/\/static-blogs.diariovasco.com\/wp-content\/uploads\/sites\/59\/2014\/06\/5-comedor2.jpg\"><img width=\"150\" height=\"150\" src=\"https:\/\/static-blogs.diariovasco.com\/wp-content\/uploads\/sites\/59\/2014\/06\/5-comedor2-150x150.jpg\" class=\"attachment-thumbnail size-thumbnail\" alt=\"\" loading=\"lazy\" \/><\/a>\n\t\t\t<\/dt><\/dl><dl class='gallery-item'>\n\t\t\t<dt class='gallery-icon portrait'>\n\t\t\t\t<a href=\"https:\/\/static-blogs.diariovasco.com\/wp-content\/uploads\/sites\/59\/2014\/06\/6-ba\u00f1o.jpg\"><img width=\"150\" height=\"150\" src=\"https:\/\/static-blogs.diariovasco.com\/wp-content\/uploads\/sites\/59\/2014\/06\/6-ba\u00f1o-150x150.jpg\" class=\"attachment-thumbnail size-thumbnail\" alt=\"\" loading=\"lazy\" \/><\/a>\n\t\t\t<\/dt><\/dl><br style=\"clear: both\" \/>\n\t\t<\/div>\n\n<p>En este estudio-apartamento en Melbourne, vemos que con peque\u00f1os detalles, se puede equipar y ambientar un espacio de peque\u00f1as dimensiones.<\/p>\n<p>El espacio principal se dejado unido, comunicando cocina-comedor y estar, unificando todo ello con el color blanco y dando detalles de fuerza con el azul, como por ejemplo en el sof\u00e1, de respaldo bajo, para no ocupar visualmente el espacio. Las paredes y cocina, se queda con el blanco, matizado por el suelo en pino natural, lo que le da un punto de calidez a todo el conjunto.<\/p>\n<p>Que os parece este caso, llevando a la m\u00ednima expresi\u00f3n la ambientaci\u00f3n de este apartamento \u2026 \u00bf<\/p>\n<p>Fotos v\u00eda: trendir<\/p>\n<!-- AddThis Advanced Settings generic via filter on the_content --><!-- AddThis Share Buttons generic via filter on the_content -->","protected":false},"excerpt":{"rendered":"<p>En este estudio-apartamento en Melbourne, vemos que con peque\u00f1os detalles, se puede equipar y ambientar un espacio de peque\u00f1as dimensiones. El espacio principal se dejado unido, comunicando cocina-comedor y estar, unificando todo ello con el color blanco y dando detalles de fuerza con el azul, como por ejemplo en el sof\u00e1, de respaldo bajo, para [&hellip;]<!-- AddThis Advanced Settings generic via filter on get_the_excerpt --><!-- AddThis Share Buttons generic via filter on get_the_excerpt --><\/p>\n","protected":false},"author":88,"featured_media":0,"comment_status":"open","ping_status":"closed","sticky":false,"template":"","format":"standard","meta":[],"categories":[3],"tags":[25,29,106],"_links":{"self":[{"href":"https:\/\/blogs.diariovasco.com\/lacasadecora\/wp-json\/wp\/v2\/posts\/781"}],"collection":[{"href":"https:\/\/blogs.diariovasco.com\/lacasadecora\/wp-json\/wp\/v2\/posts"}],"about":[{"href":"https:\/\/blogs.diariovasco.com\/lacasadecora\/wp-json\/wp\/v2\/types\/post"}],"author":[{"embeddable":true,"href":"https:\/\/blogs.diariovasco.com\/lacasadecora\/wp-json\/wp\/v2\/users\/88"}],"replies":[{"embeddable":true,"href":"https:\/\/blogs.diariovasco.com\/lacasadecora\/wp-json\/wp\/v2\/comments?post=781"}],"version-history":[{"count":0,"href":"https:\/\/blogs.diariovasco.com\/lacasadecora\/wp-json\/wp\/v2\/posts\/781\/revisions"}],"wp:attachment":[{"href":"https:\/\/blogs.diariovasco.com\/lacasadecora\/wp-json\/wp\/v2\/media?parent=781"}],"wp:term":[{"taxonomy":"category","embeddable":true,"href":"https:\/\/blogs.diariovasco.com\/lacasadecora\/wp-json\/wp\/v2\/categories?post=781"},{"taxonomy":"post_tag","embeddable":true,"href":"https:\/\/blogs.diariovasco.com\/lacasadecora\/wp-json\/wp\/v2\/tags?post=781"}],"curies":[{"name":"wp","href":"https:\/\/api.w.org\/{rel}","templated":true}]}}