{"id":831,"date":"2014-07-31T12:19:09","date_gmt":"2014-07-31T10:19:09","guid":{"rendered":"http:\/\/blogs.diariovasco.com\/lacasadecora\/?p=831"},"modified":"2017-02-03T05:55:56","modified_gmt":"2017-02-03T04:55:56","slug":"de-vacaciones-2","status":"publish","type":"post","link":"https:\/\/blogs.diariovasco.com\/lacasadecora\/de-vacaciones-2\/2014\/07\/31\/","title":{"rendered":"De vacaciones"},"content":{"rendered":"\n<p>Este apartamento, est\u00e1 dise\u00f1ado para alojar a sus due\u00f1os, durante cortas temporadas de tiempo, vacaciones&#8230;, etc., en Lituania.<\/p>\n<p>de demolieron, todas las separaciones entre habitaciones, y se ha dejado espacios m\u00e1s amplios, para que se cree una sensaci\u00f3n espacial mayor, sobre todo en la zona de d\u00eda, jugando con amplias puertas correderas.<\/p>\n<p>En la zona de estar, el sof\u00e1 se ha dise\u00f1ado para que se pueda adaptar a la cantidad de personas que lo ocupen en ese momento, y por la noche se puede usar como cama, su uso es polivalente, como distintos elementos de la casa&#8230;<\/p>\n<p>Os gustar\u00eda transformar vuestra vivienda habitual o de vacaciones &#8230;?<\/p>\n<p>Fotos v\u00eda: homeDSGN<\/p>\n<!-- AddThis Advanced Settings generic via filter on the_content --><!-- AddThis Share Buttons generic via filter on the_content -->","protected":false},"excerpt":{"rendered":"<p>Este apartamento, est\u00e1 dise\u00f1ado para alojar a sus due\u00f1os, durante cortas temporadas de tiempo, vacaciones&#8230;, etc., en Lituania. de demolieron, todas las separaciones entre habitaciones, y se ha dejado espacios m\u00e1s amplios, para que se cree una sensaci\u00f3n espacial mayor, sobre todo en la zona de d\u00eda, jugando con amplias puertas correderas. En la zona [&hellip;]<!-- AddThis Advanced Settings generic via filter on get_the_excerpt --><!-- AddThis Share Buttons generic via filter on get_the_excerpt --><\/p>\n","protected":false},"author":88,"featured_media":0,"comment_status":"open","ping_status":"closed","sticky":false,"template":"","format":"standard","meta":[],"categories":[3],"tags":[25,128,183],"_links":{"self":[{"href":"https:\/\/blogs.diariovasco.com\/lacasadecora\/wp-json\/wp\/v2\/posts\/831"}],"collection":[{"href":"https:\/\/blogs.diariovasco.com\/lacasadecora\/wp-json\/wp\/v2\/posts"}],"about":[{"href":"https:\/\/blogs.diariovasco.com\/lacasadecora\/wp-json\/wp\/v2\/types\/post"}],"author":[{"embeddable":true,"href":"https:\/\/blogs.diariovasco.com\/lacasadecora\/wp-json\/wp\/v2\/users\/88"}],"replies":[{"embeddable":true,"href":"https:\/\/blogs.diariovasco.com\/lacasadecora\/wp-json\/wp\/v2\/comments?post=831"}],"version-history":[{"count":1,"href":"https:\/\/blogs.diariovasco.com\/lacasadecora\/wp-json\/wp\/v2\/posts\/831\/revisions"}],"predecessor-version":[{"id":2541,"href":"https:\/\/blogs.diariovasco.com\/lacasadecora\/wp-json\/wp\/v2\/posts\/831\/revisions\/2541"}],"wp:attachment":[{"href":"https:\/\/blogs.diariovasco.com\/lacasadecora\/wp-json\/wp\/v2\/media?parent=831"}],"wp:term":[{"taxonomy":"category","embeddable":true,"href":"https:\/\/blogs.diariovasco.com\/lacasadecora\/wp-json\/wp\/v2\/categories?post=831"},{"taxonomy":"post_tag","embeddable":true,"href":"https:\/\/blogs.diariovasco.com\/lacasadecora\/wp-json\/wp\/v2\/tags?post=831"}],"curies":[{"name":"wp","href":"https:\/\/api.w.org\/{rel}","templated":true}]}}