{"id":876,"date":"2014-08-28T10:33:56","date_gmt":"2014-08-28T08:33:56","guid":{"rendered":"http:\/\/blogs.diariovasco.com\/lacasadecora\/?p=876"},"modified":"2014-08-28T10:33:56","modified_gmt":"2014-08-28T08:33:56","slug":"vigas-en-la-buhardilla","status":"publish","type":"post","link":"https:\/\/blogs.diariovasco.com\/lacasadecora\/vigas-en-la-buhardilla\/2014\/08\/28\/","title":{"rendered":"Vigas en la buhardilla"},"content":{"rendered":"\n\t\t<style type=\"text\/css\">\n\t\t\t#gallery-1 {\n\t\t\t\tmargin: auto;\n\t\t\t}\n\t\t\t#gallery-1 .gallery-item {\n\t\t\t\tfloat: left;\n\t\t\t\tmargin-top: 10px;\n\t\t\t\ttext-align: center;\n\t\t\t\twidth: 50%;\n\t\t\t}\n\t\t\t#gallery-1 img {\n\t\t\t\tborder: 2px solid #cfcfcf;\n\t\t\t}\n\t\t\t#gallery-1 .gallery-caption {\n\t\t\t\tmargin-left: 0;\n\t\t\t}\n\t\t\t\/* see gallery_shortcode() in wp-includes\/media.php *\/\n\t\t<\/style>\n\t\t<div id='gallery-1' class='gallery galleryid-876 gallery-columns-2 gallery-size-thumbnail'><dl class='gallery-item'>\n\t\t\t<dt class='gallery-icon landscape'>\n\t\t\t\t<a href=\"https:\/\/static-blogs.diariovasco.com\/wp-content\/uploads\/sites\/59\/2014\/08\/1-estar-general.jpg\"><img width=\"150\" height=\"150\" src=\"https:\/\/static-blogs.diariovasco.com\/wp-content\/uploads\/sites\/59\/2014\/08\/1-estar-general-150x150.jpg\" class=\"attachment-thumbnail size-thumbnail\" alt=\"\" loading=\"lazy\" \/><\/a>\n\t\t\t<\/dt><\/dl><dl class='gallery-item'>\n\t\t\t<dt class='gallery-icon landscape'>\n\t\t\t\t<a href=\"https:\/\/static-blogs.diariovasco.com\/wp-content\/uploads\/sites\/59\/2014\/08\/2-estar-sofas.jpg\"><img width=\"150\" height=\"150\" src=\"https:\/\/static-blogs.diariovasco.com\/wp-content\/uploads\/sites\/59\/2014\/08\/2-estar-sofas-150x150.jpg\" class=\"attachment-thumbnail size-thumbnail\" alt=\"\" loading=\"lazy\" \/><\/a>\n\t\t\t<\/dt><\/dl><br style=\"clear: both\" \/><dl class='gallery-item'>\n\t\t\t<dt class='gallery-icon landscape'>\n\t\t\t\t<a href=\"https:\/\/static-blogs.diariovasco.com\/wp-content\/uploads\/sites\/59\/2014\/08\/3-comedor-a-terraza.jpg\"><img width=\"150\" height=\"150\" src=\"https:\/\/static-blogs.diariovasco.com\/wp-content\/uploads\/sites\/59\/2014\/08\/3-comedor-a-terraza-150x150.jpg\" class=\"attachment-thumbnail size-thumbnail\" alt=\"\" loading=\"lazy\" \/><\/a>\n\t\t\t<\/dt><\/dl><dl class='gallery-item'>\n\t\t\t<dt class='gallery-icon landscape'>\n\t\t\t\t<a href=\"https:\/\/static-blogs.diariovasco.com\/wp-content\/uploads\/sites\/59\/2014\/08\/4-cocina-frontal.jpg\"><img width=\"150\" height=\"150\" src=\"https:\/\/static-blogs.diariovasco.com\/wp-content\/uploads\/sites\/59\/2014\/08\/4-cocina-frontal-150x150.jpg\" class=\"attachment-thumbnail size-thumbnail\" alt=\"\" loading=\"lazy\" \/><\/a>\n\t\t\t<\/dt><\/dl><br style=\"clear: both\" \/><dl class='gallery-item'>\n\t\t\t<dt class='gallery-icon landscape'>\n\t\t\t\t<a href=\"https:\/\/static-blogs.diariovasco.com\/wp-content\/uploads\/sites\/59\/2014\/08\/5-habitacion.jpg\"><img width=\"150\" height=\"150\" src=\"https:\/\/static-blogs.diariovasco.com\/wp-content\/uploads\/sites\/59\/2014\/08\/5-habitacion-150x150.jpg\" class=\"attachment-thumbnail size-thumbnail\" alt=\"\" loading=\"lazy\" \/><\/a>\n\t\t\t<\/dt><\/dl><dl class='gallery-item'>\n\t\t\t<dt class='gallery-icon landscape'>\n\t\t\t\t<a href=\"https:\/\/static-blogs.diariovasco.com\/wp-content\/uploads\/sites\/59\/2014\/08\/6-ba\u00f1o.jpg\"><img width=\"150\" height=\"150\" src=\"https:\/\/static-blogs.diariovasco.com\/wp-content\/uploads\/sites\/59\/2014\/08\/6-ba\u00f1o-150x150.jpg\" class=\"attachment-thumbnail size-thumbnail\" alt=\"\" loading=\"lazy\" \/><\/a>\n\t\t\t<\/dt><\/dl><br style=\"clear: both\" \/>\n\t\t<\/div>\n\n<p><span style=\"font-size: 1.5em;\">En esta buhardilla, situada en el centro de Stockholm, se podr\u00eda decir que las protagonistas absolutas de la misma, son las vigas originales, sacadas a la luz y tratadas, para dejarlas a la vista, contrastando con una gama de colores neutros en todo el conjunto.<\/span><\/p>\n<p>Destacan tambi\u00e9n, la forma de los techos con una inclinaci\u00f3n muy acusada, pero que se ha aprovechado muy bien el espacio \u00fatil en su planta, creando espacios abiertos, pero a la vez delimitados para cada uso-funci\u00f3n.<\/p>\n<p>No se ha utilizado muchas piezas de mueble, son piezas muy puntuales, escogidas para su uso concreto.<\/p>\n<p>La cocina est\u00e1 completamente abierta al sal\u00f3n, una tendencia que cada vez tiene m\u00e1s adeptos, ya que unificando, los espacios parecen mucho m\u00e1s grandes y amplios, a la vez que permite interactuar.<\/p>\n<p>Vemos un espacio en el que se utiliza el blanco y el negro creando un bonito contraste. Destacar la campana extractora de dise\u00f1o, el frontal de ladrillo en negro, los muebles lacados en blanco, la placa de gas como en los mejores restaurantes y la gran isla central, que act\u00faa como barra para comidas o desayunos.<\/p>\n<p>El dormitorio y el ba\u00f1o transmiten una gran sensaci\u00f3n de tranquilidad gracias a los tonos claros, dejando todo el protagonismo a las vigas de madera presentes por todo la buhardilla.<\/p>\n<h2>Fotos v\u00eda: minspire<\/h2>\n<!-- AddThis Advanced Settings generic via filter on the_content --><!-- AddThis Share Buttons generic via filter on the_content -->","protected":false},"excerpt":{"rendered":"<p>En esta buhardilla, situada en el centro de Stockholm, se podr\u00eda decir que las protagonistas absolutas de la misma, son las vigas originales, sacadas a la luz y tratadas, para dejarlas a la vista, contrastando con una gama de colores neutros en todo el conjunto. Destacan tambi\u00e9n, la forma de los techos con una inclinaci\u00f3n [&hellip;]<!-- AddThis Advanced Settings generic via filter on get_the_excerpt --><!-- AddThis Share Buttons generic via filter on get_the_excerpt --><\/p>\n","protected":false},"author":88,"featured_media":0,"comment_status":"open","ping_status":"closed","sticky":false,"template":"","format":"standard","meta":[],"categories":[3],"tags":[29,45,106],"_links":{"self":[{"href":"https:\/\/blogs.diariovasco.com\/lacasadecora\/wp-json\/wp\/v2\/posts\/876"}],"collection":[{"href":"https:\/\/blogs.diariovasco.com\/lacasadecora\/wp-json\/wp\/v2\/posts"}],"about":[{"href":"https:\/\/blogs.diariovasco.com\/lacasadecora\/wp-json\/wp\/v2\/types\/post"}],"author":[{"embeddable":true,"href":"https:\/\/blogs.diariovasco.com\/lacasadecora\/wp-json\/wp\/v2\/users\/88"}],"replies":[{"embeddable":true,"href":"https:\/\/blogs.diariovasco.com\/lacasadecora\/wp-json\/wp\/v2\/comments?post=876"}],"version-history":[{"count":0,"href":"https:\/\/blogs.diariovasco.com\/lacasadecora\/wp-json\/wp\/v2\/posts\/876\/revisions"}],"wp:attachment":[{"href":"https:\/\/blogs.diariovasco.com\/lacasadecora\/wp-json\/wp\/v2\/media?parent=876"}],"wp:term":[{"taxonomy":"category","embeddable":true,"href":"https:\/\/blogs.diariovasco.com\/lacasadecora\/wp-json\/wp\/v2\/categories?post=876"},{"taxonomy":"post_tag","embeddable":true,"href":"https:\/\/blogs.diariovasco.com\/lacasadecora\/wp-json\/wp\/v2\/tags?post=876"}],"curies":[{"name":"wp","href":"https:\/\/api.w.org\/{rel}","templated":true}]}}