{"id":1030,"date":"2021-09-21T10:24:14","date_gmt":"2021-09-21T09:24:14","guid":{"rendered":"https:\/\/blogs.diariovasco.com\/lapsicologaencasa\/?p=1030"},"modified":"2021-09-21T10:24:14","modified_gmt":"2021-09-21T09:24:14","slug":"deja-aumentar-tu-silencio-algo-surgira","status":"publish","type":"post","link":"https:\/\/blogs.diariovasco.com\/lapsicologaencasa\/2021\/09\/21\/deja-aumentar-tu-silencio-algo-surgira\/","title":{"rendered":"Deja aumentar tu silencio, algo surgir\u00e1"},"content":{"rendered":"<p><a href=\"https:\/\/static-blogs.diariovasco.com\/wp-content\/uploads\/sites\/22\/2021\/03\/mckenzie-river-5129717_640.jpg\"><img loading=\"lazy\" class=\"alignnone size-medium wp-image-991\" src=\"https:\/\/static-blogs.diariovasco.com\/wp-content\/uploads\/sites\/22\/2021\/03\/mckenzie-river-5129717_640-300x200.jpg\" alt=\"\" width=\"300\" height=\"200\" srcset=\"https:\/\/static-blogs.diariovasco.com\/wp-content\/uploads\/sites\/22\/2021\/03\/mckenzie-river-5129717_640-300x200.jpg 300w, https:\/\/static-blogs.diariovasco.com\/wp-content\/uploads\/sites\/22\/2021\/03\/mckenzie-river-5129717_640.jpg 640w\" sizes=\"(max-width: 300px) 100vw, 300px\" \/><\/a><\/p>\n<p>&nbsp;<\/p>\n<p>D\u00e9jate reposar en silencio lo que sientes en el cuerpo, date un tiempo para vivir conscientemente lo que te surge, y algo cambiar\u00e1.<\/p>\n<p>No se trata de analizar mentalmente los pros y los contra.<\/p>\n<p>Se trata de vivir lo que sientes como si lo eligieras conscientemente.<\/p>\n<p>Elijo vivir ahora esta relaci\u00f3n dej\u00e1ndome llevar.<\/p>\n<p>Con todas mis dudas, con todos mis miedos en el fondo.<\/p>\n<p>Pero ya que ahora no puedo tomar una decisi\u00f3n, elijo ir a favor de la corriente, no en contra de ella, luchando dentro de m\u00ed.<\/p>\n<p>Para salir de un atolladero tengo que atravesar y vivir la incertidumbre.<\/p>\n<p>Aunque no te guste<\/p>\n<p>Porque preferir\u00edas tener las cosas claras y tomar ya una decisi\u00f3n.<\/p>\n<p>Pero no puedes quemar etapas, saltarte el momento en el que est\u00e1s.<\/p>\n<p>Y tu momento es ir a otro ritmo, m\u00e1s despacio, sin prisas.<\/p>\n<p>Porque una cosa es lo que a tu cabeza le gustar\u00eda y otra lo que puede tu cuerpo en este momento.<\/p>\n<p>Resp\u00e9tate<\/p>\n<p>D\u00e9jate en paz<\/p>\n<p>No tengas miedo a que nada cambie porque la consciencia que pones a la situaci\u00f3n, propiciar\u00e1 el cambio.<\/p>\n<p>T\u00fa no puedes olvidar tus deseos profundos, tu necesidad de un cambio en tu vida, y \u00e9ste llegar\u00e1 cuando sea su momento, no cuando t\u00fa lo programes.<\/p>\n<p>Y esos deseos y necesidades profundas est\u00e1n pugnando por salir.<\/p>\n<p>D\u00e9jales espacio desde el silencio, no desde la lucha.<\/p>\n<p>&nbsp;<\/p>\n<p>Caminamos\u2026Bel\u00e9n Casado Mendiluce<\/p>\n<p>belencasadomendiluce@gmail.com<\/p>\n<!-- AddThis Advanced Settings generic via filter on the_content --><!-- AddThis Share Buttons generic via filter on the_content -->","protected":false},"excerpt":{"rendered":"<p>&nbsp; D\u00e9jate reposar en silencio lo que sientes en el cuerpo, date un tiempo para vivir conscientemente lo que te surge, y algo cambiar\u00e1. No se trata de analizar mentalmente los pros y los contra. Se trata de vivir lo que sientes como si lo eligieras conscientemente. Elijo vivir ahora esta relaci\u00f3n dej\u00e1ndome llevar. Con [&hellip;]<!-- AddThis Advanced Settings generic via filter on get_the_excerpt --><!-- AddThis Share Buttons generic via filter on get_the_excerpt --><\/p>\n","protected":false},"author":39,"featured_media":0,"comment_status":"open","ping_status":"closed","sticky":false,"template":"","format":"standard","meta":[],"categories":[1],"tags":[],"_links":{"self":[{"href":"https:\/\/blogs.diariovasco.com\/lapsicologaencasa\/wp-json\/wp\/v2\/posts\/1030"}],"collection":[{"href":"https:\/\/blogs.diariovasco.com\/lapsicologaencasa\/wp-json\/wp\/v2\/posts"}],"about":[{"href":"https:\/\/blogs.diariovasco.com\/lapsicologaencasa\/wp-json\/wp\/v2\/types\/post"}],"author":[{"embeddable":true,"href":"https:\/\/blogs.diariovasco.com\/lapsicologaencasa\/wp-json\/wp\/v2\/users\/39"}],"replies":[{"embeddable":true,"href":"https:\/\/blogs.diariovasco.com\/lapsicologaencasa\/wp-json\/wp\/v2\/comments?post=1030"}],"version-history":[{"count":1,"href":"https:\/\/blogs.diariovasco.com\/lapsicologaencasa\/wp-json\/wp\/v2\/posts\/1030\/revisions"}],"predecessor-version":[{"id":1031,"href":"https:\/\/blogs.diariovasco.com\/lapsicologaencasa\/wp-json\/wp\/v2\/posts\/1030\/revisions\/1031"}],"wp:attachment":[{"href":"https:\/\/blogs.diariovasco.com\/lapsicologaencasa\/wp-json\/wp\/v2\/media?parent=1030"}],"wp:term":[{"taxonomy":"category","embeddable":true,"href":"https:\/\/blogs.diariovasco.com\/lapsicologaencasa\/wp-json\/wp\/v2\/categories?post=1030"},{"taxonomy":"post_tag","embeddable":true,"href":"https:\/\/blogs.diariovasco.com\/lapsicologaencasa\/wp-json\/wp\/v2\/tags?post=1030"}],"curies":[{"name":"wp","href":"https:\/\/api.w.org\/{rel}","templated":true}]}}