{"id":1061,"date":"2022-01-28T10:43:19","date_gmt":"2022-01-28T09:43:19","guid":{"rendered":"https:\/\/blogs.diariovasco.com\/lapsicologaencasa\/?p=1061"},"modified":"2022-01-28T10:43:19","modified_gmt":"2022-01-28T09:43:19","slug":"no-temas","status":"publish","type":"post","link":"https:\/\/blogs.diariovasco.com\/lapsicologaencasa\/2022\/01\/28\/no-temas\/","title":{"rendered":"No temas"},"content":{"rendered":"<p><a href=\"https:\/\/static-blogs.diariovasco.com\/wp-content\/uploads\/sites\/22\/2020\/06\/hands-1926414_640.jpg\"><img loading=\"lazy\" class=\"alignnone size-medium wp-image-917\" src=\"https:\/\/static-blogs.diariovasco.com\/wp-content\/uploads\/sites\/22\/2020\/06\/hands-1926414_640-300x184.jpg\" alt=\"\" width=\"300\" height=\"184\" srcset=\"https:\/\/static-blogs.diariovasco.com\/wp-content\/uploads\/sites\/22\/2020\/06\/hands-1926414_640-300x184.jpg 300w, https:\/\/static-blogs.diariovasco.com\/wp-content\/uploads\/sites\/22\/2020\/06\/hands-1926414_640.jpg 640w\" sizes=\"(max-width: 300px) 100vw, 300px\" \/><\/a><\/p>\n<p>&nbsp;<\/p>\n<p>Cuando el miedo te atenaza, cuando tu cabeza busca mil razones para tenerte encogido y temeroso, es hora de parar para devolverte la confianza en ti mismo.<\/p>\n<p>&nbsp;<\/p>\n<p>El miedo es envolvente<\/p>\n<p>Perseguidor,<\/p>\n<p>Te sigue hasta los momentos en que te comienzas a despertar en la cama<\/p>\n<p>Estoy aqu\u00ed<\/p>\n<p>Y no me vas a quitar de encima<\/p>\n<p>Voy a ser tu sombra de d\u00eda y de noche<\/p>\n<p>&nbsp;<\/p>\n<p>Cuanto m\u00e1s luches contra m\u00ed, m\u00e1s permanezco<\/p>\n<p>Cuanto m\u00e1s miedo me tienes, m\u00e1s te ensombrezco<\/p>\n<p>Me nutro de la energ\u00eda de tu desesperaci\u00f3n<\/p>\n<p>Para hacerme m\u00e1s grande y asfixiante<\/p>\n<p>&nbsp;<\/p>\n<p>Intentas darte razones para no tenerme<\/p>\n<p>Pero la cabeza no puede encontrar una soluci\u00f3n<\/p>\n<p>Porque ella misma forma parte del problema<\/p>\n<p>&nbsp;<\/p>\n<p>Pero no estoy preparado para un cambio de tu actitud<\/p>\n<p>No estoy preparado para que dejes de luchar contra m\u00ed<\/p>\n<p>Y me acojas<\/p>\n<p>Me dejes estar a tu lado aunque te desagrade<\/p>\n<p>&nbsp;<\/p>\n<p>La \u00fanica forma en que te doy un respiro<\/p>\n<p>Es darme un abrazo cari\u00f1oso<\/p>\n<p>Decirme: s\u00e9 que est\u00e1s a mi lado<\/p>\n<p>Y te dejo que vengas conmigo en mi vida diaria<\/p>\n<p>A hacer la compra o a trabajar<\/p>\n<p>Aunque no me gustes<\/p>\n<p>Aunque preferir\u00eda que no estuvieras<\/p>\n<p>Pero est\u00e1s<\/p>\n<p>&nbsp;<\/p>\n<p>Entonces, t\u00fa no gastas energ\u00eda luchando contra m\u00ed<\/p>\n<p>Dejas de alimentarme con tu lucha<\/p>\n<p>Como miedo me dejas tranquilo<\/p>\n<p>Y entonces, te dejo descansar<\/p>\n<p>&nbsp;<\/p>\n<p>Como miedo no tengo en ti a un enemigo<\/p>\n<p>Sino a un amigo que me comprende<\/p>\n<p>Y me deja estar en paz.<\/p>\n<p>&nbsp;<\/p>\n<p>S\u00f3lo as\u00ed nos reconciliamos<\/p>\n<p>El miedo y yo<\/p>\n<p>S\u00f3lo as\u00ed dejamos de estar enfrentados<\/p>\n<p>Y vamos de la mano<\/p>\n<p>Acogi\u00e9ndome<\/p>\n<p>&nbsp;<\/p>\n<p>Bel\u00e9n Casado Mendiluce<\/p>\n<p>belencasadomendiluce@gmail.com<\/p>\n<p>&nbsp;<\/p>\n<p>&nbsp;<\/p>\n<p>&nbsp;<\/p>\n<!-- AddThis Advanced Settings generic via filter on the_content --><!-- AddThis Share Buttons generic via filter on the_content -->","protected":false},"excerpt":{"rendered":"<p>&nbsp; Cuando el miedo te atenaza, cuando tu cabeza busca mil razones para tenerte encogido y temeroso, es hora de parar para devolverte la confianza en ti mismo. &nbsp; El miedo es envolvente Perseguidor, Te sigue hasta los momentos en que te comienzas a despertar en la cama Estoy aqu\u00ed Y no me vas a [&hellip;]<!-- AddThis Advanced Settings generic via filter on get_the_excerpt --><!-- AddThis Share Buttons generic via filter on get_the_excerpt --><\/p>\n","protected":false},"author":39,"featured_media":0,"comment_status":"open","ping_status":"closed","sticky":false,"template":"","format":"standard","meta":[],"categories":[1],"tags":[],"_links":{"self":[{"href":"https:\/\/blogs.diariovasco.com\/lapsicologaencasa\/wp-json\/wp\/v2\/posts\/1061"}],"collection":[{"href":"https:\/\/blogs.diariovasco.com\/lapsicologaencasa\/wp-json\/wp\/v2\/posts"}],"about":[{"href":"https:\/\/blogs.diariovasco.com\/lapsicologaencasa\/wp-json\/wp\/v2\/types\/post"}],"author":[{"embeddable":true,"href":"https:\/\/blogs.diariovasco.com\/lapsicologaencasa\/wp-json\/wp\/v2\/users\/39"}],"replies":[{"embeddable":true,"href":"https:\/\/blogs.diariovasco.com\/lapsicologaencasa\/wp-json\/wp\/v2\/comments?post=1061"}],"version-history":[{"count":1,"href":"https:\/\/blogs.diariovasco.com\/lapsicologaencasa\/wp-json\/wp\/v2\/posts\/1061\/revisions"}],"predecessor-version":[{"id":1062,"href":"https:\/\/blogs.diariovasco.com\/lapsicologaencasa\/wp-json\/wp\/v2\/posts\/1061\/revisions\/1062"}],"wp:attachment":[{"href":"https:\/\/blogs.diariovasco.com\/lapsicologaencasa\/wp-json\/wp\/v2\/media?parent=1061"}],"wp:term":[{"taxonomy":"category","embeddable":true,"href":"https:\/\/blogs.diariovasco.com\/lapsicologaencasa\/wp-json\/wp\/v2\/categories?post=1061"},{"taxonomy":"post_tag","embeddable":true,"href":"https:\/\/blogs.diariovasco.com\/lapsicologaencasa\/wp-json\/wp\/v2\/tags?post=1061"}],"curies":[{"name":"wp","href":"https:\/\/api.w.org\/{rel}","templated":true}]}}