{"id":740,"date":"2018-09-12T08:46:18","date_gmt":"2018-09-12T07:46:18","guid":{"rendered":"https:\/\/blogs.diariovasco.com\/lapsicologaencasa\/?p=740"},"modified":"2018-09-12T09:15:28","modified_gmt":"2018-09-12T08:15:28","slug":"compararse-no-es-de-justicia","status":"publish","type":"post","link":"https:\/\/blogs.diariovasco.com\/lapsicologaencasa\/2018\/09\/12\/compararse-no-es-de-justicia\/","title":{"rendered":"Compararse no es de justicia"},"content":{"rendered":"<p>Todos estamos muy acostumbrados a compararnos unos con otros, comparaciones en las que habitualmente solemos quedar en desventaja: somos menos pudientes econ\u00f3micamente, tenemos hijos con m\u00e1s problemas o somos personas menos sociables que los dem\u00e1s. Pero esas comparaciones s\u00f3lo reflejan nuestra baja autoestima y no nos ayudan en nada.<\/p>\n<p>Es obvio que todas las personas somos diferentes y que no existe ninguna persona perfecta, que re\u00fana todas las cualidades en s\u00ed misma. Pero no es justo para nosotros mismos buscarnos constantemente defectos ni creer que tenemos\u00a0 que estar permanentemente insatisfechos con nosotros mismos para as\u00ed mejorar.<\/p>\n<p>No te olvides de que una persona mejora a base de apoyarse en las cualidades que ya tiene, no en base de recordarse constantemente las carencias que posee. Esto es como un edificio con buenos cimientos en los que se apoya (las cualidades que ya tiene) y, desde ah\u00ed, se van construyendo los pisos siguientes.<\/p>\n<p>Uno no tiene que ser mejor persona porque se compara con los dem\u00e1s, como si uno se propusiera alcanzar una meta cada vez m\u00e1s dif\u00edcil. La vida no tiene que ser una carrera de obst\u00e1culos ni una competici\u00f3n entre lo que quiero ser y lo que soy. Tengo que valorar lo que ya soy como persona y desde ah\u00ed ir evolucionando como consecuencia de ir desarrollando la consciencia que soy.<\/p>\n<p>Eso es lo realmente importante en la vida: desarrollar la consciencia, la capacidad de darme cuenta, el tomar consciencia de m\u00ed y de lo que me rodea. Y eso se hace en un camino que dura toda la vida y para lo que s\u00f3lo hace falta una cosa: estar abiertos, en la medida en que se pueda, a aprender.<\/p>\n<p>Val\u00f3rate como eres, si\u00e9ntete a gusto en tu propia piel, y c\u00e9ntrate m\u00e1s en ti mismo que en c\u00f3mo son los dem\u00e1s. Y para centrarte en ti mismo, act\u00faa directamente m\u00e1s que darle vueltas a las cosas. Normalmente, la vida te presenta situaciones en las que lo mejor y m\u00e1s adecuado es simplemente <em>actuar,<\/em> y uno pasa a la acci\u00f3n, no sin cierto esfuerzo, pero tambi\u00e9n con cierta liberaci\u00f3n.<\/p>\n<p>Cuanto m\u00e1s te compares con los dem\u00e1s menos justicia te haces a ti mismo, porque no te tratas con paciencia y comprensi\u00f3n sino como si fueras un juez exigente contigo mismo. Despr\u00e9ndete de \u00e9l.<\/p>\n<p>&nbsp;<\/p>\n<p>Caminamos&#8230;Bel\u00e9n Casado Mendiluce<\/p>\n<p>belencasadomendiluce@gmail.com<\/p>\n<p>www.psicologiapersonalizante.com<\/p>\n<!-- AddThis Advanced Settings generic via filter on the_content --><!-- AddThis Share Buttons generic via filter on the_content -->","protected":false},"excerpt":{"rendered":"<p>Todos estamos muy acostumbrados a compararnos unos con otros, comparaciones en las que habitualmente solemos quedar en desventaja: somos menos pudientes econ\u00f3micamente, tenemos hijos con m\u00e1s problemas o somos personas menos sociables que los dem\u00e1s. Pero esas comparaciones s\u00f3lo reflejan nuestra baja autoestima y no nos ayudan en nada. Es obvio que todas las personas [&hellip;]<!-- AddThis Advanced Settings generic via filter on get_the_excerpt --><!-- AddThis Share Buttons generic via filter on get_the_excerpt --><\/p>\n","protected":false},"author":39,"featured_media":0,"comment_status":"open","ping_status":"closed","sticky":false,"template":"","format":"standard","meta":[],"categories":[1],"tags":[],"_links":{"self":[{"href":"https:\/\/blogs.diariovasco.com\/lapsicologaencasa\/wp-json\/wp\/v2\/posts\/740"}],"collection":[{"href":"https:\/\/blogs.diariovasco.com\/lapsicologaencasa\/wp-json\/wp\/v2\/posts"}],"about":[{"href":"https:\/\/blogs.diariovasco.com\/lapsicologaencasa\/wp-json\/wp\/v2\/types\/post"}],"author":[{"embeddable":true,"href":"https:\/\/blogs.diariovasco.com\/lapsicologaencasa\/wp-json\/wp\/v2\/users\/39"}],"replies":[{"embeddable":true,"href":"https:\/\/blogs.diariovasco.com\/lapsicologaencasa\/wp-json\/wp\/v2\/comments?post=740"}],"version-history":[{"count":2,"href":"https:\/\/blogs.diariovasco.com\/lapsicologaencasa\/wp-json\/wp\/v2\/posts\/740\/revisions"}],"predecessor-version":[{"id":742,"href":"https:\/\/blogs.diariovasco.com\/lapsicologaencasa\/wp-json\/wp\/v2\/posts\/740\/revisions\/742"}],"wp:attachment":[{"href":"https:\/\/blogs.diariovasco.com\/lapsicologaencasa\/wp-json\/wp\/v2\/media?parent=740"}],"wp:term":[{"taxonomy":"category","embeddable":true,"href":"https:\/\/blogs.diariovasco.com\/lapsicologaencasa\/wp-json\/wp\/v2\/categories?post=740"},{"taxonomy":"post_tag","embeddable":true,"href":"https:\/\/blogs.diariovasco.com\/lapsicologaencasa\/wp-json\/wp\/v2\/tags?post=740"}],"curies":[{"name":"wp","href":"https:\/\/api.w.org\/{rel}","templated":true}]}}