{"id":105,"date":"2013-09-26T23:48:23","date_gmt":"2013-09-26T21:48:23","guid":{"rendered":"http:\/\/blogs.diariovasco.com\/madre-aprendiz\/?p=105"},"modified":"2013-09-26T23:48:23","modified_gmt":"2013-09-26T21:48:23","slug":"proceso-de-noadaptacion","status":"publish","type":"post","link":"https:\/\/blogs.diariovasco.com\/madre-aprendiz\/2013\/09\/26\/proceso-de-noadaptacion\/","title":{"rendered":"Proceso de (no)adaptaci\u00f3n"},"content":{"rendered":"<p>El proceso de (no)adaptaci\u00f3n est\u00e1 llegando al fin de muchos. De muchos padres, dir\u00eda yo; porque los ni\u00f1os, aunque sufran, buscar\u00e1n en el juego su refugio y seguir\u00e1n jugando y descubriendo su mundo. As\u00ed es la naturaleza humana. As\u00ed de bien estamos hechos.<\/p>\n<p><strong>El juego es lo m\u00e1s importante en la vida de los ni\u00f1os<\/strong>. De los grandes, de los peque\u00f1os, de los beb\u00e9s&#8230; Si los beb\u00e9s que a\u00fan no hablan o los que no quieren (o no saben) hablar de sus emociones, sufren demasiado en su proceso de adaptaci\u00f3n, encontrar\u00e1n en el juego su v\u00eda de escape ante esta situaci\u00f3n nueva que supone una separaci\u00f3n de sus pap\u00e1s. Si tienen sufrimiento interno en situaciones de cambio, y no lo pueden verbalizar, quiz\u00e1 sea su cuerpo quien hable.<\/p>\n<p>Dermatitis at\u00f3pica, catarros, mocos, despertares nocturnos frecuentos, terrores, pegar, morder, escupir&#8230; \u00bfSon hechos habituales de los ni\u00f1os o son la manera en la que expresan sus sufrimientos, dolores y desacuerdos familiares?<\/p>\n<p>Yo soy de las que opina que todo que les pasa a los ni\u00f1os es una gran lecci\u00f3n para nosotros como padres. Y as\u00ed me gusta verlo, en las alegr\u00edas y en las penas. En la salud y en la enfermedad y en mi viaje, a trav\u00e9s de la maternidad, agradable a la vez que agotador y frustrante.<a href=\"\/madre-aprendiz\/wp-content\/uploads\/sites\/57\/2013\/09\/alexycloedelamano.jpg\"><img loading=\"lazy\" class=\"aligncenter size-medium wp-image-106\" title=\"alexycloedelamano\" src=\"\/madre-aprendiz\/wp-content\/uploads\/sites\/57\/2013\/09\/alexycloedelamano.jpg\" alt=\"\" width=\"300\" height=\"225\" srcset=\"https:\/\/static-blogs.diariovasco.com\/wp-content\/uploads\/sites\/57\/2013\/09\/alexycloedelamano.jpg 800w, https:\/\/static-blogs.diariovasco.com\/wp-content\/uploads\/sites\/57\/2013\/09\/alexycloedelamano-300x225.jpg 300w, https:\/\/static-blogs.diariovasco.com\/wp-content\/uploads\/sites\/57\/2013\/09\/alexycloedelamano-768x576.jpg 768w\" sizes=\"(max-width: 300px) 100vw, 300px\" \/><\/a><\/p>\n<p>Todo me viene a la cabeza en estos d\u00edas tan especiales ya que leo por las redes c\u00f3mo las adaptaciones van llegando a su fin. Y as\u00ed parece que es. Muchos ni\u00f1os sufren, sufrieron y algunos seguir\u00e1n sufriendo. Y buena parte del dolor del ni\u00f1o lo proyecta sobre todo la mam\u00e1. Si la mam\u00e1 est\u00e1 bien, el ni\u00f1o suele estar bien.<\/p>\n<p>Colegios, escuelas infantiles, madres de d\u00eda, guarder\u00edas, abuelos, cuidadores&#8230; Todas las opciones son v\u00e1lidas; s\u00f3lo depende de la familia con la que hables.<\/p>\n<p>En esta importante elecci\u00f3n a m\u00ed me apetec\u00eda hacer especial hincapi\u00e9 en la <strong>intuici\u00f3n de las familias<\/strong>, en nuestras sensaciones y en saber escucharlas antes que o\u00edr la voz de la sociedad.<\/p>\n<p><strong>Si sientes que tu hijo no est\u00e1 a gusto en un espacio<\/strong>, y ya son d\u00edas que lo sientes y la situaci\u00f3n no mejora; o incluso si ves que est\u00e1 bien pero su cuerpo habla o cualquier otra situaci\u00f3n que te incomode, ati\u00e9ndele y plant\u00e9ate por qu\u00e9 puede sucederle esto. <strong>Si llegas a la conclusi\u00f3n, despu\u00e9s de un buen an\u00e1lisis, de que no est\u00e1 en el lugar adecuado, c\u00e1mbiale<\/strong>. No te dejes amedrentar por las opiniones de los dem\u00e1s (a veces incluso expertos) de que tu ni\u00f1o se tiene que hacer a ello y que si le atiendes le malcriar\u00e1s y bla bla bla.<\/p>\n<p>Seguro que hay muchos ni\u00f1os que pasen por ello y al final se adapten (o eso parezca), pero quiz\u00e1s el tuyo no. Los ni\u00f1os tienen unos procesos propios, unos ritmos de desarrollo \u00fanicos y son seres individuales. Y como tales que son no nos puede servir lo que opine la mayor\u00eda de la gente. <strong>Tu hijo es diferente y eso s\u00f3lo lo sabes t\u00fa<\/strong>.<\/p>\n<p>No tengas problemas en sacarle de la Escuela Infantil, esa que elegiste con tanto mimo despu\u00e9s de mirar m\u00e1s de 20; del colegio, si adem\u00e1s ya has probado varios y ninguno te encaja; o incluso de su madre de d\u00eda, esa persona que cuida y acompa\u00f1a a tu beb\u00e9 con tanto mimo y con tanto amor&#8230; No, no dejes que los miedos sociales te hagan seguir el rumbo del grupo. Hay muchas opciones alternativas al sistema convencional. Quiz\u00e1s tu hijo est\u00e9 preparado para escuelas o colegios; o quiz\u00e1s a\u00fan no. No pienso que nunca lo est\u00e9n, probablemente lo estar\u00e1n. Sin embargo, si sientes que no se adapta, probablemente no sea para siempre, quiz\u00e1s en unos meses, en un a\u00f1o, en m\u00e1s&#8230; Ahora no est\u00e1 listo: esc\u00fachale. Yo pienso que no todos los ni\u00f1os pueden estar preparados para el sistema al mismo tiempo. <strong>Hay un momento para todo. Y cada ni\u00f1o, al igual que cada padre, tenemos el nuestro propio.<\/strong><\/p>\n<p>Ojal\u00e1 sepamos escuchar a nuestros hijos y atender sus necesidades para acompa\u00f1arles a ser seres seguros de s\u00ed mismos. Adem\u00e1s el escucharles tiene tantas lecciones para nosotros que si rascamos un poquito m\u00e1s, todo lo que tienen preparado para sus nosotros como padres es altamente maravilloso. <strong>Eso s\u00ed, enfrentarse al cambio suele ser duro<\/strong>. Aunque la recompensa merece la pena. De eso no hay duda.<a href=\"\/madre-aprendiz\/wp-content\/uploads\/sites\/57\/2013\/09\/Iron-Blogger5.jpg\"><img loading=\"lazy\" class=\"aligncenter size-thumbnail wp-image-108\" title=\"Iron Blogger\" src=\"\/madre-aprendiz\/wp-content\/uploads\/sites\/57\/2013\/09\/Iron-Blogger5.jpg\" alt=\"\" width=\"150\" height=\"150\" \/><\/a><\/p>\n<!-- AddThis Advanced Settings generic via filter on the_content --><!-- AddThis Share Buttons generic via filter on the_content -->","protected":false},"excerpt":{"rendered":"<p>El proceso de (no)adaptaci\u00f3n est\u00e1 llegando al fin de muchos. De muchos padres, dir\u00eda yo; porque los ni\u00f1os, aunque sufran, buscar\u00e1n en el juego su refugio y seguir\u00e1n jugando y descubriendo su mundo. As\u00ed es la naturaleza humana. As\u00ed de bien estamos hechos. El juego es lo m\u00e1s importante en la vida de los ni\u00f1os. [&hellip;]<!-- AddThis Advanced Settings generic via filter on get_the_excerpt --><!-- AddThis Share Buttons generic via filter on get_the_excerpt --><\/p>\n","protected":false},"author":84,"featured_media":0,"comment_status":"open","ping_status":"closed","sticky":false,"template":"","format":"standard","meta":[],"categories":[4,8],"tags":[13,37,45,75,77],"_links":{"self":[{"href":"https:\/\/blogs.diariovasco.com\/madre-aprendiz\/wp-json\/wp\/v2\/posts\/105"}],"collection":[{"href":"https:\/\/blogs.diariovasco.com\/madre-aprendiz\/wp-json\/wp\/v2\/posts"}],"about":[{"href":"https:\/\/blogs.diariovasco.com\/madre-aprendiz\/wp-json\/wp\/v2\/types\/post"}],"author":[{"embeddable":true,"href":"https:\/\/blogs.diariovasco.com\/madre-aprendiz\/wp-json\/wp\/v2\/users\/84"}],"replies":[{"embeddable":true,"href":"https:\/\/blogs.diariovasco.com\/madre-aprendiz\/wp-json\/wp\/v2\/comments?post=105"}],"version-history":[{"count":0,"href":"https:\/\/blogs.diariovasco.com\/madre-aprendiz\/wp-json\/wp\/v2\/posts\/105\/revisions"}],"wp:attachment":[{"href":"https:\/\/blogs.diariovasco.com\/madre-aprendiz\/wp-json\/wp\/v2\/media?parent=105"}],"wp:term":[{"taxonomy":"category","embeddable":true,"href":"https:\/\/blogs.diariovasco.com\/madre-aprendiz\/wp-json\/wp\/v2\/categories?post=105"},{"taxonomy":"post_tag","embeddable":true,"href":"https:\/\/blogs.diariovasco.com\/madre-aprendiz\/wp-json\/wp\/v2\/tags?post=105"}],"curies":[{"name":"wp","href":"https:\/\/api.w.org\/{rel}","templated":true}]}}