{"id":113,"date":"2013-10-28T09:59:16","date_gmt":"2013-10-28T08:59:16","guid":{"rendered":"http:\/\/blogs.diariovasco.com\/madre-aprendiz\/?p=113"},"modified":"2013-10-28T09:59:16","modified_gmt":"2013-10-28T08:59:16","slug":"tribu-de-mamas","status":"publish","type":"post","link":"https:\/\/blogs.diariovasco.com\/madre-aprendiz\/2013\/10\/28\/tribu-de-mamas\/","title":{"rendered":"Tribu de mam\u00e1s: un gran aliado"},"content":{"rendered":"<p>Hoy quer\u00eda hablar de los grupos de mam\u00e1s. Y digo mam\u00e1s porque los pap\u00e1s habitualmente no suelen participar. De hecho, en mi trabajo con mam\u00e1s y beb\u00e9s, siempre que aparece un pap\u00e1 es muy bienvenido. Suelen aportar a los grupos la parte masculina que a las mujeres nos falta.<\/p>\n<p>Para m\u00ed como madre <strong>ha sido muy importante encontrar una tribu donde sentirme c\u00f3moda<\/strong>. Una tribu f\u00edsica, que muchas veces es virtual; y otra tribu virtual, que a veces se convierte en f\u00edsica. Encontrarme en mi camino con otras madres con la misma visi\u00f3n de la crianza, de la infancia, de la maternidad, muchas veces de la educaci\u00f3n y tambi\u00e9n de la vida, ha sido para m\u00ed un regalo cargado de cari\u00f1o, emoci\u00f3n, empat\u00eda y compa\u00f1\u00eda.<\/p>\n<p>De hecho, me apetec\u00eda tanto escribir sobre esto porque <strong>me parece fundamentel encontrar una tribu de mujeres con quienes compartir tus emociones en el bello y agotador camino de la maternidad<\/strong>. Hist\u00f3ricamente viv\u00edamos en tribus, y antiguamente tambi\u00e9n la crianza se hac\u00eda en compa\u00f1\u00eda de otras mujeres de la familia, como algo mucho m\u00e1s integrado en una gran familia ya que se compart\u00eda desde pueblo, pasando por la casa y a veces hasta la cama. Hoy en d\u00eda vivimos nuestra maternidad habitualmente en soledad, muchas veces a kil\u00f3metros de nuestras familias y a menudo sin apoyo cercano y de confianza.<\/p>\n<p><a href=\"\/madre-aprendiz\/wp-content\/uploads\/sites\/57\/2013\/10\/IMG_5758.jpg\"><img loading=\"lazy\" class=\"aligncenter size-medium wp-image-116\" title=\"IMG_5758\" src=\"\/madre-aprendiz\/wp-content\/uploads\/sites\/57\/2013\/10\/IMG_5758.jpg\" alt=\"\" width=\"300\" height=\"225\" srcset=\"https:\/\/static-blogs.diariovasco.com\/wp-content\/uploads\/sites\/57\/2013\/10\/IMG_5758.jpg 3264w, https:\/\/static-blogs.diariovasco.com\/wp-content\/uploads\/sites\/57\/2013\/10\/IMG_5758-300x225.jpg 300w, https:\/\/static-blogs.diariovasco.com\/wp-content\/uploads\/sites\/57\/2013\/10\/IMG_5758-768x576.jpg 768w, https:\/\/static-blogs.diariovasco.com\/wp-content\/uploads\/sites\/57\/2013\/10\/IMG_5758-1024x768.jpg 1024w\" sizes=\"(max-width: 300px) 100vw, 300px\" \/><\/a>La sociedad cada vez es m\u00e1s independiente, se promueve prematuramente la autonom\u00eda de los ni\u00f1os, somos m\u00e1s ego\u00edstas y competitivos, y por ende, <strong>dejamos de jugar y envejecemos mucho antes<\/strong>. No me refiero a las arrugas t\u00edpicas de la vejez, sino a algo mucho m\u00e1s profundo. La sociedad es mayoritariamente m\u00e1s materialista que emocional. <strong>\u00bfPor qu\u00e9 cuando somos mayores dejamos de jugar?<\/strong> \u00bfQui\u00e9n nos ha vendido que cuando empiezas a tener obligaciones el juego no puede ser parte de tu vida?<\/p>\n<p>Como la maternidad y la paternidad son un despertar de emociones ocultas, el hecho de estar en grupo y compartir ese despertar es simplemente maravilloso. Es un regalo el poder descubrir que nuestros miedos, baches, soledad y tambi\u00e9n esos logros que m\u00e1s alegr\u00edas nos dan, suelen ser los mismos en todas las familias. Si adem\u00e1s encontramos esta tribu en nuestro puerperio m\u00e1s inmediato, los beneficios son a\u00fan mayores, ya que lograremos liberar nuestras sombras m\u00e1s ocultas: esas que van despertando al convertirnos en madres. Y si lo hacemos desde la compa\u00f1\u00eda de otras mujeres con las mismas emociones y entendiendo que todos estos miedos son comunes a la mayor\u00eda de las mam\u00e1s, <strong>seguro que nos ayuda a ser a\u00fan mejores madres (y padres).<\/strong><\/p>\n<p>As\u00ed que, como los grupos de madres (y a veces padres) son cada vez m\u00e1s habituales, si acabas de ser mam\u00e1 o lo eres hace tiempo o incluso si vas a serlo, yo te invito a que encuentres uno donde sentirte c\u00f3moda porque de eso no hay duda: <strong>si buscas, encuentras<\/strong>.<\/p>\n<p>Suerte en tu b\u00fasqueda y enhorabuena por hacerlo. Buscar dentro de nosotros a veces es duro. Sin embargo, encontrarnos a nosotros mismos despu\u00e9s de esta b\u00fasqueda puede ser altamente beneficioso.<\/p>\n<p><strong>Quiero terminar dando las gracias a mi tribu<\/strong>, a esa que me acompa\u00f1a en las Redes y en las miradas&#8230; porque como dijo Marylin Monroe <em>&#8220;Vivir sola es como estar en una fiesta donde nadie te hace caso&#8221;.<\/em> Y en eso se puede convertir la maternidad si no compartimos nuestras nuevas emociones, bien sea con amigos que nos entiendan o con esa nueva tribu donde sentirnos como en casa.<\/p>\n<!-- AddThis Advanced Settings generic via filter on the_content --><!-- AddThis Share Buttons generic via filter on the_content -->","protected":false},"excerpt":{"rendered":"<p>Hoy quer\u00eda hablar de los grupos de mam\u00e1s. Y digo mam\u00e1s porque los pap\u00e1s habitualmente no suelen participar. De hecho, en mi trabajo con mam\u00e1s y beb\u00e9s, siempre que aparece un pap\u00e1 es muy bienvenido. Suelen aportar a los grupos la parte masculina que a las mujeres nos falta. Para m\u00ed como madre ha sido [&hellip;]<!-- AddThis Advanced Settings generic via filter on get_the_excerpt --><!-- AddThis Share Buttons generic via filter on get_the_excerpt --><\/p>\n","protected":false},"author":84,"featured_media":0,"comment_status":"open","ping_status":"closed","sticky":false,"template":"","format":"standard","meta":[],"categories":[3,7],"tags":[42,52,86,102],"_links":{"self":[{"href":"https:\/\/blogs.diariovasco.com\/madre-aprendiz\/wp-json\/wp\/v2\/posts\/113"}],"collection":[{"href":"https:\/\/blogs.diariovasco.com\/madre-aprendiz\/wp-json\/wp\/v2\/posts"}],"about":[{"href":"https:\/\/blogs.diariovasco.com\/madre-aprendiz\/wp-json\/wp\/v2\/types\/post"}],"author":[{"embeddable":true,"href":"https:\/\/blogs.diariovasco.com\/madre-aprendiz\/wp-json\/wp\/v2\/users\/84"}],"replies":[{"embeddable":true,"href":"https:\/\/blogs.diariovasco.com\/madre-aprendiz\/wp-json\/wp\/v2\/comments?post=113"}],"version-history":[{"count":0,"href":"https:\/\/blogs.diariovasco.com\/madre-aprendiz\/wp-json\/wp\/v2\/posts\/113\/revisions"}],"wp:attachment":[{"href":"https:\/\/blogs.diariovasco.com\/madre-aprendiz\/wp-json\/wp\/v2\/media?parent=113"}],"wp:term":[{"taxonomy":"category","embeddable":true,"href":"https:\/\/blogs.diariovasco.com\/madre-aprendiz\/wp-json\/wp\/v2\/categories?post=113"},{"taxonomy":"post_tag","embeddable":true,"href":"https:\/\/blogs.diariovasco.com\/madre-aprendiz\/wp-json\/wp\/v2\/tags?post=113"}],"curies":[{"name":"wp","href":"https:\/\/api.w.org\/{rel}","templated":true}]}}