{"id":218,"date":"2014-06-02T00:27:40","date_gmt":"2014-06-01T22:27:40","guid":{"rendered":"http:\/\/blogs.diariovasco.com\/madre-aprendiz\/?p=218"},"modified":"2014-06-02T00:27:40","modified_gmt":"2014-06-01T22:27:40","slug":"con-los-ninos-todo-es-posible","status":"publish","type":"post","link":"https:\/\/blogs.diariovasco.com\/madre-aprendiz\/2014\/06\/02\/con-los-ninos-todo-es-posible\/","title":{"rendered":"Con los ni\u00f1os, todo es posible"},"content":{"rendered":"<p>Si la semana pasada os resum\u00eda, gracias al <a href=\"https:\/\/blogs.diariovasco.com\/madre-aprendiz\/2014\/05\/21\/soy-groupie-del-guru-de-la-teta\/\" target=\"_blank\">testimonio<\/a> de una madre, la conferencia de Carlos Gonz\u00e1lez organizada por <a href=\"http:\/\/www.conmirada.com\/\" target=\"_blank\" rel=\"external nofollow\">Con mirada de ni\u00f1o<\/a> en Madrid; esta semana os traigo el testimonio de otra madre (adem\u00e1s, psic\u00f3loga) que nos cuenta c\u00f3mo le fue escuchando a Rosa Jov\u00e9.<\/p>\n<p>La conferencia estaba basada en su \u00faltimo libro, <em><strong>Todo es posible<\/strong><\/em>, y la verdad es que yo, que tambi\u00e9n asist\u00ed, la disfrut\u00e9 mucho much\u00edsimo. Espero que os guste.<\/p>\n<p>Gracias Arantxa por compartir&#8230;<\/p>\n<p><a href=\"\/madre-aprendiz\/wp-content\/uploads\/sites\/57\/2014\/06\/todo-es-posible-9788499982823.jpg\"><img loading=\"lazy\" class=\"aligncenter size-medium wp-image-220\" title=\"todo-es-posible-9788499982823\" src=\"\/madre-aprendiz\/wp-content\/uploads\/sites\/57\/2014\/06\/todo-es-posible-9788499982823.jpg\" alt=\"\" width=\"201\" height=\"300\" srcset=\"https:\/\/static-blogs.diariovasco.com\/wp-content\/uploads\/sites\/57\/2014\/06\/todo-es-posible-9788499982823.jpg 650w, https:\/\/static-blogs.diariovasco.com\/wp-content\/uploads\/sites\/57\/2014\/06\/todo-es-posible-9788499982823-201x300.jpg 201w\" sizes=\"(max-width: 201px) 100vw, 201px\" \/><\/a>Con los ni\u00f1os <em>todo es posible<\/em>. As\u00ed comenzaba la conferencia que regal\u00f3 a nuestros o\u00eddos la gran Rosa Jov\u00e9. Una frase muy esperanzadora, al menos para m\u00ed.<\/p>\n<p><strong>Esas peque\u00f1as personitas tienen tal imaginaci\u00f3n que la frase \u201cno es posible\u201d no tiene cabida en su mente<\/strong>; el problema es cuando los adultos intervenimos y, en la mayor parte de los casos sin darnos cuenta, les cortamos las alas y les hacemos caer en la cruda realidad, no dej\u00e1ndoles dar la mejor versi\u00f3n de s\u00ed mismos.<\/p>\n<p>Entonces, \u00bfc\u00f3mo podemos dejar que sigan siendo \u201cni\u00f1os\u201d? me pregunt\u00e9; pues <strong>educ\u00e1ndoles para que puedan desarrollar todo su potencial en todas las \u00e1reas<\/strong>, sin ce\u00f1irnos s\u00f3lo a unas pocas, fue la respuesta de Rosa.<\/p>\n<p>Para poder llegar a ese desarrollo \u00edntegro de los ni\u00f1os y adolescentes, hay que mirar en todas las etapas evolutivas, ya desde el embarazo, <strong>los adultos tenemos mucho que hacer<\/strong>. Ni que decir tiene que en esta etapa cuidar la alimentaci\u00f3n es fundamental. Y una vez tenemos al reto\u00f1o en brazos, y hasta aproximadamente los 2-3 a\u00f1os de edad, lo id\u00f3neo es <strong>darles todo nuestro amor y cari\u00f1o<\/strong>, que tengan contacto materno o paterno todo el d\u00eda, ya que seg\u00fan varios estudios, el contacto promueve la conexi\u00f3n interneuronal e incluso puede hacer que sean mejores personas.<\/p>\n<p>En este momento de la conferencia anot\u00e9 mentalmente: \u201ca los ni\u00f1os hay que llevarles siempre en brazos\u201d. Si me oyeran las vecinas\u2026<\/p>\n<p>Una vez cumplen los 2-3 a\u00f1os y hasta los 4-5 aproximadamente, <strong>el juego libre y sin dirigir cobra vital importancia para su desarrollo integral<\/strong>. Es mediante el juego que los ni\u00f1os y ni\u00f1as aprenden empat\u00eda y v\u00ednculos con los iguales, valent\u00eda, coraje, creatividad, a pedir perd\u00f3n, la distinci\u00f3n de papeles sociales,\u2026 y adem\u00e1s es un buen ejercicio f\u00edsico y reduce el estr\u00e9s. \u00bfQu\u00e9 m\u00e1s se le puede pedir al juego?<\/p>\n<p>Y por \u00faltimo, una vez cumplen 6 a\u00f1os, lo importante es conocer a nuestro hijo o hija y ver qu\u00e9 potencialidades tiene, para fomentarlo y adem\u00e1s poder potenciar esas otras \u00e1reas en las que \u201cflojea\u201d, de modo que pueda desarrollarse \u00edntegramente.<\/p>\n<p>Llegados este punto nos explic\u00f3 una cosa muy curiosa y que llam\u00f3 mi atenci\u00f3n. Las personas, ni\u00f1os y adultos, <strong>podemos ser de cerebro izquierdo o de cerebro derecho<\/strong>, dependiendo de nuestro estilo de aprendizaje y de vivir las circunstancias. Los \u201cderechos\u201d son personas creativas, que dibujan, que inventan, que tienen curiosidad e inquietudes,.. Y los \u201cizquierdos\u201d son racionales, matem\u00e1ticos, que siguen las normas.<\/p>\n<p>Si todos tuvi\u00e9ramos en cuenta estas caracter\u00edsticas que los hacen diferentes, ser\u00eda m\u00e1s f\u00e1cil llevar a los ni\u00f1os d\u00f3nde queremos, sin llantos ni rabietas (parafraseando el t\u00edtulo de otra obra de esta autora), y siendo todos m\u00e1s felices y equilibrados, tanto en casa como en el aula. Cosa que tendr\u00e9 en cuenta de ahora en adelante.<\/p>\n<p>De modo que como resumen de esta magn\u00edfica conferencia, me quedo con la frase <strong><em>\u201cel amor y el contacto nos hacen m\u00e1s inteligentes y mentalmente sanos\u201d.<\/em><\/strong><\/p>\n<p>Gracias Rosa, por abrirme los ojos del alma.<\/p>\n<p><a href=\"\/madre-aprendiz\/wp-content\/uploads\/sites\/57\/2014\/06\/la-foto.jpeg\"><img loading=\"lazy\" class=\"aligncenter size-medium wp-image-221\" title=\"la foto\" src=\"\/madre-aprendiz\/wp-content\/uploads\/sites\/57\/2014\/06\/la-foto.jpg\" alt=\"\" width=\"300\" height=\"200\" \/><\/a><\/p>\n<!-- AddThis Advanced Settings generic via filter on the_content --><!-- AddThis Share Buttons generic via filter on the_content -->","protected":false},"excerpt":{"rendered":"<p>Si la semana pasada os resum\u00eda, gracias al testimonio de una madre, la conferencia de Carlos Gonz\u00e1lez organizada por Con mirada de ni\u00f1o en Madrid; esta semana os traigo el testimonio de otra madre (adem\u00e1s, psic\u00f3loga) que nos cuenta c\u00f3mo le fue escuchando a Rosa Jov\u00e9. La conferencia estaba basada en su \u00faltimo libro, Todo [&hellip;]<!-- AddThis Advanced Settings generic via filter on get_the_excerpt --><!-- AddThis Share Buttons generic via filter on get_the_excerpt --><\/p>\n","protected":false},"author":84,"featured_media":0,"comment_status":"open","ping_status":"closed","sticky":false,"template":"","format":"standard","meta":[],"categories":[3,4,7],"tags":[27,93],"_links":{"self":[{"href":"https:\/\/blogs.diariovasco.com\/madre-aprendiz\/wp-json\/wp\/v2\/posts\/218"}],"collection":[{"href":"https:\/\/blogs.diariovasco.com\/madre-aprendiz\/wp-json\/wp\/v2\/posts"}],"about":[{"href":"https:\/\/blogs.diariovasco.com\/madre-aprendiz\/wp-json\/wp\/v2\/types\/post"}],"author":[{"embeddable":true,"href":"https:\/\/blogs.diariovasco.com\/madre-aprendiz\/wp-json\/wp\/v2\/users\/84"}],"replies":[{"embeddable":true,"href":"https:\/\/blogs.diariovasco.com\/madre-aprendiz\/wp-json\/wp\/v2\/comments?post=218"}],"version-history":[{"count":0,"href":"https:\/\/blogs.diariovasco.com\/madre-aprendiz\/wp-json\/wp\/v2\/posts\/218\/revisions"}],"wp:attachment":[{"href":"https:\/\/blogs.diariovasco.com\/madre-aprendiz\/wp-json\/wp\/v2\/media?parent=218"}],"wp:term":[{"taxonomy":"category","embeddable":true,"href":"https:\/\/blogs.diariovasco.com\/madre-aprendiz\/wp-json\/wp\/v2\/categories?post=218"},{"taxonomy":"post_tag","embeddable":true,"href":"https:\/\/blogs.diariovasco.com\/madre-aprendiz\/wp-json\/wp\/v2\/tags?post=218"}],"curies":[{"name":"wp","href":"https:\/\/api.w.org\/{rel}","templated":true}]}}