{"id":225,"date":"2014-06-15T13:53:46","date_gmt":"2014-06-15T11:53:46","guid":{"rendered":"http:\/\/blogs.diariovasco.com\/madre-aprendiz\/?p=225"},"modified":"2014-06-15T13:53:46","modified_gmt":"2014-06-15T11:53:46","slug":"bosquescuela-en-donosti","status":"publish","type":"post","link":"https:\/\/blogs.diariovasco.com\/madre-aprendiz\/2014\/06\/15\/bosquescuela-en-donosti\/","title":{"rendered":"Bosquescuela en Donosti"},"content":{"rendered":"<p>Si hace ya un tiempo la necesidad de disciplina era algo t\u00edpico de la \u00e9poca, ahora sin embargo, empieza a preocuparnos la desconexi\u00f3n que existe con la naturaleza y por lo tanto con <strong>la esencia de uno mismo<\/strong>.<\/p>\n<p>Cada vez hay m\u00e1s oferta televisiva y tecnol\u00f3gica para ni\u00f1os; y ellos, c\u00f3mo no, se ven m\u00e1s atrapados en este tipo de ocio. Si sumamos adem\u00e1s que nuestra vida suele estar muy ocupada, estos recursos poco convencionales nos ayudan a poder ocuparnos algo m\u00e1s de nosotros los adultos y que nuestros hijos est\u00e9n, al menos, &#8220;entretenidos&#8221;.<\/p>\n<p>Por todo esto, y por la situaci\u00f3n actual de la educaci\u00f3n en Espa\u00f1a, que ya vimos en el Informe <a href=\"http:\/\/sociedad.elpais.com\/sociedad\/2014\/03\/31\/actualidad\/1396296378_749672.htmlhttp:\/\/sociedad.elpais.com\/sociedad\/2014\/03\/31\/actualidad\/1396296378_749672.html\" target=\"_blank\" rel=\"external nofollow\">PISA<\/a> de este a\u00f1o que dejaba mucho que desear; poco a poco, los padres nos empezamos a sentir cada vez m\u00e1s <strong>atra\u00eddos por otro tipo de educaci\u00f3n<\/strong>: esa que acompa\u00f1a a los ni\u00f1os a desarrollar sus talentos, a bucear en su creatividad y a seguir su instinto, que muchas veces dista bastante de la educaci\u00f3n acad\u00e9mica a la que estamos acostumbrados.<\/p>\n<p>Probablemente por una suma de factores en Espa\u00f1a comenz\u00f3 la iniciativa <a href=\"http:\/\/www.bosquescuela.com\" target=\"_blank\" rel=\"external nofollow\">Bosquescuela<\/a>, que de la mano de la Fundaci\u00f3n F\u00e9lix Rodr\u00edguez de la Fuente abrir\u00e1 sus puertas el pr\u00f3ximo curso escolar 2015-2016 en la Sierra de Madrid.<\/p>\n<p><a href=\"\/madre-aprendiz\/wp-content\/uploads\/sites\/57\/2014\/06\/la-foto-21.jpg\"><img loading=\"lazy\" class=\"aligncenter size-medium wp-image-232\" title=\"la foto 2\" src=\"\/madre-aprendiz\/wp-content\/uploads\/sites\/57\/2014\/06\/la-foto-21.jpg\" alt=\"\" width=\"300\" height=\"230\" srcset=\"https:\/\/static-blogs.diariovasco.com\/wp-content\/uploads\/sites\/57\/2014\/06\/la-foto-21.jpg 640w, https:\/\/static-blogs.diariovasco.com\/wp-content\/uploads\/sites\/57\/2014\/06\/la-foto-21-300x231.jpg 300w\" sizes=\"(max-width: 300px) 100vw, 300px\" \/><\/a>Esta iniciativa, como podemos leer en su web <em>tiene la misi\u00f3n de implantar y difundir el modelo educativo de las escuelas infantiles al aire libre en Espa\u00f1a que es un modelo educativo reglado, pensado para la <strong>formaci\u00f3n integral de ni\u00f1os y ni\u00f1as de 3 a 6 a\u00f1os<\/strong> (segundo ciclo de Educaci\u00f3n Infantil).<\/em><br \/>\n<em> Lo innovador de este modelo es que todas las actividades se desarrollan en el bosque, campo o playa. Se asienta sobre la experiencia de las escuelas infantiles aire libre implantadas con \u00e9xito en el centro y norte de Europa, Estados Unidos y Asia.<\/em><\/p>\n<p>Llega justo en un momento adecuado, cuando el sistema educativo espa\u00f1ol como parte del sistema nacional se tambalea. Si pretendemos cambiar nuestra situaci\u00f3n actual, <strong>\u00bfqu\u00e9 tal si probamos primero por cambiar la educaci\u00f3n?<\/strong><\/p>\n<p>Iniciativas como \u00e9sta buscan acompa\u00f1ar a los ni\u00f1os como seres individuales que son, escuchando sus necesidades y trabajando en pro de su desarrollo siempre en base a su talento. Muchos ni\u00f1os no encajan dentro del pensamiento l\u00f3gico-matem\u00e1tico o ling\u00fc\u00edstico que principalmente se desarrolla en las aulas. <strong>Se trabaja la creatividad como parte activa del aprendizaje<\/strong> y sobre todo se fomenta la autonom\u00eda y la seguridad en uno mismo; pilares fundamentales para nuestras herramientas del futuro.<a href=\"\/madre-aprendiz\/wp-content\/uploads\/sites\/57\/2014\/06\/la-foto-11.jpg\"><img loading=\"lazy\" class=\"aligncenter size-full wp-image-234\" title=\"la foto 1\" src=\"\/madre-aprendiz\/wp-content\/uploads\/sites\/57\/2014\/06\/la-foto-11.jpg\" alt=\"\" width=\"205\" height=\"128\" \/><\/a>Mientras trabajan para poner en marcha el primer centro docente Bosquescuela en Espa\u00f1a, aprobado en septiembre 2013 por la Consejer\u00eda de Educaci\u00f3n de la Comunidad de Madrid, siguen divulgando su metodolog\u00eda para poder llegar lo m\u00e1s lejos posible.<\/p>\n<p>Todo esto no ser\u00eda posible si no fuera de la <a href=\"http:\/\/bosquescuela.com\/quienes-somos\/promotores\/\" target=\"_blank\" rel=\"external nofollow\">mano<\/a> de la Fundaci\u00f3n F\u00e9lix Rodr\u00edguez de la Fuente y de Philip Bruchner, promotor de la iniciativa, adem\u00e1s de educador y licenciado en Ciencias Forestales.<\/p>\n<p>Bruchner estar\u00e1 todo el fin de semana en Donosti impartiendo, primero, este viernes d\u00eda 27 una presentaci\u00f3n gratuita en Donosti, que tratar\u00e1 sobre este modelo educativo y tambi\u00e9n sobre c\u00f3mo funciona en distintos pa\u00edses.<a href=\"\/madre-aprendiz\/wp-content\/uploads\/sites\/57\/2014\/06\/gaztelera_peq1.jpg\"><img loading=\"lazy\" class=\"aligncenter size-medium wp-image-233\" title=\"gaztelera\" src=\"\/madre-aprendiz\/wp-content\/uploads\/sites\/57\/2014\/06\/gaztelera_peq1.jpg\" alt=\"\" width=\"300\" height=\"300\" srcset=\"https:\/\/static-blogs.diariovasco.com\/wp-content\/uploads\/sites\/57\/2014\/06\/gaztelera_peq1.jpg 945w, https:\/\/static-blogs.diariovasco.com\/wp-content\/uploads\/sites\/57\/2014\/06\/gaztelera_peq1-150x150.jpg 150w, https:\/\/static-blogs.diariovasco.com\/wp-content\/uploads\/sites\/57\/2014\/06\/gaztelera_peq1-300x300.jpg 300w, https:\/\/static-blogs.diariovasco.com\/wp-content\/uploads\/sites\/57\/2014\/06\/gaztelera_peq1-768x768.jpg 768w\" sizes=\"(max-width: 300px) 100vw, 300px\" \/><\/a>El resto del fin de semana, podremos conocer a\u00fan m\u00e1s a fondo el proyecto gracias a un taller en el Centro de Interpretaci\u00f3n Ul\u00eda. <a href=\"http:\/\/bosquescuela.com\/2014\/06\/taller-de-iniciacion-en-metodologia-bosquescuela\/\" target=\"_blank\" rel=\"external nofollow\">Aqu\u00ed<\/a> toda la informaci\u00f3n.<a href=\"\/madre-aprendiz\/wp-content\/uploads\/sites\/57\/2014\/06\/la-foto1.jpeg\"><img loading=\"lazy\" class=\"aligncenter size-medium wp-image-236\" title=\"la foto\" src=\"\/madre-aprendiz\/wp-content\/uploads\/sites\/57\/2014\/06\/la-foto1.jpg\" alt=\"\" width=\"256\" height=\"300\" \/><\/a>Nunca es tarde para saber si lo que les estamos ofreciendo a nuestros hijos es o no lo que queremos y podemos ofrecer; porque como dijo Mar\u00eda Montessori: &#8220;No me sigan a m\u00ed, sigan al ni\u00f1o&#8221;. Esta frase la llevo siempre encima porque al trabajar con ni\u00f1os a veces olvidamos que efectivamente, <strong>cada ni\u00f1o es diferente y debemos acompa\u00f1arles seg\u00fan qui\u00e9nes sean.<\/strong><\/p>\n<!-- AddThis Advanced Settings generic via filter on the_content --><!-- AddThis Share Buttons generic via filter on the_content -->","protected":false},"excerpt":{"rendered":"<p>Si hace ya un tiempo la necesidad de disciplina era algo t\u00edpico de la \u00e9poca, ahora sin embargo, empieza a preocuparnos la desconexi\u00f3n que existe con la naturaleza y por lo tanto con la esencia de uno mismo. Cada vez hay m\u00e1s oferta televisiva y tecnol\u00f3gica para ni\u00f1os; y ellos, c\u00f3mo no, se ven m\u00e1s [&hellip;]<!-- AddThis Advanced Settings generic via filter on get_the_excerpt --><!-- AddThis Share Buttons generic via filter on get_the_excerpt --><\/p>\n","protected":false},"author":84,"featured_media":0,"comment_status":"closed","ping_status":"closed","sticky":false,"template":"","format":"standard","meta":[],"categories":[4],"tags":[21],"_links":{"self":[{"href":"https:\/\/blogs.diariovasco.com\/madre-aprendiz\/wp-json\/wp\/v2\/posts\/225"}],"collection":[{"href":"https:\/\/blogs.diariovasco.com\/madre-aprendiz\/wp-json\/wp\/v2\/posts"}],"about":[{"href":"https:\/\/blogs.diariovasco.com\/madre-aprendiz\/wp-json\/wp\/v2\/types\/post"}],"author":[{"embeddable":true,"href":"https:\/\/blogs.diariovasco.com\/madre-aprendiz\/wp-json\/wp\/v2\/users\/84"}],"replies":[{"embeddable":true,"href":"https:\/\/blogs.diariovasco.com\/madre-aprendiz\/wp-json\/wp\/v2\/comments?post=225"}],"version-history":[{"count":0,"href":"https:\/\/blogs.diariovasco.com\/madre-aprendiz\/wp-json\/wp\/v2\/posts\/225\/revisions"}],"wp:attachment":[{"href":"https:\/\/blogs.diariovasco.com\/madre-aprendiz\/wp-json\/wp\/v2\/media?parent=225"}],"wp:term":[{"taxonomy":"category","embeddable":true,"href":"https:\/\/blogs.diariovasco.com\/madre-aprendiz\/wp-json\/wp\/v2\/categories?post=225"},{"taxonomy":"post_tag","embeddable":true,"href":"https:\/\/blogs.diariovasco.com\/madre-aprendiz\/wp-json\/wp\/v2\/tags?post=225"}],"curies":[{"name":"wp","href":"https:\/\/api.w.org\/{rel}","templated":true}]}}