{"id":237,"date":"2014-07-10T09:48:11","date_gmt":"2014-07-10T07:48:11","guid":{"rendered":"http:\/\/blogs.diariovasco.com\/madre-aprendiz\/?p=237"},"modified":"2014-07-10T09:48:11","modified_gmt":"2014-07-10T07:48:11","slug":"conociendo-a-rosa-jove","status":"publish","type":"post","link":"https:\/\/blogs.diariovasco.com\/madre-aprendiz\/2014\/07\/10\/conociendo-a-rosa-jove\/","title":{"rendered":"Conociendo a Rosa Jov\u00e9"},"content":{"rendered":"<p>Mucha gente conoce a Rosa Jov\u00e9 por todo lo que ha publicado en torno a la crianza y educaci\u00f3n respetuosa. Ella es uno de las personas m\u00e1s emblem\u00e1ticas dentro del mundo de la denominada crianza con apego.<\/p>\n<p>Es una aut\u00e9ntica profesional. <strong>Experta<\/strong> en temas de sue\u00f1o, rabietas, crianza y todo lo relacionado con la infancia y maternidad (y paternidad). Es <strong>psic\u00f3loga y madre<\/strong> y os puedo asegurar que tiene un <strong>sentido del humor<\/strong> que, al menos a m\u00ed, me encanta.<\/p>\n<p>Hace unos meses estuve con ella en las I conferencias Entendiendo la infancia, organizadas por la joven empresa (aunque con dilatada experiencia) <a href=\"http:\/\/www.conmirada.com\/\" target=\"_blank\" rel=\"external nofollow\">Con mirada de ni\u00f1o<\/a>. Tuve el placer de poder colaborar y pasar un ratito con Rosa. <strong>Me gust\u00f3 mucho su cercan\u00eda, su sentido del humor y sobre todo, conocerle un poquito m\u00e1s<\/strong>. Dormir sin l\u00e1grimas fue uno de los libros que nos ayud\u00f3 a sobrellevar el sue\u00f1o de nuestra hija con la compa\u00f1\u00eda y comprensi\u00f3n que ella (y muchos beb\u00e9s), necesitaba.<a href=\"\/madre-aprendiz\/wp-content\/uploads\/sites\/57\/2014\/07\/030.jpg\"><img loading=\"lazy\" class=\"aligncenter size-medium wp-image-239\" title=\"030\" src=\"\/madre-aprendiz\/wp-content\/uploads\/sites\/57\/2014\/07\/030.jpg\" alt=\"\" width=\"300\" height=\"199\" srcset=\"https:\/\/static-blogs.diariovasco.com\/wp-content\/uploads\/sites\/57\/2014\/07\/030.jpg 1400w, https:\/\/static-blogs.diariovasco.com\/wp-content\/uploads\/sites\/57\/2014\/07\/030-300x199.jpg 300w, https:\/\/static-blogs.diariovasco.com\/wp-content\/uploads\/sites\/57\/2014\/07\/030-768x510.jpg 768w, https:\/\/static-blogs.diariovasco.com\/wp-content\/uploads\/sites\/57\/2014\/07\/030-1024x680.jpg 1024w\" sizes=\"(max-width: 300px) 100vw, 300px\" \/><\/a><\/p>\n<p>Como hay multitud de <a href=\"http:\/\/www.rtve.es\/alacarta\/videos\/para-todos-la-2\/para-todos-2-ser-padres-entrevista-rosa-jove\/1231648\/\" target=\"_blank\" rel=\"external nofollow\">entrevistas<\/a> suyas que circulan por la red, he decidido hacer una de mis entrevistas y as\u00ed podemos conocer un poquito m\u00e1s sobre ella.<\/p>\n<p>Hola Rosa, antes de nada, gracias por dedicarme un ratito de tu tiempo para llevar a cabo esta entrevista. Me gusta que sea diferente; y como el juego es el motor de mi vida y mi <a href=\"http:\/\/www.froggies.es\" target=\"_blank\" rel=\"external nofollow\">negocio<\/a>, aqu\u00ed va mi entrevista divertida.<\/p>\n<p>&#8211;\u00a0\u00a0\u00a0\u00a0\u00a0\u00a0 <strong>Lo primero que piensas al levantarte es\u2026 <\/strong><em>D\u00f3nde voy a estar ese d\u00eda<\/em><strong><br \/>\n<\/strong><\/p>\n<p>&#8211;\u00a0\u00a0\u00a0\u00a0\u00a0<strong>\u00a0 No sales de casa sin\u2026<\/strong> <em>Mi bolso -y mira lo que pesa-.<\/em> (Doy fe, estaba lleno de cosas!)<\/p>\n<p>&#8211;\u00a0\u00a0\u00a0\u00a0\u00a0\u00a0 <strong>A qu\u00e9 animal te gustar\u00eda parecerte\u2026<\/strong> <em>A ninguno, \u00bfpa qu\u00e9?<\/em><\/p>\n<p>&#8211;\u00a0\u00a0\u00a0\u00a0\u00a0\u00a0 <strong>\u00bfQu\u00e9 3 cosas agradeces a la vida?<\/strong> <em>Mi familia, tanto la pasada como la de ahora, el seguir con vida (valoro mucho la vida) y el amor por las personas que me rodean.<\/em><\/p>\n<p>&#8211;\u00a0\u00a0\u00a0\u00a0\u00a0\u00a0 <strong>\u00bfY qu\u00e9 3 las aceptas pero no se las agradeces?<\/strong> <em>\u00bfQu\u00e9 acepto? Es que yo no acepto mucho\u2026<\/em><\/p>\n<p>&#8211;\u00a0\u00a0\u00a0\u00a0\u00a0\u00a0<strong> \u00bfQu\u00e9 4 cosas te gusta mucho hacer de d\u00eda?<\/strong> <em>Trabajar, estar con la familia, comer en casa y poderme dar un ba\u00f1o en lugar de ducharme.<\/em><\/p>\n<p>&#8211;\u00a0\u00a0\u00a0\u00a0\u00a0\u00a0 <strong>\u00bfY de noche?<\/strong> <em>Primero, estar en familia (pasar rato con ellos) y segundo, escribir<\/em>.<\/p>\n<p>&#8211;\u00a0\u00a0\u00a0\u00a0\u00a0\u00a0 \u00bf<strong>Qu\u00e9 sue\u00f1os has cumplido gracias a tu profesi\u00f3n?<\/strong> <em>Casi todos. Yo soy muy optimista. Mis consultas van bien, mi familia est\u00e1 bien y la gente me conoce.<\/em><\/p>\n<p>&#8211;\u00a0\u00a0\u00a0\u00a0\u00a0\u00a0<strong> \u00bfY qu\u00e9 sue\u00f1os a\u00fan te quedan por cumplir?<\/strong> <em>Creo que ninguno. Bueno s\u00ed, tener 3 meses de vacaciones (aunque no s\u00e9 si podr\u00eda)<\/em><\/p>\n<p>&#8211;\u00a0\u00a0\u00a0\u00a0\u00a0\u00a0<strong> Los proyectos donde te involucras los podr\u00edas definir como\u2026<\/strong> <em>Apasionados y muy implicados. Y la verdad que muy variados\u2026 Colaboro con Cruz Roja y tambi\u00e9n organizo el Festival de Lleida Blues &#038; +<\/em><\/p>\n<p>&#8211;\u00a0\u00a0\u00a0\u00a0\u00a0\u00a0 <strong>\u00bfQu\u00e9 color le pones a tus d\u00edas nublados?<\/strong> <em>Rosa<\/em><\/p>\n<p>&#8211;\u00a0\u00a0\u00a0\u00a0\u00a0\u00a0<strong> \u00bfY a los d\u00edas soleados?<\/strong> <em>Rosa tambi\u00e9n<\/em><\/p>\n<p>&#8211;\u00a0\u00a0\u00a0\u00a0\u00a0\u00a0 <strong>\u00bfEn qu\u00e9 parte de la casa te sientes m\u00e1s c\u00f3moda para crear?<\/strong> <em>En mi despacho y luego en la cocina<\/em><\/p>\n<p>&#8211;\u00a0\u00a0\u00a0\u00a0\u00a0\u00a0<strong>\u00bf3 adjetivos que te definen como profesional?<\/strong> Cari\u00f1osa, optimista y trabajadora.<\/p>\n<p>Muchas gracias. Qu\u00e9 bueno conocerte un poquito m\u00e1s!<\/p>\n<div id=\"attachment_240\" style=\"width: 310px\" class=\"wp-caption aligncenter\"><a href=\"www.amormaternal.com\" target=\"_blank\"><img aria-describedby=\"caption-attachment-240\" loading=\"lazy\" class=\"size-full wp-image-240\" title=\"th\" src=\"\/madre-aprendiz\/wp-content\/uploads\/sites\/57\/2014\/07\/th.jpg\" alt=\"www.amormaternal.com\" width=\"300\" height=\"300\" srcset=\"https:\/\/static-blogs.diariovasco.com\/wp-content\/uploads\/sites\/57\/2014\/07\/th.jpg 300w, https:\/\/static-blogs.diariovasco.com\/wp-content\/uploads\/sites\/57\/2014\/07\/th-150x150.jpg 150w\" sizes=\"(max-width: 300px) 100vw, 300px\" \/><\/a><p id=\"caption-attachment-240\" class=\"wp-caption-text\">imagen tomada de www.amormaternal.com<\/p><\/div>\n<p>&nbsp;<\/p>\n<!-- AddThis Advanced Settings generic via filter on the_content --><!-- AddThis Share Buttons generic via filter on the_content -->","protected":false},"excerpt":{"rendered":"<p>Mucha gente conoce a Rosa Jov\u00e9 por todo lo que ha publicado en torno a la crianza y educaci\u00f3n respetuosa. Ella es uno de las personas m\u00e1s emblem\u00e1ticas dentro del mundo de la denominada crianza con apego. Es una aut\u00e9ntica profesional. Experta en temas de sue\u00f1o, rabietas, crianza y todo lo relacionado con la infancia [&hellip;]<!-- AddThis Advanced Settings generic via filter on get_the_excerpt --><!-- AddThis Share Buttons generic via filter on get_the_excerpt --><\/p>\n","protected":false},"author":84,"featured_media":0,"comment_status":"open","ping_status":"closed","sticky":false,"template":"","format":"standard","meta":[],"categories":[8],"tags":[],"_links":{"self":[{"href":"https:\/\/blogs.diariovasco.com\/madre-aprendiz\/wp-json\/wp\/v2\/posts\/237"}],"collection":[{"href":"https:\/\/blogs.diariovasco.com\/madre-aprendiz\/wp-json\/wp\/v2\/posts"}],"about":[{"href":"https:\/\/blogs.diariovasco.com\/madre-aprendiz\/wp-json\/wp\/v2\/types\/post"}],"author":[{"embeddable":true,"href":"https:\/\/blogs.diariovasco.com\/madre-aprendiz\/wp-json\/wp\/v2\/users\/84"}],"replies":[{"embeddable":true,"href":"https:\/\/blogs.diariovasco.com\/madre-aprendiz\/wp-json\/wp\/v2\/comments?post=237"}],"version-history":[{"count":0,"href":"https:\/\/blogs.diariovasco.com\/madre-aprendiz\/wp-json\/wp\/v2\/posts\/237\/revisions"}],"wp:attachment":[{"href":"https:\/\/blogs.diariovasco.com\/madre-aprendiz\/wp-json\/wp\/v2\/media?parent=237"}],"wp:term":[{"taxonomy":"category","embeddable":true,"href":"https:\/\/blogs.diariovasco.com\/madre-aprendiz\/wp-json\/wp\/v2\/categories?post=237"},{"taxonomy":"post_tag","embeddable":true,"href":"https:\/\/blogs.diariovasco.com\/madre-aprendiz\/wp-json\/wp\/v2\/tags?post=237"}],"curies":[{"name":"wp","href":"https:\/\/api.w.org\/{rel}","templated":true}]}}