{"id":247,"date":"2014-09-29T16:47:17","date_gmt":"2014-09-29T14:47:17","guid":{"rendered":"http:\/\/blogs.diariovasco.com\/madre-aprendiz\/?p=247"},"modified":"2014-09-29T16:47:17","modified_gmt":"2014-09-29T14:47:17","slug":"yo-mujer-ciclica","status":"publish","type":"post","link":"https:\/\/blogs.diariovasco.com\/madre-aprendiz\/2014\/09\/29\/yo-mujer-ciclica\/","title":{"rendered":"Yo, mujer c\u00edclica"},"content":{"rendered":"<p>Quer\u00eda contaros que en el mes de julio hice un curso altamente recomendado: <a href=\"http:\/\/mujerciclica.com\/curso-online\/\" target=\"_blank\" rel=\"external nofollow\">Mujer C\u00edclica<\/a> se llama.<\/p>\n<p>Llevaba tiempo con ganas de ahondar en mi <strong>condici\u00f3n de mujer<\/strong> y conocer otras formas de sentir y vivir mi ciclo menstrual.<\/p>\n<p>Lo cierto es que siento que este curso de Sophia Style me busc\u00f3 a m\u00ed. Lo vi en el facebook de mi amiga Myriam, de <a href=\"http:\/\/www.enminusculas.com\" target=\"_blank\" rel=\"external nofollow\">en min\u00fasculas<\/a> y, sin esperar nada ni pens\u00e1rmelo apenas, me apunt\u00e9 a este curso que duraba 28 d\u00edas y que empezaba el d\u00eda 1 de julio. Tambi\u00e9n sab\u00eda que trabajar\u00edamos los <strong>distintos arquetipos y emociones<\/strong> que podemos sentir seg\u00fan la \u00e9poca del ciclo en el que estemos. Lo que desconoc\u00eda era cu\u00e1nto iba a transformarme esta experiencia.<\/p>\n<p>Empec\u00e9 como pude dada mi situaci\u00f3n familiar y profesional: soy empresaria y tenemos una hija de 3 a\u00f1os sin abuelos cercanos ;). Y, aunque he de reconocer que no pude aprovecharlo tal y como estaba planteado; este curso fue para m\u00ed fue tan intenso e interesante que quer\u00eda recomendarlo en mi blog. Tambi\u00e9n os dir\u00e9 que casualmente lo hizo a la vez mi admirada amiga Teresa, y esto le sum\u00f3 m\u00e1s intensidad si cabe. Compartir los avances siempre es maravilloso.<a href=\"\/madre-aprendiz\/wp-content\/uploads\/sites\/57\/2014\/09\/logo-curso-online-completo-08.jpg\"><img loading=\"lazy\" class=\"aligncenter size-full wp-image-258\" title=\"logo-curso-online-completo-08-300x276\" src=\"\/madre-aprendiz\/wp-content\/uploads\/sites\/57\/2014\/09\/logo-curso-online-completo-08.jpg\" alt=\"\" width=\"300\" height=\"276\" \/><\/a>No quiero desvelar contenido ya que creo que es mucho m\u00e1s provechoso que lo hag\u00e1is vosotras mismas (lo siento chicos, esto es s\u00f3lo para mujeres). Sin embargo, s\u00ed que quiero hacer especial hincapi\u00e9 en <strong>la calidad de las propuestas diarias<\/strong> y en c\u00f3mo est\u00e1 planteado el curso para el estudio.<\/p>\n<p>V\u00eddeos, ejercicios corporales, visualizaciones, artes pl\u00e1sticas, rituales acompa\u00f1ados de mucha reflexi\u00f3n y escucha de tu propio cuerpo. Todas estas actividades me resultaron excelentes, adem\u00e1s de que se han convertido en <strong>herramientas que uso en mi d\u00eda a d\u00eda<\/strong>.<\/p>\n<p>Se tratan 4 temas, que se corresponden con los 4 arquetipos que vivimos las mujeres en nuestro ciclo, que a su vez se corresponden con las 4 fases de la luna. Y si esto te suena a chino y no resuena nada con tu forma de ver la vida, tambi\u00e9n te dir\u00e9 que se corresponden al mismo tiempo con <strong>c\u00f3mo vivimos de manera biol\u00f3gica las distintas fases de nuestro ciclo menstrual.<\/strong><\/p>\n<p>Socialmente estamos acostumbrados a no escucharnos y a ver la regla como algo feo. Sin embargo, cuando conocemos distintas culturas y \u00e9pocas, vemos c\u00f3mo se ha honrado a las mujeres y permitido sentir cada una de sus fases, ayud\u00e1ndoles a explotar al m\u00e1ximo su talento.<\/p>\n<p>As\u00ed me ha pasado a m\u00ed. Desde Julio puedo decir que me comprendo mejor, me lanzo a escribir mis cuentos, mis historias o incluso crear proyectos cuando m\u00e1s preparada estoy para ello; me permito parar cuando mi cuerpo me lo pide y conf\u00edo en m\u00ed misma cuando as\u00ed lo siento.<\/p>\n<p>Quiz\u00e1s suene muy profundo; y quiz\u00e1s sea porque as\u00ed es. No s\u00e9 c\u00f3mo podr\u00eda ser este curso para ti. Yo s\u00f3lo puedo recomend\u00e1rtelo y si quieres despu\u00e9s, me lo cuentas \ud83d\ude09<\/p>\n<p>Aqu\u00ed os dejo el <a href=\"https:\/\/www.youtube.com\/watch?v=PLVRrNf6TxE\" target=\"_blank\" rel=\"external nofollow\">v\u00eddeo<\/a> de Sophia Style donde explica de qu\u00e9 va este curso. Gracias Sophia por tu brillante trabajo.<\/p>\n<!-- AddThis Advanced Settings generic via filter on the_content --><!-- AddThis Share Buttons generic via filter on the_content -->","protected":false},"excerpt":{"rendered":"<p>Quer\u00eda contaros que en el mes de julio hice un curso altamente recomendado: Mujer C\u00edclica se llama. Llevaba tiempo con ganas de ahondar en mi condici\u00f3n de mujer y conocer otras formas de sentir y vivir mi ciclo menstrual. Lo cierto es que siento que este curso de Sophia Style me busc\u00f3 a m\u00ed. Lo [&hellip;]<!-- AddThis Advanced Settings generic via filter on get_the_excerpt --><!-- AddThis Share Buttons generic via filter on get_the_excerpt --><\/p>\n","protected":false},"author":84,"featured_media":0,"comment_status":"open","ping_status":"closed","sticky":false,"template":"","format":"standard","meta":[],"categories":[6],"tags":[71],"_links":{"self":[{"href":"https:\/\/blogs.diariovasco.com\/madre-aprendiz\/wp-json\/wp\/v2\/posts\/247"}],"collection":[{"href":"https:\/\/blogs.diariovasco.com\/madre-aprendiz\/wp-json\/wp\/v2\/posts"}],"about":[{"href":"https:\/\/blogs.diariovasco.com\/madre-aprendiz\/wp-json\/wp\/v2\/types\/post"}],"author":[{"embeddable":true,"href":"https:\/\/blogs.diariovasco.com\/madre-aprendiz\/wp-json\/wp\/v2\/users\/84"}],"replies":[{"embeddable":true,"href":"https:\/\/blogs.diariovasco.com\/madre-aprendiz\/wp-json\/wp\/v2\/comments?post=247"}],"version-history":[{"count":0,"href":"https:\/\/blogs.diariovasco.com\/madre-aprendiz\/wp-json\/wp\/v2\/posts\/247\/revisions"}],"wp:attachment":[{"href":"https:\/\/blogs.diariovasco.com\/madre-aprendiz\/wp-json\/wp\/v2\/media?parent=247"}],"wp:term":[{"taxonomy":"category","embeddable":true,"href":"https:\/\/blogs.diariovasco.com\/madre-aprendiz\/wp-json\/wp\/v2\/categories?post=247"},{"taxonomy":"post_tag","embeddable":true,"href":"https:\/\/blogs.diariovasco.com\/madre-aprendiz\/wp-json\/wp\/v2\/tags?post=247"}],"curies":[{"name":"wp","href":"https:\/\/api.w.org\/{rel}","templated":true}]}}