{"id":248,"date":"2014-09-12T10:00:45","date_gmt":"2014-09-12T08:00:45","guid":{"rendered":"http:\/\/blogs.diariovasco.com\/madre-aprendiz\/?p=248"},"modified":"2014-09-12T10:00:45","modified_gmt":"2014-09-12T08:00:45","slug":"la-lactancia-no-es-una-moda-es-una-norma","status":"publish","type":"post","link":"https:\/\/blogs.diariovasco.com\/madre-aprendiz\/2014\/09\/12\/la-lactancia-no-es-una-moda-es-una-norma\/","title":{"rendered":"La lactancia no es una moda, es una norma"},"content":{"rendered":"<p>&#8220;La lactancia no es una moda, es una norma&#8221;. Paloma L\u00f3pez. Matrona.<\/p>\n<p>Esta ha sido una de las frases de la conversaci\u00f3n que hoy he mantenido por primera vez con Paloma, la matrona del Centro de Salud que me corresponde.<\/p>\n<p>Ha sido como entrar en un lugar lleno de nubes. Las mismas nubes que flotan en los anuncios de compresas que te ayudan a que tu feminidad huela a a ese olor tan poco femenino.<\/p>\n<div id=\"attachment_252\" style=\"width: 310px\" class=\"wp-caption aligncenter\"><a href=\"\/madre-aprendiz\/wp-content\/uploads\/sites\/57\/2014\/09\/images.jpg\"><img aria-describedby=\"caption-attachment-252\" loading=\"lazy\" class=\"size-full wp-image-252\" title=\"images\" src=\"\/madre-aprendiz\/wp-content\/uploads\/sites\/57\/2014\/09\/images.jpg\" alt=\"\" width=\"300\" height=\"168\" \/><\/a><p id=\"caption-attachment-252\" class=\"wp-caption-text\">www.fondosni.com<\/p><\/div>\n<p>Al hacerme una citolog\u00eda <strong>me ha tratado con respeto<\/strong> (algo que valoro mucho y sobre todo en el entorno sanitario) y, cuando le he contado que soy asesora de masaje infantil y de lactancia, me ha invitado a pensar si querr\u00eda montar un grupito sin \u00e1nimo de lucro para ayudarles a ellas, las matronas del centro y a las mam\u00e1s, para aprender todas juntas.<\/p>\n<p>As\u00ed me lo ha &#8220;vendido&#8221;: para <strong>aprender las unas de las otras<\/strong>. Qu\u00e9 visi\u00f3n tan on\u00edrica y esperanzadora. Mujeres lactando entre algodones; beb\u00e9s que no lloran apenas; mitos de lactancia desterrados; mastitis, las justas; llanto acompa\u00f1ado a madres e hijos; visitas que traen comida y limpian de paso el saloncito de nubes de algod\u00f3n de az\u00facar; olor a beb\u00e9; masajes y canciones como banda sonora; y como incienso, mucho mucho, pero que <strong>mucho amor<\/strong>.<\/p>\n<p>Porque d\u00edas como hoy me hacen confiar, confiar en que otro mundo es posible y en que, criemos y eduquemos como sepamos y podamos, seremos los mejores padres para nuestros hijos.<\/p>\n<p>Porque, aunque nos equivoquemos o no sepamos corregirnos, <strong>cada vez hay m\u00e1s ambientes<\/strong> en esta sociedad que nos invitan a mimar de otra manera, a tocar sintiendo m\u00fasica, a querer a conciencia y sobre todo a demostrarlo, a jugar sin miedo alguno y a aprender por encima de todo al lado de nuestro peque\u00f1o, ese maestro que hace de espejo para encontrar en \u00e9l aquello que debemos encontrar en nosotros mismos.<\/p>\n<p>Porque veo esperanza en este mundo de locos.<\/p>\n<p>Porque tambi\u00e9n veo que cada vez volvemos a buscar aquello que nos conecta con nuestra verdadera esencia. Habr\u00e1 quien lo consiga a trav\u00e9s de canciones; otros, de masajes; o de lactancia; o de biber\u00f3n lleno de amor; o de bailes; o de piel con piel; o de colecho o de minicunas; o yendo de conciertos; o tomando copas o haciendo el amor. Lo que s\u00ed tengo claro es que cada vez siento m\u00e1s <strong>inter\u00e9s social<\/strong> en esforzarnos por acompa\u00f1ar a nuestros hijos de la mejor manera que sabemos y para la que nos hemos preparado: recabando informaci\u00f3n ver\u00eddica acerca de lo que los beb\u00e9s, futuros ni\u00f1os, necesitan.<\/p>\n<p>Porque gracias a Paloma, hoy veo de nuevo otra luz en el futuro de esta sociedad. No s\u00f3lo por la lactancia, sino por lo que significa que una matrona de un centro de salud p\u00fablico diga esta frase tan contundente y promueva espacios donde los beb\u00e9s y sus familias se encuentren acompa\u00f1ados, respetados y viviendo su puerperio con la naturalidad que necesitan.<\/p>\n<p>Gracias Paloma por la labor que est\u00e1is haciendo. Porque es maravilloso encontrar gente que piensa en aprender de todos y de todo. Cuenta conmigo!<\/p>\n<p style=\"text-align: center;\"><a href=\"\/madre-aprendiz\/wp-content\/uploads\/sites\/57\/2014\/09\/la-foto.jpeg\"><img loading=\"lazy\" class=\"aligncenter  wp-image-251\" title=\"la foto\" src=\"\/madre-aprendiz\/wp-content\/uploads\/sites\/57\/2014\/09\/la-foto.jpeg\" alt=\"\" width=\"281\" height=\"337\" srcset=\"https:\/\/static-blogs.diariovasco.com\/wp-content\/uploads\/sites\/57\/2014\/09\/la-foto.jpeg 469w, https:\/\/static-blogs.diariovasco.com\/wp-content\/uploads\/sites\/57\/2014\/09\/la-foto-251x300.jpeg 251w\" sizes=\"(max-width: 281px) 100vw, 281px\" \/><\/a><\/p>\n<!-- AddThis Advanced Settings generic via filter on the_content --><!-- AddThis Share Buttons generic via filter on the_content -->","protected":false},"excerpt":{"rendered":"<p>&#8220;La lactancia no es una moda, es una norma&#8221;. Paloma L\u00f3pez. Matrona. Esta ha sido una de las frases de la conversaci\u00f3n que hoy he mantenido por primera vez con Paloma, la matrona del Centro de Salud que me corresponde. Ha sido como entrar en un lugar lleno de nubes. Las mismas nubes que flotan [&hellip;]<!-- AddThis Advanced Settings generic via filter on get_the_excerpt --><!-- AddThis Share Buttons generic via filter on get_the_excerpt --><\/p>\n","protected":false},"author":84,"featured_media":0,"comment_status":"open","ping_status":"closed","sticky":false,"template":"","format":"standard","meta":[],"categories":[3],"tags":[63],"_links":{"self":[{"href":"https:\/\/blogs.diariovasco.com\/madre-aprendiz\/wp-json\/wp\/v2\/posts\/248"}],"collection":[{"href":"https:\/\/blogs.diariovasco.com\/madre-aprendiz\/wp-json\/wp\/v2\/posts"}],"about":[{"href":"https:\/\/blogs.diariovasco.com\/madre-aprendiz\/wp-json\/wp\/v2\/types\/post"}],"author":[{"embeddable":true,"href":"https:\/\/blogs.diariovasco.com\/madre-aprendiz\/wp-json\/wp\/v2\/users\/84"}],"replies":[{"embeddable":true,"href":"https:\/\/blogs.diariovasco.com\/madre-aprendiz\/wp-json\/wp\/v2\/comments?post=248"}],"version-history":[{"count":0,"href":"https:\/\/blogs.diariovasco.com\/madre-aprendiz\/wp-json\/wp\/v2\/posts\/248\/revisions"}],"wp:attachment":[{"href":"https:\/\/blogs.diariovasco.com\/madre-aprendiz\/wp-json\/wp\/v2\/media?parent=248"}],"wp:term":[{"taxonomy":"category","embeddable":true,"href":"https:\/\/blogs.diariovasco.com\/madre-aprendiz\/wp-json\/wp\/v2\/categories?post=248"},{"taxonomy":"post_tag","embeddable":true,"href":"https:\/\/blogs.diariovasco.com\/madre-aprendiz\/wp-json\/wp\/v2\/tags?post=248"}],"curies":[{"name":"wp","href":"https:\/\/api.w.org\/{rel}","templated":true}]}}