{"id":25,"date":"2013-06-06T16:50:14","date_gmt":"2013-06-06T14:50:14","guid":{"rendered":"http:\/\/blogs.diariovasco.com\/madre-aprendiz\/?p=25"},"modified":"2013-06-06T16:50:14","modified_gmt":"2013-06-06T14:50:14","slug":"tdah","status":"publish","type":"post","link":"https:\/\/blogs.diariovasco.com\/madre-aprendiz\/2013\/06\/06\/tdah\/","title":{"rendered":"Hiperactividad y d\u00e9ficit de atenci\u00f3n"},"content":{"rendered":"<p><a href=\"\/madre-aprendiz\/wp-content\/uploads\/sites\/57\/2013\/06\/hiperactivos.jpg\"><img loading=\"lazy\" class=\"size-medium wp-image-29 alignright\" src=\"\/madre-aprendiz\/wp-content\/uploads\/sites\/57\/2013\/06\/hiperactivos.jpg\" alt=\"\" width=\"300\" height=\"160\" srcset=\"https:\/\/static-blogs.diariovasco.com\/wp-content\/uploads\/sites\/57\/2013\/06\/hiperactivos.jpg 800w, https:\/\/static-blogs.diariovasco.com\/wp-content\/uploads\/sites\/57\/2013\/06\/hiperactivos-300x160.jpg 300w, https:\/\/static-blogs.diariovasco.com\/wp-content\/uploads\/sites\/57\/2013\/06\/hiperactivos-768x410.jpg 768w\" sizes=\"(max-width: 300px) 100vw, 300px\" \/><\/a>Ayer le\u00eda esta <a href=\"http:\/\/www.biobiochile.cl\/2013\/06\/03\/por-que-casi-no-hay-ninos-franceses-hiperactivos-o-con-deficit-atencional.shtml\" target=\"_blank\" rel=\"external nofollow\">noticia <\/a>acerca de la hiperactividad y el d\u00e9ficit de atenci\u00f3n y, aunque no soy ninguna entendida del tema, s\u00ed que me hace reflexionar acerca de la cantidad de ni\u00f1os hiperactivos y poco atentos que aparentemente tenemos en Espa\u00f1a.<\/p>\n<p>Cuando voy a celebraciones infantiles (algo que me sucede pr\u00e1cticamente todas las semanas), raro es el evento donde no hay alg\u00fan ni\u00f1o diagnosticado con TDAH. Y yo me pregunto <strong>\u00bfser\u00e1 que los ni\u00f1os de hoy en d\u00eda son m\u00e1s hiperactivos que los de \u00e9pocas anteriores o ser\u00e1 por el contrario que la \u00e9poca en la que vivimos necesitamos controlar y etiquetar m\u00e1s a nuestros peque\u00f1os?<\/strong><\/p>\n<p>No dudo de que haya muchos ni\u00f1os que tengan esta enfermedad. Por todos ellos es maravilloso que se vaya estudiando y profundizando en el tema. Sin embargo, tengo la sensaci\u00f3n de que se diagnostica m\u00e1s a la ligera y se les pone una etiqueta bastante dura a algunos ni\u00f1os que no la merezcan. Quiz\u00e1s por ser diferentes, inquietos, curiosos o atentos por otras materias menos comunes les ha ca\u00eddo un buen peso durante toda su vida.<\/p>\n<p>Como dice la noticia, en Estados Unidos, un 9% de los ni\u00f1os tiene TDAH, en Chile un 5%; sin embargo en Francia s\u00f3lo un 0,5%. Es en nuestro pa\u00eds vecino donde tienen un manual propio en el que analizan, antes de diagnosticarles, muchos m\u00e1s aspectos que el simple comportamiento del ni\u00f1o.<\/p>\n<p>Tambi\u00e9n hace poco <a href=\"http:\/\/www.bebesymas.com\/salud-infantil\/el-psiquiatra-que-descubrio-el-tdah-confeso-antes-de-morir-que-es-una-enfermedad-ficticia\" target=\"_blank\" rel=\"external nofollow\">le\u00eda<\/a> c\u00f3mo el hombre que descubri\u00f3 esta enfermedad, el psiquiatra Leon Einsenberg, confes\u00f3 antes de morir a los 87 a\u00f1os que el TDAH es una &#8220;enfermedad ficticia&#8221;. Ya lo que nos faltaba! Una de las enfermedades mentales m\u00e1s actuales entre nuestros peque\u00f1os, cuestionada por el mismo descubridor.<\/p>\n<p>En un primer momento, cuando se descubri\u00f3 el porqu\u00e9 del TDAH, el equipo de Eisenberg\u00a0 declar\u00f3 que esta enfermedad tiene su origen en la gen\u00e9tica. Afirmaban tambi\u00e9n que la educaci\u00f3n y el entorno del ni\u00f1o no le afectan para nada. Hicieron creer a la sociedad que es una enfermedad con la cual se nace. Con esto quer\u00edan convencer a los padres de que ellos no eran culpables de la enfermedad de sus peque\u00f1os.<\/p>\n<p><a href=\"\/madre-aprendiz\/wp-content\/uploads\/sites\/57\/2013\/06\/nino.jpg\"><img loading=\"lazy\" class=\"alignleft size-medium wp-image-30\" title=\"\" src=\"\/madre-aprendiz\/wp-content\/uploads\/sites\/57\/2013\/06\/nino.jpg\" alt=\"\" width=\"201\" height=\"300\" srcset=\"https:\/\/static-blogs.diariovasco.com\/wp-content\/uploads\/sites\/57\/2013\/06\/nino.jpg 800w, https:\/\/static-blogs.diariovasco.com\/wp-content\/uploads\/sites\/57\/2013\/06\/nino-202x300.jpg 202w, https:\/\/static-blogs.diariovasco.com\/wp-content\/uploads\/sites\/57\/2013\/06\/nino-768x1141.jpg 768w, https:\/\/static-blogs.diariovasco.com\/wp-content\/uploads\/sites\/57\/2013\/06\/nino-689x1024.jpg 689w\" sizes=\"(max-width: 201px) 100vw, 201px\" \/><\/a>Por el contrario, en sus \u00faltimas declaraciones antes de morir, Leon coment\u00f3 que la idea de que un ni\u00f1o tenga TDAH est\u00e1 \u201csobrevalorada\u201d.<\/p>\n<p>A ra\u00edz de estos comentarios se deducen dos hip\u00f3tesis:<\/p>\n<p>1. Cuando el psic\u00f3logo dijo que est\u00e1 sobrevalorada y que se trata de una enfermedad ficticia, nos hace pensar que la enfermedad de Trastorno de D\u00e9ficit de Atenci\u00f3n e Hiperactividad (TDAH) es un <strong>invento ama\u00f1ado<\/strong> entre psic\u00f3logos y farmac\u00e9uticas para enriquecerse gracias a la ventas de medicamentos para estos peque\u00f1os. Adem\u00e1s en estos \u00faltimos a\u00f1os, el 10% de los ni\u00f1os era diagnosticado con esta enfermedad, n\u00famero que aparentemente es demasiado elevado para una enfermedad de estas caracter\u00edsticas.<\/p>\n<p>2. Del lado contrario, encontramos a los que opinan que el significado de \u201csobrevalorada\u201d adquiere su sentido en el <strong>origen<\/strong> de la enfermedad. Consideran que la enfermedad no viene determinada por la gen\u00e9tica, sino por unas causas\u00a0 determinadas en el entorno y acompa\u00f1amiento de los primeros a\u00f1os del peque\u00f1o, adem\u00e1s de otros problemas que pueda padecer el ni\u00f1o. De este modo, intentar\u00edan justificar que los padres y educadores de los ni\u00f1os tendr\u00edan un <strong>papel protagonista<\/strong> a la hora de facilitar el desarrollo de esta enfermedad.<\/p>\n<p>No s\u00e9 nada acerca de enfermedades, trastornos y patolog\u00edas. Lo \u00fanico que me queda claro es que algo turbio aparece en torno a este trastorno tan &#8220;de moda&#8221; \u00faltimamente. Espero que la ciencia pueda aclararse y aclararnos a nosotros de paso qu\u00e9 sucede con todos estos ni\u00f1os diferentes. Quiz\u00e1s tengamos que adaptar nuestro modo de vida a las necesidades de los peque\u00f1os, que probablemente est\u00e9n habl\u00e1ndonos muy alto para decirnos algo que no queremos oir.<\/p>\n<p>\u00bfPor qu\u00e9 no invertimos tambi\u00e9n en un cambio social en vez de centrarnos en f\u00e1rmacos y medicinas para este tipo de trastorno?<\/p>\n<p><strong><br \/>\n<\/strong><\/p>\n<!-- AddThis Advanced Settings generic via filter on the_content --><!-- AddThis Share Buttons generic via filter on the_content -->","protected":false},"excerpt":{"rendered":"<p>Ayer le\u00eda esta noticia acerca de la hiperactividad y el d\u00e9ficit de atenci\u00f3n y, aunque no soy ninguna entendida del tema, s\u00ed que me hace reflexionar acerca de la cantidad de ni\u00f1os hiperactivos y poco atentos que aparentemente tenemos en Espa\u00f1a. Cuando voy a celebraciones infantiles (algo que me sucede pr\u00e1cticamente todas las semanas), raro [&hellip;]<!-- AddThis Advanced Settings generic via filter on get_the_excerpt --><!-- AddThis Share Buttons generic via filter on get_the_excerpt --><\/p>\n","protected":false},"author":84,"featured_media":0,"comment_status":"open","ping_status":"closed","sticky":false,"template":"","format":"standard","meta":[],"categories":[8],"tags":[],"_links":{"self":[{"href":"https:\/\/blogs.diariovasco.com\/madre-aprendiz\/wp-json\/wp\/v2\/posts\/25"}],"collection":[{"href":"https:\/\/blogs.diariovasco.com\/madre-aprendiz\/wp-json\/wp\/v2\/posts"}],"about":[{"href":"https:\/\/blogs.diariovasco.com\/madre-aprendiz\/wp-json\/wp\/v2\/types\/post"}],"author":[{"embeddable":true,"href":"https:\/\/blogs.diariovasco.com\/madre-aprendiz\/wp-json\/wp\/v2\/users\/84"}],"replies":[{"embeddable":true,"href":"https:\/\/blogs.diariovasco.com\/madre-aprendiz\/wp-json\/wp\/v2\/comments?post=25"}],"version-history":[{"count":0,"href":"https:\/\/blogs.diariovasco.com\/madre-aprendiz\/wp-json\/wp\/v2\/posts\/25\/revisions"}],"wp:attachment":[{"href":"https:\/\/blogs.diariovasco.com\/madre-aprendiz\/wp-json\/wp\/v2\/media?parent=25"}],"wp:term":[{"taxonomy":"category","embeddable":true,"href":"https:\/\/blogs.diariovasco.com\/madre-aprendiz\/wp-json\/wp\/v2\/categories?post=25"},{"taxonomy":"post_tag","embeddable":true,"href":"https:\/\/blogs.diariovasco.com\/madre-aprendiz\/wp-json\/wp\/v2\/tags?post=25"}],"curies":[{"name":"wp","href":"https:\/\/api.w.org\/{rel}","templated":true}]}}