{"id":250,"date":"2014-09-24T23:00:36","date_gmt":"2014-09-24T21:00:36","guid":{"rendered":"http:\/\/blogs.diariovasco.com\/madre-aprendiz\/?p=250"},"modified":"2014-09-24T23:00:36","modified_gmt":"2014-09-24T21:00:36","slug":"la-hija-que-se-acostaba","status":"publish","type":"post","link":"https:\/\/blogs.diariovasco.com\/madre-aprendiz\/2014\/09\/24\/la-hija-que-se-acostaba\/","title":{"rendered":"La hija que se acostaba con los novios de su madre"},"content":{"rendered":"<p><em>Hace mucho, mucho tiempo, naci\u00f3 una ni\u00f1a en un pa\u00eds muy lejano, llena de luz y de vida. Tanta luz ten\u00eda que sus padres decidieron llamarle Lucerita.<\/em><\/p>\n<p><em>Lucerita creci\u00f3 en un ambiente familiar muy hostil y complicado. Sus padres se separaron cuando ella era peque\u00f1a y su madre, sinti\u00e9ndose incapaz de mantener por s\u00ed misma a Lucerita y su hermano menor, decidi\u00f3 volver a casa de sus padres, donde viv\u00eda toda su familia.<\/em><\/p>\n<p><em>A pesar de la inmensa\u00a0tristeza que le produc\u00eda a Lucerita separarse del primer hombre de su vida (su pap\u00e1), imaginaba que ser\u00eda divertido convivir con parte de su familia. Sin embargo, pronto se dio cuenta de que esa interesante aventura acabar\u00eda siendo una aut\u00e9ntica pesadilla.<\/em><\/p>\n<p><em>Muy pronto fueron su t\u00edo-abuelo y un t\u00edo directo (el hermano m\u00e1s querido de su madre) quienes se convirtieron en futuras sombras de esta ni\u00f1a. Ambos dos, atra\u00eddos por la belleza y luz de Lucerita, intentaron seducirla y abusar de ella, repiti\u00e9ndolo de vez en cuando. Algo que consigui\u00f3 que Lucerita comenzara a sentir enfado y temor al mismo tiempo.<a href=\"\/madre-aprendiz\/wp-content\/uploads\/sites\/57\/2014\/09\/c465e90846907fe330e52ff93572b19c1.jpeg\"><img loading=\"lazy\" class=\"alignright size-medium wp-image-256\" title=\"c465e90846907fe330e52ff93572b19c\" src=\"\/madre-aprendiz\/wp-content\/uploads\/sites\/57\/2014\/09\/c465e90846907fe330e52ff93572b19c1.jpg\" alt=\"\" width=\"300\" height=\"274\" \/><\/a><\/em><\/p>\n<p><em>Su comportamiento empez\u00f3 a cambiar de manera sorprendente; y su madre, que desconoc\u00eda a esa hija rebelde y frustrada, intent\u00f3 corregir su comportamiento de la \u00fanica manera que sab\u00eda: con gritos, castigos, amenazas y por supuesto, alguna que otra bofetada.<\/em><\/p>\n<p><em>\u00bfD\u00f3nde hab\u00eda quedado esa ni\u00f1a dulce, inquieta y precoz que ellos conoc\u00edan? Lucerita segu\u00eda reclamando la atenci\u00f3n de su deseada mam\u00e1 de la \u00fanica manera que ella conoc\u00eda: con el llanto y la exigencia.<\/em><\/p>\n<p><em>Durante ese a\u00f1o y medio que estuvieron en casa de sus abuelos, Lucerita segu\u00eda comport\u00e1ndose de forma extra\u00f1a y poco amable; no s\u00f3lo con su madre, sino con todos los miembros de la familia. Sent\u00eda mucha rabia e incomodidad en esa casa, porque mientras su madre se iba a trabajar, sus t\u00edas aprovechaban para que ejerciera de sirvienta.<\/em><\/p>\n<p><em>Lucerita fue a m\u00e1s y demostraba su malestar emocional a base de gritos y rabietas. Hasta que su madre, muy desesperada por la tensi\u00f3n creada, decidi\u00f3 mudarse a un <em>peque\u00f1o<\/em> apartamento a tan s\u00f3lo unas calles de la casa familiar.<\/em><\/p>\n<p><em>Como no les daba para m\u00e1s, se mudaron a un pisito de una sola habitaci\u00f3n los tres juntos: Lucerita, su hermano y su joven mam\u00e1. Y por supuesto, dorm\u00edan todos juntos en la misma cama de 105 cent\u00edmetros.<\/em><\/p>\n<p><em>Pronto su madre conoci\u00f3 un nuevo amor: un se\u00f1or ligeramente mayor que le llenaba de ilusi\u00f3n. Empez\u00f3 a compartir confidencias hasta que poco a poco termin\u00f3 invit\u00e1ndolo a su casa y por lo tanto, a su cama.<\/em><\/p>\n<p><em>La mam\u00e1 de Lucerita de vez en cuando hac\u00eda el amor en la cama com\u00fan con su novio. Eso s\u00ed, despacito y con cuidado. No quer\u00eda\u00a0hacer ruido porque sus hijos aparentemente dorm\u00edan.<\/em><\/p>\n<p><em>Sin embargo, no siempre fue as\u00ed. A menudo Lucerita se despertaba escuchando a su madre haciendo unos\u00a0gemidos para ella muy extra\u00f1os, movi\u00e9ndose la cama ligeramente o sintiendo un calor diferente por debajo de las s\u00e1banas.<\/em><\/p>\n<p><em>Lucerita pens\u00f3 q era mejor callar y no se vio capaz de compartir lo que suced\u00eda en la cama familiar. Hac\u00eda ya dos a\u00f1os que sus t\u00edos le pidieron, con una mirada fulminante, que nunca hablara de ello. As\u00ed que, tras aquel ejemplo, decidi\u00f3 callar por miedo a la reacci\u00f3n de su madre.<\/em><\/p>\n<p><em>Se justificaba pensando que, por ser cosas de mayores, nunca la escuchar\u00edan.<\/em><\/p>\n<p><em>Pasaban los a\u00f1os y un d\u00eda sucedi\u00f3 algo que le cambiar\u00eda de nuevo para siempre. Justo antes de cumplir los 7 a\u00f1os, despert\u00f3 al lado de ese desconocido, que era el novio de su madre. Ella hab\u00eda ido a trabajar y su hermano estaba con los abuelos. El novio le empez\u00f3 a hablar de lo bella y dulce que era y de lo mucho que le atra\u00eda. Despu\u00e9s de estas lindas palabras, finalmente le empez\u00f3 a tocar.<\/em><\/p>\n<p><em>Ella, sin saber muy bien lo que hac\u00eda y sin saber si eso era normal, se dej\u00f3 hacer.<\/em><\/p>\n<p><em>Jam\u00e1s pens\u00f3 en dec\u00edrselo a su madre, ni a su hermano ni a nadie de la familia.<\/em><\/p>\n<p><em>Soledad, abandono emocional, decepci\u00f3n, tristeza y mucha impotencia sent\u00eda Lucerita con su joven madre, dejando su autoestima por debajo de las piedras. No ten\u00eda cari\u00f1o ni se sent\u00eda valorada.<\/em><\/p>\n<p><em>Siempre call\u00f3 para evitar que su secreto acabara con la ilusi\u00f3n de su desdichada y trabajadora madre.<\/em><\/p>\n<p><em>Lucerita estaba hecha un l\u00edo: su madre lanzaba un mensaje contradictorio a la peque\u00f1a. No dejaba de repetir la importancia de las mujeres en llegar puras y castas al matrimonio aunque su ejemplo era otro bien distinto.<\/em><\/p>\n<p><em>Su protecci\u00f3n fue, durante a\u00f1os, su silencio.<\/em><\/p>\n<p><em>Sentimientos encontrados. Un hombre elegante se acostaba con su madre y al mismo tiempo con la hija de su madre&#8230;<\/em><\/p>\n<p><em>Finalmente se termin\u00f3 la relaci\u00f3n entre ellos y la madre de Lucerita sigui\u00f3 invitando a casa a sus nuevas \u201cilusiones\u201d.<\/em><\/p>\n<p><em>Lucerita, probablemente debido a su intensa experiencia y viendo c\u00f3mo se comportaba su madre, volvi\u00f3 a \u201ccaer en las garras\u201d de dos novios m\u00e1s.<\/em><\/p>\n<p><em>Ella no disfrutaba nada, de hecho no le gustaba. Sin embargo, hab\u00eda aprendido que esa era una manera de relacionarse entre los adultos y ansiaba sentirse mayor.<\/em><\/p>\n<p><em>Pasaron los a\u00f1os y cuando ten\u00eda 14 a\u00f1os, harta de que su madre le corrigiera a golpes, gritos, amenazas y castigos, abandon\u00f3 su hogar para buscar una vida mejor.<\/em><\/p>\n<p><em>La fuerza de Lucerita le ayud\u00f3 a labrarse un camino que le permiti\u00f3 pagar sus gastos y hasta ahondar en &#8220;malas&#8221; (y necesarias para ella) costumbres.<\/em><\/p>\n<p><em>Aun con la tristeza y decepci\u00f3n que albergaba en su interior, continu\u00f3 su camino y sigui\u00f3 luchando con sus carencias afectivas en cada una de sus relaciones.<\/em><\/p>\n<p style=\"text-align: center;\"><em>30 a\u00f1os llorando su infancia, y tras varias terapias, algunas depresiones, llantos, abandonos, problemas con el sexo y por lo tanto con los hombres, ha logrado aprender, desaprender, aceptarse, perdonarse, perdonar, sanar, liberarse\u00a0\u00a0y cultivarse para poder ser un modelo para sus hijos. Se esfuerza cada d\u00eda por abrazar y sanar a esa ni\u00f1a herida que lleva dentro y, tras mucho esfuerzo por su parte, ha decidido abrazar a la ni\u00f1a herida de su madre siempre que ella se lo permita.<\/em><a href=\"\/madre-aprendiz\/wp-content\/uploads\/sites\/57\/2014\/09\/bf9dd8db87dc3f6fcd0b57c099a1710d.jpeg\"><img loading=\"lazy\" class=\"size-full wp-image-253 aligncenter\" title=\"bf9dd8db87dc3f6fcd0b57c099a1710d\" src=\"\/madre-aprendiz\/wp-content\/uploads\/sites\/57\/2014\/09\/bf9dd8db87dc3f6fcd0b57c099a1710d.jpeg\" alt=\"\" width=\"380\" height=\"320\" srcset=\"https:\/\/static-blogs.diariovasco.com\/wp-content\/uploads\/sites\/57\/2014\/09\/bf9dd8db87dc3f6fcd0b57c099a1710d.jpeg 380w, https:\/\/static-blogs.diariovasco.com\/wp-content\/uploads\/sites\/57\/2014\/09\/bf9dd8db87dc3f6fcd0b57c099a1710d-300x253.jpeg 300w\" sizes=\"(max-width: 380px) 100vw, 380px\" \/><\/a><\/p>\n<p>\u00bfQu\u00e9 opin\u00e1is de la historia? Cuesta, \u00bfverdad?\u00a0 A m\u00ed me cost\u00f3&#8230; Y es una historia real. La m\u00e1s cruda realidad.<\/p>\n<p>Ha llegado a este blog despu\u00e9s de que \u201cLucerita\u201d, que por cierto brilla con luz propia, se sintiera preparada para contarme esta historia al encontrarse fuera de lugar en este mundo donde se pierde mucha energ\u00eda opinando acerca de los dem\u00e1s.<\/p>\n<p>\u00bfTeta o biber\u00f3n? \u00bfQui\u00e9n es buena madre y qui\u00e9n no lo es? \u00bfQu\u00e9 es un abuso y qu\u00e9 no? \u00bfDe verdad ese es el debate? Pienso que lo m\u00e1s importante en la vida de un padre y una madre es ser un <strong>buen ejemplo<\/strong> para dejar modelos sanos a sus hijos y poder as\u00ed trasmitir la m\u00e1xima coherencia.<\/p>\n<p>Haci\u00e9ndonos da\u00f1o los unos a las otros no llegaremos a ning\u00fan lugar. Ojal\u00e1 pudi\u00e9ramos debatir sin herir ni insultar; escucharnos; leernos y dejar de lado los colechos, los biberones, las tetas, los coles biling\u00fces, los alternativos, la tele o no tele\u2026 Destinemos nuestra fuerza en <strong>crear nuevos proyectos<\/strong> y sembrar lindos frutos.<\/p>\n<p>Si decides dar biber\u00f3n, es tu elecci\u00f3n y es tan v\u00e1lida como la de cualquier otro, pero por favor, ac\u00e9ptalo con toda la verdad. No hay mucho m\u00e1s cierto que la leche materna tiene beneficios no comparables con la de f\u00f3rmula. Porque alguien defienda la evidencia cient\u00edfica, no te est\u00e1 criticando. Si te ofende, ser\u00e1s t\u00fa que tienes que revisar primero el porqu\u00e9 de tu reacci\u00f3n y revisar tambi\u00e9n tu postura para as\u00ed poder abrazar la diversidad.<\/p>\n<p>Lo mismo si decides dar teta y criticas a la que no lo hace. Puedes decirle lo que es obvio. S\u00ed, la leche materna es m\u00e1s saludable, pero <strong>no es peor madre por dar biber\u00f3n<\/strong> (o teta). He visto cantidad de madres lactantes que me han dejado boquiabierta con la manera en la que tratan a sus beb\u00e9s y a otras personas.<\/p>\n<p>Qu\u00e9 m\u00e1s da si tu vecina de al lado o de Facebook elige una u otra opci\u00f3n. Preocup\u00e9monos por darles a nuestros hijos la atenci\u00f3n y el sost\u00e9n emocional necesario, para convertirse en <strong>personas respetuosas y seguras de s\u00ed mismas<\/strong> que sepan decir no y decir s\u00ed a su antojo. Para conocer su cuerpo y para conocerse a s\u00ed mismos primero. Y por lo tanto, evitar que haya madres perdidas incapaces de conocer a sus hijos y\/o a sus propias necesidades.<\/p>\n<p>Quiero pensar que la madre de Lucerita no tuvo tampoco un ejemplo amoroso, con dulces palabras ni mensajes amables. Imagino que su opini\u00f3n no import\u00f3 para nada en su infancia y forj\u00f3 su camino alejada del amor. Si hubiera tenido Facebook,<strong> \u00bftanto debate hiriente le habr\u00eda ayudado a poder ser una mam\u00e1 modelo?<\/strong><\/p>\n<p>Quiz\u00e1s si damos todos un <strong>peque\u00f1o paso<\/strong> podamos conseguir que cada vez haya menos ni\u00f1os incomprendidos que recurren a falsos modelos con graves consecuencias.<\/p>\n<p>Estos son los mensajes que Lucerita (nombre, por cierto, inventado) quer\u00eda enviar una vez me cont\u00f3 su historia.<\/p>\n<p>Ojal\u00e1 cada vez haya menos \u201cluceritas\u201d en la vida y sus madres al menos sepan orientarles en el arte del amor, la ternura y el respeto. Gracias \u201cLucerita&#8221; por prestarme tu historia \ud83d\ude09 y sobre todo gracias de verdad por ser tan valiente y \u00fanica.<\/p>\n<p style=\"text-align: center;\"><a href=\"\/madre-aprendiz\/wp-content\/uploads\/sites\/57\/2014\/09\/la-foto1.jpeg\"><img loading=\"lazy\" class=\"aligncenter  wp-image-255\" title=\"la foto\" src=\"\/madre-aprendiz\/wp-content\/uploads\/sites\/57\/2014\/09\/la-foto1.jpeg\" alt=\"\" width=\"400\" height=\"400\" srcset=\"https:\/\/static-blogs.diariovasco.com\/wp-content\/uploads\/sites\/57\/2014\/09\/la-foto1.jpeg 500w, https:\/\/static-blogs.diariovasco.com\/wp-content\/uploads\/sites\/57\/2014\/09\/la-foto1-150x150.jpeg 150w, https:\/\/static-blogs.diariovasco.com\/wp-content\/uploads\/sites\/57\/2014\/09\/la-foto1-300x300.jpeg 300w\" sizes=\"(max-width: 400px) 100vw, 400px\" \/><\/a><\/p>\n<p>&nbsp;<\/p>\n<p>&nbsp;<\/p>\n<!-- AddThis Advanced Settings generic via filter on the_content --><!-- AddThis Share Buttons generic via filter on the_content -->","protected":false},"excerpt":{"rendered":"<p>Hace mucho, mucho tiempo, naci\u00f3 una ni\u00f1a en un pa\u00eds muy lejano, llena de luz y de vida. Tanta luz ten\u00eda que sus padres decidieron llamarle Lucerita. Lucerita creci\u00f3 en un ambiente familiar muy hostil y complicado. Sus padres se separaron cuando ella era peque\u00f1a y su madre, sinti\u00e9ndose incapaz de mantener por s\u00ed misma [&hellip;]<!-- AddThis Advanced Settings generic via filter on get_the_excerpt --><!-- AddThis Share Buttons generic via filter on get_the_excerpt --><\/p>\n","protected":false},"author":84,"featured_media":0,"comment_status":"open","ping_status":"closed","sticky":false,"template":"","format":"standard","meta":[],"categories":[3,7],"tags":[29,66],"_links":{"self":[{"href":"https:\/\/blogs.diariovasco.com\/madre-aprendiz\/wp-json\/wp\/v2\/posts\/250"}],"collection":[{"href":"https:\/\/blogs.diariovasco.com\/madre-aprendiz\/wp-json\/wp\/v2\/posts"}],"about":[{"href":"https:\/\/blogs.diariovasco.com\/madre-aprendiz\/wp-json\/wp\/v2\/types\/post"}],"author":[{"embeddable":true,"href":"https:\/\/blogs.diariovasco.com\/madre-aprendiz\/wp-json\/wp\/v2\/users\/84"}],"replies":[{"embeddable":true,"href":"https:\/\/blogs.diariovasco.com\/madre-aprendiz\/wp-json\/wp\/v2\/comments?post=250"}],"version-history":[{"count":0,"href":"https:\/\/blogs.diariovasco.com\/madre-aprendiz\/wp-json\/wp\/v2\/posts\/250\/revisions"}],"wp:attachment":[{"href":"https:\/\/blogs.diariovasco.com\/madre-aprendiz\/wp-json\/wp\/v2\/media?parent=250"}],"wp:term":[{"taxonomy":"category","embeddable":true,"href":"https:\/\/blogs.diariovasco.com\/madre-aprendiz\/wp-json\/wp\/v2\/categories?post=250"},{"taxonomy":"post_tag","embeddable":true,"href":"https:\/\/blogs.diariovasco.com\/madre-aprendiz\/wp-json\/wp\/v2\/tags?post=250"}],"curies":[{"name":"wp","href":"https:\/\/api.w.org\/{rel}","templated":true}]}}