{"id":261,"date":"2014-10-02T18:23:44","date_gmt":"2014-10-02T16:23:44","guid":{"rendered":"http:\/\/blogs.diariovasco.com\/madre-aprendiz\/?p=261"},"modified":"2014-10-02T18:23:44","modified_gmt":"2014-10-02T16:23:44","slug":"mi-malakids-malasana-madrid","status":"publish","type":"post","link":"https:\/\/blogs.diariovasco.com\/madre-aprendiz\/2014\/10\/02\/mi-malakids-malasana-madrid\/","title":{"rendered":"Mi Malakids, Malasa\u00f1a, Madrid"},"content":{"rendered":"<p>Este fin de semana estuve en la feria <strong>Malakids<\/strong> en Malasa\u00f1a. Y para los que no conozc\u00e1is qu\u00e9 es, os dir\u00e9 que es una feria \/ festival de cultura urbana que se celebra en Madrid, en los barrios de Malasa\u00f1a y Conde Duque (en pleno centro).<\/p>\n<p>Estuve el s\u00e1bado con la intenci\u00f3n de hacer relaciones empresariales. <a href=\"http:\/\/www.froggies.es\" target=\"_blank\" rel=\"external nofollow\">Froggies<\/a> (mi proyecto) ten\u00eda un stand y yo iba a ayudar mientras mi socia madrile\u00f1a, Leti, hac\u00eda su taller de juego en familia para beb\u00e9s, \u00e9se que tanto \u00e9xito tiene y hacemos en varios espacios. Ese donde ni\u00f1os hasta 4 a\u00f1os experimentan con sus pap\u00e1s y donde sus ritmos son respetados, escuch\u00e1ndoles y atendiendo sus necesidades.<\/p>\n<p><a href=\"\/madre-aprendiz\/wp-content\/uploads\/sites\/57\/2014\/10\/malakids_.jpg\"><img loading=\"lazy\" class=\"alignleft size-medium wp-image-265\" title=\"malakids_\" src=\"\/madre-aprendiz\/wp-content\/uploads\/sites\/57\/2014\/10\/malakids_.jpg\" alt=\"\" width=\"300\" height=\"193\" srcset=\"https:\/\/static-blogs.diariovasco.com\/wp-content\/uploads\/sites\/57\/2014\/10\/malakids_.jpg 380w, https:\/\/static-blogs.diariovasco.com\/wp-content\/uploads\/sites\/57\/2014\/10\/malakids_-300x193.jpg 300w\" sizes=\"(max-width: 300px) 100vw, 300px\" \/><\/a>Pues s\u00ed, all\u00e1 que fui y pude hablar con algunos de los expositores que hab\u00eda en una de las sedes, La sede COAM, donde nosotras est\u00e1bamos. \u00bfY por qu\u00e9 digo una de las sedes? Pues porque hab\u00eda <strong>mont\u00f3n de espacios<\/strong> donde disfrutar de diversas actividades: conciertos, saltos en charcos de agua, pintura con tizas y mucho m\u00e1s. Y la ilusa de m\u00ed que pensaba que podr\u00eda ir con mi hija a verlo todo despu\u00e9s de relevar a Leti&#8230;<\/p>\n<p>Y no, no fue as\u00ed. Mi hija y mi familia se volvieron a casa porque yo no pude ni estar con ellos. Empez\u00f3 el jaleo y en nuestro stand de Froggies, donde pint\u00e1bamos caritas, la cola no ces\u00f3. Los pintacaritas es uno de nuestros platos fuertes en Froggies. Os dir\u00e9 que somos partner de la marca <a href=\"http:\/\/www.snazaroo.es\" target=\"_blank\" rel=\"external nofollow\">Snazaroo<\/a>, que para m\u00ed es la <strong>mejor marca calidad-precio de pintacaritas<\/strong>. Es facil\u00edsimo y adem\u00e1s muy respetuoso con la piel. Un \u00e9xito para todos.<\/p>\n<p>As\u00ed que estuve toda la jornada disfrutando de los ni\u00f1os, de su autenticidad y de su capacidad creativa. Ballenas arcaicas; lobos o paisajes nevados fueron algunas de las peticiones m\u00e1s originales. Y como reflexi\u00f3n del d\u00eda me quedo con que cada vez somos m\u00e1s los padres que permitimos a sus hijos ser eso, ni\u00f1os. Hubo pocos que gritaban, echaban la bronca o amenazaban. Y esto antes, en una cola esperando, se ve\u00eda mucho m\u00e1s. As\u00ed que <strong>puedo decir por experiencia que veo algo de luz \ud83d\ude09<\/strong><\/p>\n<p>Tambi\u00e9n pude saludar a mont\u00f3n de personas y <a href=\"https:\/\/madridmartinaandmyself.wordpress.com\/2014\/09\/29\/nuestro-malakids\/\" target=\"_blank\" rel=\"external nofollow\">amigos<\/a> que se pasaron por all\u00ed. Tuve tiempo hasta de &#8220;generar oxitocina&#8221; a una buena amiga que ha sido mam\u00e1 reciente ;). Fue, una vez m\u00e1s, lindo <strong>poder encontrar miradas bonitas y sonrisas sinceras a mi alrededor<\/strong>. Antes de todo esto tuve el tiempo para compartir con algunos de los compa\u00f1eros que expon\u00edan en esta sede. Me da pena no haber podido hablar con todos, pero s\u00e9 que mi socia Leti s\u00ed lo <a href=\"http:\/\/blog.froggies.es\/wp-admin\/post.php?post=79&#038;action=edit\" target=\"_blank\" rel=\"external nofollow\">hizo<\/a>.<\/p>\n<p><a href=\"\/madre-aprendiz\/wp-content\/uploads\/sites\/57\/2014\/10\/liberespacio.jpg\"><img loading=\"lazy\" class=\"alignleft size-thumbnail wp-image-278\" title=\"liberespacio\" src=\"\/madre-aprendiz\/wp-content\/uploads\/sites\/57\/2014\/10\/liberespacio.jpg\" alt=\"\" width=\"150\" height=\"150\" srcset=\"https:\/\/static-blogs.diariovasco.com\/wp-content\/uploads\/sites\/57\/2014\/10\/liberespacio.jpg 204w, https:\/\/static-blogs.diariovasco.com\/wp-content\/uploads\/sites\/57\/2014\/10\/liberespacio-150x150.jpg 150w\" sizes=\"(max-width: 150px) 100vw, 150px\" \/><\/a>No pod\u00eda no empezar por nuestra amiga Zaida, de <a href=\"http:\/\/www.liberespacio.com\" target=\"_blank\" rel=\"external nofollow\">Liberespacio<\/a>, una <strong>librer\u00eda infantil y juvenil<\/strong> muy especial. En ella tambi\u00e9n organizamos actividades desde Froggies y puedes disfrutar tanto de sus libros como de buenas recomendaciones por parte de Zaida, su librera en la luz.<\/p>\n<p><a href=\"\/madre-aprendiz\/wp-content\/uploads\/sites\/57\/2014\/10\/i\u0301ndice.jpg\"><img loading=\"lazy\" class=\"wp-image-267 alignleft\" title=\"i\u0301ndice\" src=\"\/madre-aprendiz\/wp-content\/uploads\/sites\/57\/2014\/10\/i\u0301ndice.jpg\" alt=\"\" width=\"150\" height=\"150\" \/><\/a>Tambi\u00e9n ten\u00edamos enfrente a dos espacios muy lindos:<a href=\"\/madre-aprendiz\/wp-content\/uploads\/sites\/57\/2014\/10\/i\u0301ndice2.jpg\"><img loading=\"lazy\" class=\"size-thumbnail wp-image-269 alignright\" title=\"i\u0301ndice\" src=\"\/madre-aprendiz\/wp-content\/uploads\/sites\/57\/2014\/10\/i\u0301ndice2.jpg\" alt=\"\" width=\"150\" height=\"150\" srcset=\"https:\/\/static-blogs.diariovasco.com\/wp-content\/uploads\/sites\/57\/2014\/10\/i\u0301ndice2.jpg 225w, https:\/\/static-blogs.diariovasco.com\/wp-content\/uploads\/sites\/57\/2014\/10\/i\u0301ndice2-150x150.jpg 150w\" sizes=\"(max-width: 150px) 100vw, 150px\" \/><\/a><\/p>\n<p>Por un lado, las chicas de <a href=\"http:\/\/www.mimuselina.com\" target=\"_blank\" rel=\"external nofollow\">mimuselina<\/a>, que adem\u00e1s de simp\u00e1ticas, son muy guapas. Es algo que me llam\u00f3 la atenci\u00f3n ;). Sus muselinas son maravillosas y tuvieron el detalle de regalarme una que pon\u00eda: mi mam\u00e1 es una blogger ;). Por la noche, mi hija Cloe encontr\u00f3 una buena forma de usarla, una capa de &#8220;superheure&#8221; con la que vol\u00f3 y viaj\u00f3 por distintos planetas y mundos. Y por otro lado, estaba Ra\u00fal Orejas, creador del cuento <a href=\"http:\/\/www.lapelusachusa.com\" target=\"_blank\" rel=\"external nofollow\">La Pelusa Chusa<\/a>, que aunque no tuve tiempo de leerlo bien, me pareci\u00f3 muy bonito y con unas ilustraciones preciosas. Y si adem\u00e1s sumamos que lo escribi\u00f3 con su sobrina, cubre de m\u00e1s amor esta historia de aventuras. Supongo que me lo comprar\u00e9 si me animo a contarlo en alguna de mis contadas para ni\u00f1os.<\/p>\n<p><a href=\"\/madre-aprendiz\/wp-content\/uploads\/sites\/57\/2014\/10\/printeddreams.jpg\"><img loading=\"lazy\" class=\"alignleft size-thumbnail wp-image-270\" title=\"printeddreams\" src=\"\/madre-aprendiz\/wp-content\/uploads\/sites\/57\/2014\/10\/printeddreams.jpg\" alt=\"\" width=\"150\" height=\"131\" \/><\/a>A nuestro lado estaban los chicos de <a href=\"http:\/\/www.printeddreams.es\" target=\"_blank\" rel=\"external nofollow\">Printed dreams<\/a>, que\u00a0 no les conoc\u00eda pero me pareci\u00f3 fascinante su impresora de los sue\u00f1os ;). Una impresora que imprime en 3 dimensiones los dise\u00f1os que t\u00fa quieras.<a href=\"\/madre-aprendiz\/wp-content\/uploads\/sites\/57\/2014\/10\/oui-oui.jpg\"><img loading=\"lazy\" class=\"alignright size-full wp-image-271\" title=\"oui-oui\" src=\"\/madre-aprendiz\/wp-content\/uploads\/sites\/57\/2014\/10\/oui-oui.jpg\" alt=\"\" width=\"94\" height=\"93\" \/><\/a><\/p>\n<p>Compramos un plato precioso y adem\u00e1s me enamor\u00e9 de las cositas tan bonitas que tiene <a href=\"http:\/\/www.oui-oui.es\" target=\"_blank\" rel=\"external nofollow\">Oui Oui<\/a>; un espacio <a href=\"\/madre-aprendiz\/wp-content\/uploads\/sites\/57\/2014\/10\/tatoonie1.jpg\"><img loading=\"lazy\" class=\"alignright  wp-image-273\" title=\"tatoonie\" src=\"\/madre-aprendiz\/wp-content\/uploads\/sites\/57\/2014\/10\/tatoonie1.jpg\" alt=\"\" width=\"104\" height=\"104\" srcset=\"https:\/\/static-blogs.diariovasco.com\/wp-content\/uploads\/sites\/57\/2014\/10\/tatoonie1.jpg 224w, https:\/\/static-blogs.diariovasco.com\/wp-content\/uploads\/sites\/57\/2014\/10\/tatoonie1-150x150.jpg 150w\" sizes=\"(max-width: 104px) 100vw, 104px\" \/><\/a>donde comprar en general regalos muy cuquis.<\/p>\n<p>&nbsp;<\/p>\n<p><a href=\"http:\/\/www.tatooniedesign.com\" target=\"_blank\" rel=\"external nofollow\">Tatoonie<\/a> lo componen dos chicos j\u00f3venes y tienen unos dise\u00f1os muy originales. Adem\u00e1s, su tinta de soja suma modernidad y mucho mucho glamour a los tatuajes.<\/p>\n<p><a href=\"\/madre-aprendiz\/wp-content\/uploads\/sites\/57\/2014\/10\/tothewild.jpg\"><img loading=\"lazy\" class=\"alignleft  wp-image-274\" title=\"tothewild\" src=\"\/madre-aprendiz\/wp-content\/uploads\/sites\/57\/2014\/10\/tothewild.jpg\" alt=\"\" width=\"100\" height=\"100\" \/><\/a><a href=\"http:\/\/www.tothewild.es\" target=\"_blank\" rel=\"external nofollow\">To the wild<\/a>, con sus tipis preciosos, <a href=\"http:\/\/lifeindiaper.blogspot.com.es\" target=\"_blank\" rel=\"external nofollow\">Life in diaper<\/a> <a href=\"\/madre-aprendiz\/wp-content\/uploads\/sites\/57\/2014\/10\/20140924_162625.jpg\"><img loading=\"lazy\" class=\" wp-image-276 alignright\" title=\"20140924_162625\" src=\"\/madre-aprendiz\/wp-content\/uploads\/sites\/57\/2014\/10\/20140924_162625.jpg\" alt=\"\" width=\"87\" height=\"87\" \/><\/a>y su costura y madera; <a href=\"http:\/\/www.chusbarranco.com\" target=\"_blank\" rel=\"external nofollow\">Chus Barranco<\/a>, con su arte de colores y mucho mucho gusto;\u00a0 y <a href=\"http:\/\/www.petitpascon.es\" target=\"_blank\" rel=\"external nofollow\">Petit Pascon<\/a>, con sus camisetas y \u00e1lbumes chulis chulis; me parecieron cuatro marcas llenas de creatividad e ideas bonitas. Mentes brillantes gestionando proyectos muy chulis.<\/p>\n<p><a href=\"\/madre-aprendiz\/wp-content\/uploads\/sites\/57\/2014\/10\/chussbarranco.jpg\"><img loading=\"lazy\" class=\"alignright  wp-image-277\" title=\"chussbarranco\" src=\"\/madre-aprendiz\/wp-content\/uploads\/sites\/57\/2014\/10\/chussbarranco.jpg\" alt=\"\" width=\"108\" height=\"108\" srcset=\"https:\/\/static-blogs.diariovasco.com\/wp-content\/uploads\/sites\/57\/2014\/10\/chussbarranco.jpg 157w, https:\/\/static-blogs.diariovasco.com\/wp-content\/uploads\/sites\/57\/2014\/10\/chussbarranco-150x150.jpg 150w\" sizes=\"(max-width: 108px) 100vw, 108px\" \/><\/a><a href=\"\/madre-aprendiz\/wp-content\/uploads\/sites\/57\/2014\/10\/petitpascon1.png\"><img loading=\"lazy\" class=\"aligncenter size-full wp-image-281\" title=\"petitpascon\" src=\"\/madre-aprendiz\/wp-content\/uploads\/sites\/57\/2014\/10\/petitpascon1.png\" alt=\"\" width=\"177\" height=\"111\" \/><\/a>Y aunque quer\u00eda dejarles para el final, no puedo olvidar <a href=\"http:\/\/www.amphibiakids.es\" target=\"_blank\" rel=\"external nofollow\">Amphibia Kids<\/a>, un proyecto muy apropiado para los lectores del norte. Ropa de lluvia muy bonita y nada cara para que los ni\u00f1os puedan saltar en los charcos sin preocuparnos de nada m\u00e1s que de eso, de ser ni\u00f1os jugando en el agua.<a href=\"\/madre-aprendiz\/wp-content\/uploads\/sites\/57\/2014\/10\/amphibiaKids.jpg\"><img loading=\"lazy\" class=\"aligncenter size-medium wp-image-280\" title=\"amphibiaKids\" src=\"\/madre-aprendiz\/wp-content\/uploads\/sites\/57\/2014\/10\/amphibiaKids.jpg\" alt=\"\" width=\"300\" height=\"87\" srcset=\"https:\/\/static-blogs.diariovasco.com\/wp-content\/uploads\/sites\/57\/2014\/10\/amphibiaKids.jpg 415w, https:\/\/static-blogs.diariovasco.com\/wp-content\/uploads\/sites\/57\/2014\/10\/amphibiaKids-300x87.jpg 300w\" sizes=\"(max-width: 300px) 100vw, 300px\" \/><\/a><\/p>\n<p>As\u00ed que, aunque termin\u00e9 con un dolor de cuello y de espalda tras 5 largas horas sin parar de pintar caras, puedo decir que <strong>mereci\u00f3 la pena<\/strong>, una vez m\u00e1s, este d\u00eda de infancia, de color y de sonrisas del futuro llenas de esperanza.<\/p>\n<p>&nbsp;<\/p>\n<!-- AddThis Advanced Settings generic via filter on the_content --><!-- AddThis Share Buttons generic via filter on the_content -->","protected":false},"excerpt":{"rendered":"<p>Este fin de semana estuve en la feria Malakids en Malasa\u00f1a. Y para los que no conozc\u00e1is qu\u00e9 es, os dir\u00e9 que es una feria \/ festival de cultura urbana que se celebra en Madrid, en los barrios de Malasa\u00f1a y Conde Duque (en pleno centro). Estuve el s\u00e1bado con la intenci\u00f3n de hacer relaciones [&hellip;]<!-- AddThis Advanced Settings generic via filter on get_the_excerpt --><!-- AddThis Share Buttons generic via filter on get_the_excerpt --><\/p>\n","protected":false},"author":84,"featured_media":0,"comment_status":"open","ping_status":"closed","sticky":false,"template":"","format":"standard","meta":[],"categories":[2],"tags":[],"_links":{"self":[{"href":"https:\/\/blogs.diariovasco.com\/madre-aprendiz\/wp-json\/wp\/v2\/posts\/261"}],"collection":[{"href":"https:\/\/blogs.diariovasco.com\/madre-aprendiz\/wp-json\/wp\/v2\/posts"}],"about":[{"href":"https:\/\/blogs.diariovasco.com\/madre-aprendiz\/wp-json\/wp\/v2\/types\/post"}],"author":[{"embeddable":true,"href":"https:\/\/blogs.diariovasco.com\/madre-aprendiz\/wp-json\/wp\/v2\/users\/84"}],"replies":[{"embeddable":true,"href":"https:\/\/blogs.diariovasco.com\/madre-aprendiz\/wp-json\/wp\/v2\/comments?post=261"}],"version-history":[{"count":0,"href":"https:\/\/blogs.diariovasco.com\/madre-aprendiz\/wp-json\/wp\/v2\/posts\/261\/revisions"}],"wp:attachment":[{"href":"https:\/\/blogs.diariovasco.com\/madre-aprendiz\/wp-json\/wp\/v2\/media?parent=261"}],"wp:term":[{"taxonomy":"category","embeddable":true,"href":"https:\/\/blogs.diariovasco.com\/madre-aprendiz\/wp-json\/wp\/v2\/categories?post=261"},{"taxonomy":"post_tag","embeddable":true,"href":"https:\/\/blogs.diariovasco.com\/madre-aprendiz\/wp-json\/wp\/v2\/tags?post=261"}],"curies":[{"name":"wp","href":"https:\/\/api.w.org\/{rel}","templated":true}]}}