{"id":284,"date":"2014-10-11T12:07:49","date_gmt":"2014-10-11T10:07:49","guid":{"rendered":"http:\/\/blogs.diariovasco.com\/madre-aprendiz\/?p=284"},"modified":"2014-10-11T12:07:49","modified_gmt":"2014-10-11T10:07:49","slug":"sicb14","status":"publish","type":"post","link":"https:\/\/blogs.diariovasco.com\/madre-aprendiz\/2014\/10\/11\/sicb14\/","title":{"rendered":"En casa porteamos todos"},"content":{"rendered":"<p>No pod\u00eda terminar esta <strong>Semana Internacional de la Crianza en Brazos<\/strong> sin dejar mi peque\u00f1o homenaje a esta iniciativa que tanto me gusta.<a href=\"\/madre-aprendiz\/wp-content\/uploads\/sites\/57\/2014\/10\/SICB-20141.jpg\"><img loading=\"lazy\" class=\"aligncenter size-medium wp-image-287\" title=\"SICB-2014\" src=\"\/madre-aprendiz\/wp-content\/uploads\/sites\/57\/2014\/10\/SICB-20141.jpg\" alt=\"\" width=\"300\" height=\"212\" srcset=\"https:\/\/static-blogs.diariovasco.com\/wp-content\/uploads\/sites\/57\/2014\/10\/SICB-20141.jpg 960w, https:\/\/static-blogs.diariovasco.com\/wp-content\/uploads\/sites\/57\/2014\/10\/SICB-20141-300x212.jpg 300w, https:\/\/static-blogs.diariovasco.com\/wp-content\/uploads\/sites\/57\/2014\/10\/SICB-20141-768x543.jpg 768w\" sizes=\"(max-width: 300px) 100vw, 300px\" \/><\/a><\/p>\n<p>Parece que fue en 2008 cuando se decidi\u00f3 organizar esta semana de celebraci\u00f3n a trav\u00e9s de todo el mundo. Y desde entonces, no paran de surgir ideas, <a href=\"http:\/\/redcanguro.org\/la-sicb-2014-ya-esta-aqui\/\" target=\"_blank\" rel=\"external nofollow\">festivales de blogs<\/a> y multitud de bloggers dispuestas a hablar y promover el porteo y por supuesto, el calor, el contacto y sus m\u00faltiples beneficios para todos.<\/p>\n<p>Porteo desde que Cloe ten\u00eda 4 meses y, c\u00f3mo no, me cambi\u00f3 la vida mi primer fular. Es cierto que de beb\u00e9 la porteaba todo el tiempo. Ella no soportaba el carrito y menos mal que encontr\u00e9 esta manera de movernos juntas porque sino, no s\u00e9 qu\u00e9 habr\u00eda sido de nosotras.<\/p>\n<p>Aunque he de decir que porteo menos de lo que me gustar\u00eda, a\u00fan hoy, con 3 a\u00f1os y casi medio, sigo porteando cuando Cloe decide que est\u00e1 muy cansada y se &#8220;deja&#8221;. <strong>A\u00fan podemos disfrutar de nuestras miradas, conversaciones, risas, complicidad, conexi\u00f3n y olor de la una y de la otra<\/strong>. Cada d\u00eda volvemos del cole en la &#8220;mandu&#8221;, porque eso s\u00ed, se ha convertido en una tradici\u00f3n.<\/p>\n<p>Este a\u00f1o &#8220;Comparte la aventura&#8221; es el claim elegido. Y para m\u00ed tiene un significado muy profundo: compartimos aventura; la nuestra y la de todos los dem\u00e1s porteadores. Y por supuesto, <strong>compartirmos el viaje de la vida mi peque\u00f1a y yo<\/strong>. Qu\u00e9 mejor aventura que vivir juntitos y pegaditos siempre que surja la ocasi\u00f3n. Ya habr\u00e1 tiempo de crecer y de no querer estar con mam\u00e1.<a href=\"\/madre-aprendiz\/wp-content\/uploads\/sites\/57\/2014\/10\/cloe-portea.jpeg\"><img loading=\"lazy\" class=\"size-medium wp-image-286 alignright\" title=\"cloe portea\" src=\"\/madre-aprendiz\/wp-content\/uploads\/sites\/57\/2014\/10\/cloe-portea.jpg\" alt=\"\" width=\"225\" height=\"300\" \/><\/a><\/p>\n<p>Adem\u00e1s quiero a\u00f1adir que es el a\u00f1o que m\u00e1s iniciativas pro-porteo escucho y veo; y tambi\u00e9n cuando m\u00e1s y m\u00e1s gente veo porteando y adem\u00e1s sin usar mochilas <a href=\"http:\/\/sientemecrianza.com\/2014\/09\/11\/elsa-pataky-cambia-las-colgonas-por-mochilas-ergonomicas\/\" target=\"_blank\" rel=\"external nofollow\">colgonas<\/a> para ello. Parece que cada vez m\u00e1s personas se preocupan por las necesidades de sus beb\u00e9s y por supuesto por su comodidad. Vamos perdiendo el miedo al porteo y parece que la sociedad integra de nuevo esta pr\u00e1ctica tan antigua. Hasta grandes superficies han incluido mochilas ergon\u00f3micas en sus productos, algo que <strong>sigue llenando de luz este camino<\/strong>.<\/p>\n<p>Como dice Alba Ferri, asesora de porteo y propietaria y fundadora de <a href=\"http:\/\/www.porteame.com\" target=\"_blank\" rel=\"external nofollow\">Port\u00e9ame<\/a>, &#8220;<em>el porteo <strong>mejora el v\u00ednculo con tu beb\u00e9<\/strong> y permite a la madre estar pendiente de las se\u00f1ales de su beb\u00e9, aumentando su percepci\u00f3n sobre las necesidades de su peque\u00f1@. Reduce los llantos y c\u00f3licos hasta un 51% (en el mejor de los casos), con padres que se sientes m\u00e1s competentes y cuidadosos hacia sus hijos<\/em>&#8220;.<\/p>\n<p>Para terminar s\u00f3lo quiero invitaros a <strong>probar el porteo y dejaros asesorar por profesionales<\/strong> y expertos, que cada vez hay m\u00e1s donde elegir, porque seguro que con su ayuda encontr\u00e1is aqu\u00e9l que mejor os siente.<\/p>\n<p>En casa porteamos todos \ud83d\ude09<\/p>\n<!-- AddThis Advanced Settings generic via filter on the_content --><!-- AddThis Share Buttons generic via filter on the_content -->","protected":false},"excerpt":{"rendered":"<p>No pod\u00eda terminar esta Semana Internacional de la Crianza en Brazos sin dejar mi peque\u00f1o homenaje a esta iniciativa que tanto me gusta. Parece que fue en 2008 cuando se decidi\u00f3 organizar esta semana de celebraci\u00f3n a trav\u00e9s de todo el mundo. Y desde entonces, no paran de surgir ideas, festivales de blogs y multitud [&hellip;]<!-- AddThis Advanced Settings generic via filter on get_the_excerpt --><!-- AddThis Share Buttons generic via filter on get_the_excerpt --><\/p>\n","protected":false},"author":84,"featured_media":0,"comment_status":"open","ping_status":"closed","sticky":false,"template":"","format":"standard","meta":[],"categories":[3,7],"tags":[97],"_links":{"self":[{"href":"https:\/\/blogs.diariovasco.com\/madre-aprendiz\/wp-json\/wp\/v2\/posts\/284"}],"collection":[{"href":"https:\/\/blogs.diariovasco.com\/madre-aprendiz\/wp-json\/wp\/v2\/posts"}],"about":[{"href":"https:\/\/blogs.diariovasco.com\/madre-aprendiz\/wp-json\/wp\/v2\/types\/post"}],"author":[{"embeddable":true,"href":"https:\/\/blogs.diariovasco.com\/madre-aprendiz\/wp-json\/wp\/v2\/users\/84"}],"replies":[{"embeddable":true,"href":"https:\/\/blogs.diariovasco.com\/madre-aprendiz\/wp-json\/wp\/v2\/comments?post=284"}],"version-history":[{"count":0,"href":"https:\/\/blogs.diariovasco.com\/madre-aprendiz\/wp-json\/wp\/v2\/posts\/284\/revisions"}],"wp:attachment":[{"href":"https:\/\/blogs.diariovasco.com\/madre-aprendiz\/wp-json\/wp\/v2\/media?parent=284"}],"wp:term":[{"taxonomy":"category","embeddable":true,"href":"https:\/\/blogs.diariovasco.com\/madre-aprendiz\/wp-json\/wp\/v2\/categories?post=284"},{"taxonomy":"post_tag","embeddable":true,"href":"https:\/\/blogs.diariovasco.com\/madre-aprendiz\/wp-json\/wp\/v2\/tags?post=284"}],"curies":[{"name":"wp","href":"https:\/\/api.w.org\/{rel}","templated":true}]}}