{"id":290,"date":"2014-10-27T10:30:32","date_gmt":"2014-10-27T09:30:32","guid":{"rendered":"http:\/\/blogs.diariovasco.com\/madre-aprendiz\/?p=290"},"modified":"2014-10-27T10:30:32","modified_gmt":"2014-10-27T09:30:32","slug":"cambiamos-en-otono","status":"publish","type":"post","link":"https:\/\/blogs.diariovasco.com\/madre-aprendiz\/2014\/10\/27\/cambiamos-en-otono\/","title":{"rendered":"\u00bfCambiamos en oto\u00f1o?"},"content":{"rendered":"<p>Hoy quiero escribir un post lleno de oto\u00f1o.<\/p>\n<p>Estamos en mi estaci\u00f3n preferida. Sus tonalidades marrones me conectan con lo m\u00e1s profundo de m\u00ed, que sue\u00f1a con avanzar y co-crear con el resto de las personas.<\/p>\n<p>Como madre consciente, me preocupo mucho <strong>por c\u00f3mo nos dirigimos a los ni\u00f1os<\/strong>. Soy de las que opina que, si los 7 primeros a\u00f1os de vida pueden determinar los recursos que obtendremos en nuestra vida adulta; y para m\u00ed el mundo, sin duda alguna, est\u00e1 deshumanizado;<strong> cambiemos el modo en el que nos dirigimos a la infancia<\/strong>. Observo que cuando un padre cambia alguna actitud sobre c\u00f3mo responder a comportamientos (para \u00e9l molestos) de sus hijos, \u00e9stos tambi\u00e9n modifican sus acciones aportando m\u00e1s paz al caos previo.<\/p>\n<div id=\"attachment_291\" style=\"width: 310px\" class=\"wp-caption aligncenter\"><a href=\"\/madre-aprendiz\/wp-content\/uploads\/sites\/57\/2014\/10\/normal_oton\u0303o1.jpg\"><img aria-describedby=\"caption-attachment-291\" loading=\"lazy\" class=\"size-medium wp-image-291\" title=\"normal_oton\u0303o1\" src=\"\/madre-aprendiz\/wp-content\/uploads\/sites\/57\/2014\/10\/normal_oton\u0303o1.jpg\" alt=\"\" width=\"300\" height=\"225\" srcset=\"https:\/\/static-blogs.diariovasco.com\/wp-content\/uploads\/sites\/57\/2014\/10\/normal_oton\u0303o1.jpg 432w, https:\/\/static-blogs.diariovasco.com\/wp-content\/uploads\/sites\/57\/2014\/10\/normal_oton\u0303o1-300x226.jpg 300w\" sizes=\"(max-width: 300px) 100vw, 300px\" \/><\/a><p id=\"caption-attachment-291\" class=\"wp-caption-text\">foto extra\u00edda de www.abretelibro.com<\/p><\/div>\n<p>De verdad creo que debemos cambiar cosas: c\u00f3mo vivimos nuestros embarazos, nuestros partos, los primeros d\u00edas de vida, los meses y a\u00f1os. Si hacemos esto, creo a conciencia que cambiaremos <strong>la fortaleza y la seguridad de nuestros ni\u00f1os<\/strong> del ahora, los que traer\u00e1n un futuro, confiemos, m\u00e1s esperanzador.<\/p>\n<p>\u00bfY por qu\u00e9 hablo de esto en oto\u00f1o? Sencillamente porque <strong>el oto\u00f1o es \u00e9poca de cambios<\/strong>, nuevos proyectos, actividades, m\u00e1s tiempo en casa y por lo tanto <strong>m\u00e1s tiempo<\/strong> para estar el uno con otro.<\/p>\n<p>\u00bfHab\u00e9is probado a tener un<strong> \u201cmantra\u201d o frase <a href=\"http:\/\/familias.com\/7-frases-que-debes-decirle-a-tus-hijos-todos-los-dias\" target=\"_blank\" rel=\"external nofollow\">diaria<\/a><\/strong> a trav\u00e9s del cual expresemos a nuestros hijos lo mucho que les queremos? \u00bfQu\u00e9 tal jugar a encontrar hojas oto\u00f1ales y <strong>escribir palabras<\/strong> con las propias hojas? \u00bfY si las pintamos y nuestros mensajes est\u00e1n <strong>llenos de amor<\/strong>?<\/p>\n<p>Las <strong>casta\u00f1as<\/strong> son otro de los recursos que tanto juego da en esta estaci\u00f3n. Nos encanta el tres en raya y el nuestro de casta\u00f1as queda precioso. Le hemos puesto corazones y mensajes positivos porque este tipo de recursos amorosos aumentan la autoestima de nuestros hijos y por lo tanto, del resto de la familia.<\/p>\n<p>Hay un sinf\u00edn de opciones para jugar, crear y sobre todo conseguir que nuestros hijos se sientan a\u00fan m\u00e1s queridos y por lo tanto m\u00e1s creativos.<\/p>\n<p>Busca en el oto\u00f1o, su magia llena de tesoros la convierte en una estaci\u00f3n de reciclaje personal.<\/p>\n<p>\u00a1Feliz b\u00fasqueda y <strong>an\u00edmate a cambiar<\/strong>!<\/p>\n<!-- AddThis Advanced Settings generic via filter on the_content --><!-- AddThis Share Buttons generic via filter on the_content -->","protected":false},"excerpt":{"rendered":"<p>Hoy quiero escribir un post lleno de oto\u00f1o. Estamos en mi estaci\u00f3n preferida. Sus tonalidades marrones me conectan con lo m\u00e1s profundo de m\u00ed, que sue\u00f1a con avanzar y co-crear con el resto de las personas. Como madre consciente, me preocupo mucho por c\u00f3mo nos dirigimos a los ni\u00f1os. Soy de las que opina que, [&hellip;]<!-- AddThis Advanced Settings generic via filter on get_the_excerpt --><!-- AddThis Share Buttons generic via filter on get_the_excerpt --><\/p>\n","protected":false},"author":84,"featured_media":0,"comment_status":"open","ping_status":"closed","sticky":false,"template":"","format":"standard","meta":[],"categories":[8],"tags":[],"_links":{"self":[{"href":"https:\/\/blogs.diariovasco.com\/madre-aprendiz\/wp-json\/wp\/v2\/posts\/290"}],"collection":[{"href":"https:\/\/blogs.diariovasco.com\/madre-aprendiz\/wp-json\/wp\/v2\/posts"}],"about":[{"href":"https:\/\/blogs.diariovasco.com\/madre-aprendiz\/wp-json\/wp\/v2\/types\/post"}],"author":[{"embeddable":true,"href":"https:\/\/blogs.diariovasco.com\/madre-aprendiz\/wp-json\/wp\/v2\/users\/84"}],"replies":[{"embeddable":true,"href":"https:\/\/blogs.diariovasco.com\/madre-aprendiz\/wp-json\/wp\/v2\/comments?post=290"}],"version-history":[{"count":0,"href":"https:\/\/blogs.diariovasco.com\/madre-aprendiz\/wp-json\/wp\/v2\/posts\/290\/revisions"}],"wp:attachment":[{"href":"https:\/\/blogs.diariovasco.com\/madre-aprendiz\/wp-json\/wp\/v2\/media?parent=290"}],"wp:term":[{"taxonomy":"category","embeddable":true,"href":"https:\/\/blogs.diariovasco.com\/madre-aprendiz\/wp-json\/wp\/v2\/categories?post=290"},{"taxonomy":"post_tag","embeddable":true,"href":"https:\/\/blogs.diariovasco.com\/madre-aprendiz\/wp-json\/wp\/v2\/tags?post=290"}],"curies":[{"name":"wp","href":"https:\/\/api.w.org\/{rel}","templated":true}]}}