{"id":423,"date":"2015-08-04T13:12:25","date_gmt":"2015-08-04T11:12:25","guid":{"rendered":"http:\/\/blogs.diariovasco.com\/madre-aprendiz\/?p=423"},"modified":"2015-08-04T13:12:25","modified_gmt":"2015-08-04T11:12:25","slug":"semana-mundial-de-la-lactancia-materna-2015","status":"publish","type":"post","link":"https:\/\/blogs.diariovasco.com\/madre-aprendiz\/2015\/08\/04\/semana-mundial-de-la-lactancia-materna-2015\/","title":{"rendered":"Semana Mundial de la Lactancia Materna 2015"},"content":{"rendered":"<p>Estamos en la Semana <a href=\"http:\/\/www.bebesymas.com\/lactancia\/arranca-la-semana-mundial-de-la-lactancia-materna-2015-con-el-lema-amamantar-y-trabajar-logremos-que-sea-posible\" target=\"_blank\" rel=\"external nofollow\">Mundial<\/a> de la Lactancia Materna (1 al 7 agosto se celebra en m\u00e1s de 170 pa\u00edses) y este a\u00f1o el lema es <strong>&#8220;Amamantar y Trabajar, logremos que sea posible&#8221;.<\/strong><\/p>\n<p>La verdad que para m\u00ed es una l\u00e1stima que se tenga que recurrir a lemas como \u00e9ste y que no sean las propias empresas quienes faciliten la labor de mantener la lactancia, siempre que la madre as\u00ed lo quiera. Aunque tambi\u00e9n comprendo que lo que hay es una desinformaci\u00f3n y falta de conocimiento sobre este tema y las mismas empresas a veces ni saben c\u00f3mo facilitar el trabajo a las madres lactantes&#8230; <strong>Si la mayor\u00eda de los jefes son hombres o no lactaron, \u00bfc\u00f3mo van a saberlo?<\/strong><\/p>\n<p>Me pregunto entonces, \u00bfpor qu\u00e9 las madres tienen que irse a extraer leche al ba\u00f1o? \u00bfPor qu\u00e9 deben recurrir a su descanso para hacerlo, si hablamos de algo que probablemente no haga descender su rendimiento? \u00bfPor qu\u00e9?<\/p>\n<p><a href=\"\/madre-aprendiz\/wp-content\/uploads\/sites\/57\/2015\/08\/wbw2015-logo-pink-spa.jpg\"><img loading=\"lazy\" class=\"aligncenter size-full wp-image-424\" title=\"wbw2015-logo-pink-spa\" src=\"\/madre-aprendiz\/wp-content\/uploads\/sites\/57\/2015\/08\/wbw2015-logo-pink-spa.jpg\" alt=\"\" width=\"250\" height=\"278\" \/><\/a><br \/>\nPues precisamente porque la sociedad no est\u00e1 acostumbrada, ni tampoco tenemos interiorizado a\u00fan lo de \u201caunque vuelvas a trabajar, puedes seguir amamantando a tu hijo\u201d. La mayor\u00eda de las mujeres destetan a sus peque\u00f1os con su vuelta al trabajo. Y sinceramente, con todas estas dificultades que existen, no me extra\u00f1a. <strong>\u00bfTe imaginas tener que comerte tu s\u00e1ndwich del almuerzo en el ba\u00f1o a puerta cerrada?<\/strong> \u00bfTe imaginas que una llamada de trabajo la tuvieras que hacer en tu merecido descanso?<\/p>\n<p>\u00bfY por qu\u00e9 pasa todo esto en Espa\u00f1a?, pues tambi\u00e9n sencillamente, y entre otras cosas, por sus escasas bajas maternales y por su excesivas jornadas laborales.<\/p>\n<p>As\u00ed que ojal\u00e1 poco a poco vayamos normalizando la situaci\u00f3n y no hagan falta lemas de este tipo en la celebraci\u00f3n de la Semana Mundial de la Lactancia Materna. <strong>Ojal\u00e1 cada madre sea libre de verdad para tomar una <a href=\"https:\/\/blogs.diariovasco.com\/madre-aprendiz\/2014\/08\/01\/lactancia-un-medio-o-un-fin\/\" target=\"_blank\">decisi\u00f3n<\/a> teniendo a su alcance todos los recursos que necesite para ello<\/strong>. Apoyo, tiempo y ninguna sensaci\u00f3n de exclusi\u00f3n en su trabajo por el bonito hecho de ser madre.<\/p>\n<p>Y porque, de verdad, as\u00ed lo creo, (y s\u00e9 que me repito), recurro a Michel Odent y a otros muchos profesionales: <strong>para cambiar el mundo, hay que cambiar la manera de nacer, de criar, de maternar y de educar<\/strong>.<\/p>\n<p>Feliz semana Mundial de lactancia Materna (nos vemos en octubre en la celebraci\u00f3n de la semana espa\u00f1ola, que as\u00ed somos nosotros: nos gusta celebrar cuanto m\u00e1s, mejor \ud83d\ude09<\/p>\n<!-- AddThis Advanced Settings generic via filter on the_content --><!-- AddThis Share Buttons generic via filter on the_content -->","protected":false},"excerpt":{"rendered":"<p>Estamos en la Semana Mundial de la Lactancia Materna (1 al 7 agosto se celebra en m\u00e1s de 170 pa\u00edses) y este a\u00f1o el lema es &#8220;Amamantar y Trabajar, logremos que sea posible&#8221;. La verdad que para m\u00ed es una l\u00e1stima que se tenga que recurrir a lemas como \u00e9ste y que no sean las [&hellip;]<!-- AddThis Advanced Settings generic via filter on get_the_excerpt --><!-- AddThis Share Buttons generic via filter on get_the_excerpt --><\/p>\n","protected":false},"author":84,"featured_media":0,"comment_status":"open","ping_status":"closed","sticky":false,"template":"","format":"standard","meta":[],"categories":[8],"tags":[],"_links":{"self":[{"href":"https:\/\/blogs.diariovasco.com\/madre-aprendiz\/wp-json\/wp\/v2\/posts\/423"}],"collection":[{"href":"https:\/\/blogs.diariovasco.com\/madre-aprendiz\/wp-json\/wp\/v2\/posts"}],"about":[{"href":"https:\/\/blogs.diariovasco.com\/madre-aprendiz\/wp-json\/wp\/v2\/types\/post"}],"author":[{"embeddable":true,"href":"https:\/\/blogs.diariovasco.com\/madre-aprendiz\/wp-json\/wp\/v2\/users\/84"}],"replies":[{"embeddable":true,"href":"https:\/\/blogs.diariovasco.com\/madre-aprendiz\/wp-json\/wp\/v2\/comments?post=423"}],"version-history":[{"count":0,"href":"https:\/\/blogs.diariovasco.com\/madre-aprendiz\/wp-json\/wp\/v2\/posts\/423\/revisions"}],"wp:attachment":[{"href":"https:\/\/blogs.diariovasco.com\/madre-aprendiz\/wp-json\/wp\/v2\/media?parent=423"}],"wp:term":[{"taxonomy":"category","embeddable":true,"href":"https:\/\/blogs.diariovasco.com\/madre-aprendiz\/wp-json\/wp\/v2\/categories?post=423"},{"taxonomy":"post_tag","embeddable":true,"href":"https:\/\/blogs.diariovasco.com\/madre-aprendiz\/wp-json\/wp\/v2\/tags?post=423"}],"curies":[{"name":"wp","href":"https:\/\/api.w.org\/{rel}","templated":true}]}}