{"id":43,"date":"2013-07-06T01:19:57","date_gmt":"2013-07-05T23:19:57","guid":{"rendered":"http:\/\/blogs.diariovasco.com\/madre-aprendiz\/?p=43"},"modified":"2013-07-06T01:19:57","modified_gmt":"2013-07-05T23:19:57","slug":"sueno-infantil","status":"publish","type":"post","link":"https:\/\/blogs.diariovasco.com\/madre-aprendiz\/2013\/07\/06\/sueno-infantil\/","title":{"rendered":"Entendiendo el sue\u00f1o infantil"},"content":{"rendered":"<p>Hace s\u00f3lo unos d\u00edas que se volvi\u00f3 a celebrar el d\u00eda del <a href=\"http:\/\/reeducandoamama.blogspot.com.es\/2013\/06\/nuevo-dia-mundial-del-sueno-feliz-el.html\" target=\"_blank\" rel=\"external nofollow\">sue\u00f1o<\/a> <a href=\"http:\/\/www.bebesymas.com\/desarrollo\/29-de-junio-dia-mundial-del-sueno-feliz\" target=\"_blank\" rel=\"external nofollow\">Feliz<\/a>.<\/p>\n<p>Un d\u00eda que se decidi\u00f3 instaurar en torno a las Redes Sociales para intentar desmitificar el m\u00e9todo (adaptado por el Doctor Estivill en Espa\u00f1a) y del que poco tengo que decir m\u00e1s all\u00e1 de que estoy totalmente en <a href=\"http:\/\/iboneolza.wordpress.com\/2012\/06\/06\/desmontando-a-estivill\/\" target=\"_blank\" rel=\"external nofollow\">contra<\/a>.<\/p>\n<p>De hecho, sin ir m\u00e1s lejos, tan s\u00f3lo hace algunos meses, este Doctor recul\u00f3 y coment\u00f3 (despu\u00e9s de que miles de padres ya hubieran probado su m\u00e9todo en beb\u00e9s), que s\u00f3lo se deber\u00eda aplicar en ni\u00f1os mayores de 2 a\u00f1os (o no recuerdo si fueron 3). Toma ya!<\/p>\n<p>En t\u00e9rminos de sue\u00f1o yo siempre he dormido suficiente para m\u00ed, aunque menos que la media de la sociedad. Hoy justo le\u00eda la <a href=\"http:\/\/informe21.com\/inteligencia\/gente-inteligente-nocturna-duerme-mas-tarde-segun-estudio\" rel=\"external nofollow\">noticia<\/a> sobre un estudio que dice que las personas m\u00e1s inteligentes se acuestan m\u00e1s tarde y son menos met\u00f3dicas. Quiz\u00e1s ah\u00ed radica mi desorden y mis pocas horas de sue\u00f1o.<\/p>\n<p>As\u00ed que para no fallar a la gen\u00e9tica, he tenido la \u201csuerte\u201d de tener una hija precoz, de esas que no duermen mucho. O mejor dicho, que s\u00ed duermen, y lo hacen igual o m\u00e1s que otros ni\u00f1os, s\u00f3lo que, seg\u00fan la sociedad,<em> dan m\u00e1s guerra<\/em> por la noche. Y as\u00ed es ella. Se puede despertar entre 3 y 33 veces una noche, y ya va a cumplir 2 a\u00f1os. Por lo tanto, llevo 2 a\u00f1os despert\u00e1ndome una media de 4 veces por noche. Y no lo llevo mal, aunque he de confesar que me gustar\u00eda tener una noche para dormir del tir\u00f3n, s\u00f3lo una!<\/p>\n<p>Eso s\u00ed, me ayud\u00f3 mucho informarme sobre el tema, estudiar el sue\u00f1o de los ni\u00f1os y comprender que lo que le pasa a Cloe, ES NORMAL. Normal en ni\u00f1os sanos, de su edad y que siguen siendo amamantados. Normal en ni\u00f1os cuyos padres atienden sus necesidades y normal en ni\u00f1os que no son ense\u00f1ados a dormir.<\/p>\n<p>Y una vez entend\u00ed que era normal, la prolactina me ech\u00f3 una mano y entre mi aceptaci\u00f3n y la hormona que a\u00fan segrego por seguir alimentando con el pecho a mi hija, hemos conseguido llevarlo mejor.<\/p>\n<p>\u201cDormir sin l\u00e1grimas\u201d de Rosa Jov\u00e9 fue la primera obra que lleg\u00f3 a m\u00ed cuando ya una amiga m\u00eda preve\u00eda que mis noches ser\u00edan tediosas si no cambiaba el chip. As\u00ed que este libro, donde se explica c\u00f3mo el sue\u00f1o es evolutivo y c\u00f3mo cambia seg\u00fan el ni\u00f1o crece, fue un revulsivo en mi vida. Despu\u00e9s de \u00e9ste, llegaron muchos m\u00e1s libros, talleres, cursos, seminarios, art\u00edculos\u2026. Y un sinf\u00edn de propuestas donde ir convenci\u00e9ndome de que a mi hija no le pasa nada, y que llegar\u00e1 un d\u00eda en el que duerma del tir\u00f3n y yo, probablemente ya no lo haga.<\/p>\n<p>El d\u00eda que le\u00ed que a los 4 meses el sue\u00f1o cambiaba, no sab\u00eda que s\u00f3lo quedaban d\u00edas para que Cloe cumpliera esos meses. Y ah\u00ed fue, muy a mi pesar, cuando comenz\u00f3 nuestro periplo por las noches sin dormir, los d\u00edas cansados y el \u201cpap\u00e1 noooooo\u201d todas las noches. Desde ese d\u00eda, s\u00f3lo se duerme conmigo y, si se despierta, tambi\u00e9n s\u00f3lo quiere a mam\u00e1. Claro que me gustar\u00eda que no fuera as\u00ed. Sin embargo he entendido que el sue\u00f1o es el \u00fanico conflicto que tiene en su corta pero aut\u00e9ntica vida y, si he sabido escucharle para poder comprenderle, \u00bfpor qu\u00e9 voy a dejar de atenderle si es lo que necesita? Un d\u00eda dejar\u00e1 de necesitarme tambi\u00e9n por la noche, tendr\u00e1 la confianza y seguridad suficiente para ello. Y ese d\u00eda podr\u00e9 gritar muy pero que muy alto lo orgullosa que estoy de haberla acompa\u00f1ado en la forja de su personalidad. Porque aunque a m\u00ed me gustar\u00eda que durmiera por ejemplo con su padre, sus miedos, inseguridades y dudas no puedo marcarlas yo. Si me necesita cada noche, ah\u00ed estar\u00e9 yo para que sepa que estoy a su lado y as\u00ed, cuando sea mayor, podr\u00e9 ver esos frutos cuando tenga la confianza suficiente para enfrentarse a cualquier bache que la vida tenga preparada para ella.<\/p>\n<p>As\u00ed que, despu\u00e9s de la celebraci\u00f3n de esta jornada, s\u00f3lo me cabe mandar toda la fuerza y confianza del mundo a aquellas mam\u00e1s que no duermen como les han contado que los ni\u00f1os duermen (mentira! Son pocos los afortunados) para que acepten lo que les ha tocado y se lo pongan de la manera m\u00e1s c\u00f3moda. La teta ayuda, porque produce prolactina; el colecho ayuda porque es m\u00e1s c\u00f3modo atender a tu hijo sin tener que desvelarte en exceso, y un buen masaje antes de dormir con un buen cuento tambi\u00e9n es una excusa perfecta para tener un ritual maravilloso antes de ir a la cama.<\/p>\n<p>As\u00ed que, dulces sue\u00f1os y a relajarse!<a href=\"\/madre-aprendiz\/wp-content\/uploads\/sites\/57\/2013\/07\/Cloe-duerme.jpg\"><img loading=\"lazy\" class=\"aligncenter size-medium wp-image-44\" title=\"Cloe duerme\" src=\"\/madre-aprendiz\/wp-content\/uploads\/sites\/57\/2013\/07\/Cloe-duerme.jpg\" alt=\"\" width=\"300\" height=\"225\" srcset=\"https:\/\/static-blogs.diariovasco.com\/wp-content\/uploads\/sites\/57\/2013\/07\/Cloe-duerme.jpg 494w, https:\/\/static-blogs.diariovasco.com\/wp-content\/uploads\/sites\/57\/2013\/07\/Cloe-duerme-300x225.jpg 300w\" sizes=\"(max-width: 300px) 100vw, 300px\" \/><\/a><\/p>\n<p>&nbsp;<\/p>\n<p>&nbsp;<\/p>\n<!-- AddThis Advanced Settings generic via filter on the_content --><!-- AddThis Share Buttons generic via filter on the_content -->","protected":false},"excerpt":{"rendered":"<p>Hace s\u00f3lo unos d\u00edas que se volvi\u00f3 a celebrar el d\u00eda del sue\u00f1o Feliz. Un d\u00eda que se decidi\u00f3 instaurar en torno a las Redes Sociales para intentar desmitificar el m\u00e9todo (adaptado por el Doctor Estivill en Espa\u00f1a) y del que poco tengo que decir m\u00e1s all\u00e1 de que estoy totalmente en contra. De hecho, [&hellip;]<!-- AddThis Advanced Settings generic via filter on get_the_excerpt --><!-- AddThis Share Buttons generic via filter on get_the_excerpt --><\/p>\n","protected":false},"author":84,"featured_media":0,"comment_status":"open","ping_status":"closed","sticky":false,"template":"","format":"standard","meta":[],"categories":[8],"tags":[],"_links":{"self":[{"href":"https:\/\/blogs.diariovasco.com\/madre-aprendiz\/wp-json\/wp\/v2\/posts\/43"}],"collection":[{"href":"https:\/\/blogs.diariovasco.com\/madre-aprendiz\/wp-json\/wp\/v2\/posts"}],"about":[{"href":"https:\/\/blogs.diariovasco.com\/madre-aprendiz\/wp-json\/wp\/v2\/types\/post"}],"author":[{"embeddable":true,"href":"https:\/\/blogs.diariovasco.com\/madre-aprendiz\/wp-json\/wp\/v2\/users\/84"}],"replies":[{"embeddable":true,"href":"https:\/\/blogs.diariovasco.com\/madre-aprendiz\/wp-json\/wp\/v2\/comments?post=43"}],"version-history":[{"count":0,"href":"https:\/\/blogs.diariovasco.com\/madre-aprendiz\/wp-json\/wp\/v2\/posts\/43\/revisions"}],"wp:attachment":[{"href":"https:\/\/blogs.diariovasco.com\/madre-aprendiz\/wp-json\/wp\/v2\/media?parent=43"}],"wp:term":[{"taxonomy":"category","embeddable":true,"href":"https:\/\/blogs.diariovasco.com\/madre-aprendiz\/wp-json\/wp\/v2\/categories?post=43"},{"taxonomy":"post_tag","embeddable":true,"href":"https:\/\/blogs.diariovasco.com\/madre-aprendiz\/wp-json\/wp\/v2\/tags?post=43"}],"curies":[{"name":"wp","href":"https:\/\/api.w.org\/{rel}","templated":true}]}}