{"id":434,"date":"2015-11-13T16:36:09","date_gmt":"2015-11-13T15:36:09","guid":{"rendered":"http:\/\/blogs.diariovasco.com\/madre-aprendiz\/?p=434"},"modified":"2015-11-13T16:36:09","modified_gmt":"2015-11-13T15:36:09","slug":"nuestro-paso-del-tiempo","status":"publish","type":"post","link":"https:\/\/blogs.diariovasco.com\/madre-aprendiz\/2015\/11\/13\/nuestro-paso-del-tiempo\/","title":{"rendered":"Nuestro paso del tiempo"},"content":{"rendered":"<p>Cloe tiene 4 a\u00f1os y 3 meses. S\u00f3lo me he separado de ella 3 d\u00edas un par de veces (y qued\u00e1ndome con su padre); y 4 d\u00edas, de viaje de trabajo. Esto significa que <strong>nunca antes me he quedado sola en casa<\/strong> sin ella y sin pap\u00e1.<\/p>\n<p>Nunca antes porque no ha surgido y porque ella hasta ahora no ha estado preparada (aunque nos hubiera gustado, acelerar sus procesos no estaba en nuestros planes).<\/p>\n<p>Aunque hoy es el d\u00eda. Hoy lo est\u00e1 y no puedo m\u00e1s que estar <strong>orgullosa de ella<\/strong>, de nuestro trabajo y de saber que acompa\u00f1ar a mi hija en sus procesos personales est\u00e1 siendo, adem\u00e1s de laborioso, el mejor de los regalos que podemos hacerle.<\/p>\n<p><strong>Cada ni\u00f1o es \u00fanico<\/strong>, de eso no hay duda. Y cada familia y cada padre\/madre tambi\u00e9n.<\/p>\n<p><a href=\"\/madre-aprendiz\/wp-content\/uploads\/sites\/57\/2015\/11\/IMG_5906.jpg\"><img loading=\"lazy\" class=\"aligncenter size-full wp-image-435\" title=\"IMG_5906\" src=\"\/madre-aprendiz\/wp-content\/uploads\/sites\/57\/2015\/11\/IMG_5906.jpg\" alt=\"\" width=\"900\" height=\"600\" srcset=\"https:\/\/static-blogs.diariovasco.com\/wp-content\/uploads\/sites\/57\/2015\/11\/IMG_5906.jpg 900w, https:\/\/static-blogs.diariovasco.com\/wp-content\/uploads\/sites\/57\/2015\/11\/IMG_5906-300x200.jpg 300w, https:\/\/static-blogs.diariovasco.com\/wp-content\/uploads\/sites\/57\/2015\/11\/IMG_5906-768x512.jpg 768w\" sizes=\"(max-width: 900px) 100vw, 900px\" \/><\/a><\/p>\n<p>Y por ello cada familia ha de decidir cu\u00e1nto es capaz de ceder o cu\u00e1nto es capaz de dar, pensando en el ni\u00f1o o pensando en sus necesidades como adulto. <strong>Todo vale y ha de respetarse<\/strong>. Y toda elecci\u00f3n ha de ser igual de v\u00e1lida, tomada siempre desde la consciencia y sin duda desde el conocimiento y las consecuencias que pueden tener nuestros actos. Porque a veces, el simple hecho de dejar a tu beb\u00e9 lactante una noche con sus abuelos puede tener consecuencias en tu hijo. \u00bfO quiz\u00e1s no? S\u00f3lo t\u00fa lo sabes. Y desde ah\u00ed para m\u00ed deber\u00eda ser tomada cualquier decisi\u00f3n. Y me repito, respetada.<\/p>\n<p>Para nosotros, sin duda, acompa\u00f1ar a Cloe en sus noches, que han sido, como dir\u00edan muchos, <em>toledanas<\/em>, ha sido el mejor de los anclajes. La mejor de sus herramientas para poder ganar en <strong>confianza y seguridad<\/strong>.<br \/>\nY hoy es un gran paso para ella y para nosotros.<\/p>\n<p>Y \u00bfqu\u00e9 pasa conmigo como madre? Pues que aqu\u00ed me quedo, con mis emociones, vivi\u00e9ndolas, sabiendo que es lindo y hermoso y sintiendo al mismo tiempo la nostalgia. <strong>Nostalgia de ver pasar el tiempo<\/strong>, nuestro tiempo, de mirar hacia atr\u00e1s y sentir c\u00f3mo crece mi beb\u00e9, que hace 4 a\u00f1os era eso, un beb\u00e9 que ya hoy me vuelve a demostrar que ha quedado atr\u00e1s.<\/p>\n<p>Bendita maternidad, \u00a1cu\u00e1nto nos ense\u00f1a! S\u00f3lo hay que saber <strong>dejarte llevar por tu coraz\u00f3n<\/strong> y menos por la raz\u00f3n.<\/p>\n<!-- AddThis Advanced Settings generic via filter on the_content --><!-- AddThis Share Buttons generic via filter on the_content -->","protected":false},"excerpt":{"rendered":"<p>Cloe tiene 4 a\u00f1os y 3 meses. S\u00f3lo me he separado de ella 3 d\u00edas un par de veces (y qued\u00e1ndome con su padre); y 4 d\u00edas, de viaje de trabajo. Esto significa que nunca antes me he quedado sola en casa sin ella y sin pap\u00e1. Nunca antes porque no ha surgido y porque [&hellip;]<!-- AddThis Advanced Settings generic via filter on get_the_excerpt --><!-- AddThis Share Buttons generic via filter on get_the_excerpt --><\/p>\n","protected":false},"author":84,"featured_media":0,"comment_status":"open","ping_status":"closed","sticky":false,"template":"","format":"standard","meta":[],"categories":[8],"tags":[],"_links":{"self":[{"href":"https:\/\/blogs.diariovasco.com\/madre-aprendiz\/wp-json\/wp\/v2\/posts\/434"}],"collection":[{"href":"https:\/\/blogs.diariovasco.com\/madre-aprendiz\/wp-json\/wp\/v2\/posts"}],"about":[{"href":"https:\/\/blogs.diariovasco.com\/madre-aprendiz\/wp-json\/wp\/v2\/types\/post"}],"author":[{"embeddable":true,"href":"https:\/\/blogs.diariovasco.com\/madre-aprendiz\/wp-json\/wp\/v2\/users\/84"}],"replies":[{"embeddable":true,"href":"https:\/\/blogs.diariovasco.com\/madre-aprendiz\/wp-json\/wp\/v2\/comments?post=434"}],"version-history":[{"count":0,"href":"https:\/\/blogs.diariovasco.com\/madre-aprendiz\/wp-json\/wp\/v2\/posts\/434\/revisions"}],"wp:attachment":[{"href":"https:\/\/blogs.diariovasco.com\/madre-aprendiz\/wp-json\/wp\/v2\/media?parent=434"}],"wp:term":[{"taxonomy":"category","embeddable":true,"href":"https:\/\/blogs.diariovasco.com\/madre-aprendiz\/wp-json\/wp\/v2\/categories?post=434"},{"taxonomy":"post_tag","embeddable":true,"href":"https:\/\/blogs.diariovasco.com\/madre-aprendiz\/wp-json\/wp\/v2\/tags?post=434"}],"curies":[{"name":"wp","href":"https:\/\/api.w.org\/{rel}","templated":true}]}}