{"id":51,"date":"2013-08-02T15:16:37","date_gmt":"2013-08-02T13:16:37","guid":{"rendered":"http:\/\/blogs.diariovasco.com\/madre-aprendiz\/?p=51"},"modified":"2013-08-02T15:16:37","modified_gmt":"2013-08-02T13:16:37","slug":"10-razones-por-las-que-sigo-amamantando","status":"publish","type":"post","link":"https:\/\/blogs.diariovasco.com\/madre-aprendiz\/2013\/08\/02\/10-razones-por-las-que-sigo-amamantando\/","title":{"rendered":"10 razones por las que sigo amamantando"},"content":{"rendered":"<p>El pasado 1 de agosto se celebr\u00f3 el d\u00eda Mundial de la Lactancia Materna, que arranca la <a href=\"http:\/\/www.bebesymas.com\/lactancia\/arranca-la-semana-mundial-de-la-lactancia-materna-2013-sin-mucho-que-celebrar\" target=\"_blank\" rel=\"external nofollow\">Semana Mundial de la Lactancia materna<\/a>.<br \/>\nComo madre lactante y Asesora de Lactancia no quer\u00eda dejar de unirme a esta causa que defiende, de manera contrastada, que la mejor opci\u00f3n, sin duda alguna, es y ser\u00e1 que los ni\u00f1os sean alimentados con leche de su mam\u00e1. Ahora bien, en temas de lactancia existe muy poca informaci\u00f3n; y a veces la que hay es adem\u00e1s err\u00f3nea y seguimos aferrados a ella porque lo dice mi madre, mi abuela, o la vecina del quinto. Eso sin sumar el baile hormonal que vive una mujer reci\u00e9n parida.<br \/>\n<a href=\"\/madre-aprendiz\/wp-content\/uploads\/sites\/57\/2013\/08\/semana-mundial-lactancia-materna-miradas_1_1786456.jpg\"><img loading=\"lazy\" class=\"aligncenter size-full wp-image-52\" title=\"semana-mundial-lactancia-materna-miradas_1_1786456\" src=\"\/madre-aprendiz\/wp-content\/uploads\/sites\/57\/2013\/08\/semana-mundial-lactancia-materna-miradas_1_1786456.jpg\" alt=\"\" width=\"216\" height=\"233\" \/><\/a><br \/>\nLa lactancia, como casi todo, es un proceso; y adem\u00e1s muy diferente entre cada mam\u00e1 y cada beb\u00e9. As\u00ed que yo s\u00f3lo puedo recomendar a toda madre que se encuentra con su hijo por primera vez que se informe, que investigue y, siempre que lo desee, que se rodee de gente que pueda ayudarle a hacer aquello que considere que sea lo mejor para ella y para su beb\u00e9, sea lo que tenga que ser. Decidido desde la conexi\u00f3n con su hijo y nada m\u00e1s.<\/p>\n<p>La OMS recomienda<a href=\"http:\/\/www.20minutos.es\/noticia\/1861680\/0\/lactancia-materna\/cuanto-tiempo\/oms\/\" target=\"_blank\" rel=\"external nofollow\"> 2 a\u00f1os<\/a> de lactancia materna: 6 meses de manera exclusiva y hasta los dos a\u00f1os como complemento. Despu\u00e9s de los 2 a\u00f1os, su recomendaci\u00f3n es que se siga amamantando hasta que la madre y el hijo quieran. (A qu\u00e9 sorprende? Ojal\u00e1 poco a poco la sociedad vaya aceptando que 2 a\u00f1os es la recomendaci\u00f3n de la Organizaci\u00f3n Mundial de la Salud, nada m\u00e1s y nada menos).<\/p>\n<p>Cada vez son m\u00e1s y m\u00e1s los <a href=\"http:\/\/www.elmundo.es\/elmundosalud\/2013\/07\/29\/psiquiatriainfantil\/1375111470.html\" target=\"_blank\" rel=\"external nofollow\">estudios<\/a> (este que linko muy reciente), que demuestran los beneficios de la leche materna en el ni\u00f1o, en la madre, en la familia y por consiguiente, en la sociedad.<br \/>\nY cierto es que cada vez m\u00e1s y m\u00e1s gente quiere amamantar; sin embargo la vuelta al trabajo o el comienzo con la alimentaci\u00f3n complementaria son en Espa\u00f1a un motivo de destete habitual.<\/p>\n<p>Aunque no paramos de hablar de <a href=\"http:\/\/www.unicef.org.co\/Lactancia\/ventajas.htm\" target=\"_blank\" rel=\"external nofollow\">beneficios<\/a> de la <a href=\"http:\/\/www.abc.es\/salud\/noticias\/confirman-imagenes-beneficio-cerebral-leche-15123.html\" target=\"_blank\" rel=\"external nofollow\">leche<\/a> materna, y aunque entiendo tambi\u00e9n m\u00faltiples decisiones y <a href=\"http:\/\/www.unamaternidaddiferente.com\/2012\/10\/mitos-y-realidades-sobre-la-lactancia.html\" target=\"_blank\" rel=\"external nofollow\">mitos<\/a> que llevan a las madres a dar biber\u00f3n, soy partidaria de empezar a hablar de los riesgos de la leche de f\u00f3rmula ya que los <a href=\"http:\/\/www.bebesymas.com\/lactancia\/beneficios-de-la-leche-materna-en-cada-etapa\" target=\"_blank\" rel=\"external nofollow\">beneficios<\/a> de la leche materna son, sin duda, innatos en ella, naturales y por defecto, inscritos en nuestro ADN, ese que nos ha mantenido por los siglos de los siglos.<\/p>\n<p>As\u00ed que, aunque podr\u00eda estar horas y horas escribiendo sobre lactancia, aqu\u00ed aporto mi granito de arena a esta Semana tan especial y cuyo lema es <strong>\u00a1Apoyo a las madres! Cercano, continuo y oportuno<\/strong>.<\/p>\n<p>En estas letras brindo mi apoyo a todas las madres del mundo; y sobre todo a esas que quieren seguir amamantando a sus hijos y cuya sociedad no se lo pone nada f\u00e1cil. A esas en especial les dir\u00eda que escuchen su instinto y hagan aquello que les dicta su coraz\u00f3n.<\/p>\n<p>\u00bfPor qu\u00e9 sigo amamantando 2 a\u00f1os y una semana despu\u00e9s? <strong>10 razones por las que sigo amamantando<\/strong>:<\/p>\n<ol>\n<li><strong>Porque lo disfrutamos mucho madre e hija<\/strong>. Me parece muy tierno el momento de dormir juntitas, piel con piel, mirada con mirada y respiraci\u00f3n con respiraci\u00f3n. Mi hija tiene mucho respeto por mis tetas y s\u00f3lo las solicita cuando est\u00e1 muy cansada. Y el simple hecho de ver c\u00f3mo se emociona cuando ve que puede tomarlas, me llena de energ\u00eda.<\/li>\n<li><strong>Porque inmuniza\u00a0<\/strong>(y as\u00ed lo he comprobado). Mi peque\u00f1a de 2 a\u00f1os no ha estado enferma m\u00e1s que dos veces en estos dos a\u00f1os. Los 4 d\u00edas de enfermedad que ha tenido cada vez s\u00f3lo se ha alimentado de leche materna porque no quer\u00eda nada m\u00e1s, y ha sanado r\u00e1pidamente. Eso s\u00ed, con mucha teta, muchos brazos y muchos mimos.<\/li>\n<li><strong>Porque s\u00e9 que es lo mejor para ella<\/strong>. No s\u00f3lo lo s\u00e9, sino que lo siento y a\u00fan m\u00e1s, lo veo en ella y en el resto de amiguitos que tambi\u00e9n son amamantados m\u00e1s del a\u00f1o.<\/li>\n<li><strong>Porque tambi\u00e9n s\u00e9 que es lo mejor para m\u00ed<\/strong>. Previene de m\u00faltiples enfermedades a las madres lactantes, y la m\u00e1s sonada, el c\u00e1ncer de mama.<\/li>\n<li>Porque pienso que <strong>uno de los motivos por los cuales la sociedad est\u00e1 tan deshumanizada<\/strong> es el destete tan temprano que vivimos una larga generaci\u00f3n de biber\u00f3n.<\/li>\n<li>Porque creo que <strong>dar de mamar ense\u00f1a tambi\u00e9n a <a href=\"http:\/\/mama-ranita.blogspot.com.es\/2013\/02\/nuestro-sexo-y-la-posible-relacion-con.html\" target=\"_blank\" rel=\"external nofollow\">amar<\/a><\/strong> a las personas y no a los objetos.<\/li>\n<li><strong>Porque es muy econ\u00f3mico y f\u00e1cil de gestionar<\/strong>. No hay que calentar ni comprar.<\/li>\n<li>Porque <strong>vivir en primera persona el desarrollo<\/strong> cognitivo, motor y del habla en torno a la teta me parece una experiencia maravillosa. Primero fue el gateo, y la b\u00fasqueda de su tetita; luego el poder tirar de la camiseta hacia abajo; el meterte mano buscando tus pezones; el caminar hacia ellos; el gritar tetitaaaaa, y por \u00faltimo el poder poner sabores y sensaciones a esta maravilla de la naturaleza.<\/li>\n<li>Porque <strong>refuerza el v\u00ednculo<\/strong> entre ambas y adem\u00e1s ha sido un descubrimiento vital para m\u00ed: nunca pens\u00e9 que fuera a dar tanto tiempo de mamar y me parece maravilloso sentir el amor que sentimos.<\/li>\n<li>Y porque la <strong>relaci\u00f3n que tenemos entre las tres<\/strong> (mi hija, mis tetas y yo) es tan linda y respetuosa que romperla por m\u00ed misma me parecer\u00eda actualmente un grave error. Pienso que, siempre que puedas, es beneficioso respetar el momento de destete del ni\u00f1o, situado entre los 2,5 y 7 a\u00f1os.<\/li>\n<\/ol>\n<p>Como he dicho que eran 10 motivos me plantar\u00e9 aqu\u00ed, aunque tendr\u00eda miles de motivos por los que decir que sigo amamantando.<br \/>\nY aunque para m\u00ed ha sido un camino bastante sencillo (con m\u00ednimos problemas al principio), la lactancia puede ser una prueba de <a href=\"http:\/\/www.enminusculas.com\/2011\/11\/yo-subi-al-k2-por-salvar-nuestra_08.html\" target=\"_blank\" rel=\"external nofollow\">monta\u00f1ismo<\/a> puro. Eso s\u00ed, si te rodeas de gente que sepa y pueda ayudarte, seguro que consigues llegar donde tengas que llegar.<\/p>\n<p>Y aunque soy partidaria del pecho, tambi\u00e9n dir\u00e9 que es mucho mejor un biber\u00f3n bien dado que una teta mal dada.<\/p>\n<p>As\u00ed que benditas tetas y Feliz Semana de la Lactancia Materna!<a href=\"\/madre-aprendiz\/wp-content\/uploads\/sites\/57\/2013\/08\/Cloe-me-come.jpg\"><img loading=\"lazy\" class=\"aligncenter size-medium wp-image-53\" title=\"Cloe me come\" src=\"\/madre-aprendiz\/wp-content\/uploads\/sites\/57\/2013\/08\/Cloe-me-come.jpg\" alt=\"\" width=\"300\" height=\"225\" srcset=\"https:\/\/static-blogs.diariovasco.com\/wp-content\/uploads\/sites\/57\/2013\/08\/Cloe-me-come.jpg 2048w, https:\/\/static-blogs.diariovasco.com\/wp-content\/uploads\/sites\/57\/2013\/08\/Cloe-me-come-300x225.jpg 300w, https:\/\/static-blogs.diariovasco.com\/wp-content\/uploads\/sites\/57\/2013\/08\/Cloe-me-come-768x576.jpg 768w, https:\/\/static-blogs.diariovasco.com\/wp-content\/uploads\/sites\/57\/2013\/08\/Cloe-me-come-1024x768.jpg 1024w\" sizes=\"(max-width: 300px) 100vw, 300px\" \/><\/a><\/p>\n<!-- AddThis Advanced Settings generic via filter on the_content --><!-- AddThis Share Buttons generic via filter on the_content -->","protected":false},"excerpt":{"rendered":"<p>El pasado 1 de agosto se celebr\u00f3 el d\u00eda Mundial de la Lactancia Materna, que arranca la Semana Mundial de la Lactancia materna. Como madre lactante y Asesora de Lactancia no quer\u00eda dejar de unirme a esta causa que defiende, de manera contrastada, que la mejor opci\u00f3n, sin duda alguna, es y ser\u00e1 que los [&hellip;]<!-- AddThis Advanced Settings generic via filter on get_the_excerpt --><!-- AddThis Share Buttons generic via filter on get_the_excerpt --><\/p>\n","protected":false},"author":84,"featured_media":0,"comment_status":"open","ping_status":"closed","sticky":false,"template":"","format":"standard","meta":[],"categories":[8],"tags":[],"_links":{"self":[{"href":"https:\/\/blogs.diariovasco.com\/madre-aprendiz\/wp-json\/wp\/v2\/posts\/51"}],"collection":[{"href":"https:\/\/blogs.diariovasco.com\/madre-aprendiz\/wp-json\/wp\/v2\/posts"}],"about":[{"href":"https:\/\/blogs.diariovasco.com\/madre-aprendiz\/wp-json\/wp\/v2\/types\/post"}],"author":[{"embeddable":true,"href":"https:\/\/blogs.diariovasco.com\/madre-aprendiz\/wp-json\/wp\/v2\/users\/84"}],"replies":[{"embeddable":true,"href":"https:\/\/blogs.diariovasco.com\/madre-aprendiz\/wp-json\/wp\/v2\/comments?post=51"}],"version-history":[{"count":0,"href":"https:\/\/blogs.diariovasco.com\/madre-aprendiz\/wp-json\/wp\/v2\/posts\/51\/revisions"}],"wp:attachment":[{"href":"https:\/\/blogs.diariovasco.com\/madre-aprendiz\/wp-json\/wp\/v2\/media?parent=51"}],"wp:term":[{"taxonomy":"category","embeddable":true,"href":"https:\/\/blogs.diariovasco.com\/madre-aprendiz\/wp-json\/wp\/v2\/categories?post=51"},{"taxonomy":"post_tag","embeddable":true,"href":"https:\/\/blogs.diariovasco.com\/madre-aprendiz\/wp-json\/wp\/v2\/tags?post=51"}],"curies":[{"name":"wp","href":"https:\/\/api.w.org\/{rel}","templated":true}]}}