{"id":69,"date":"2013-08-23T18:11:04","date_gmt":"2013-08-23T16:11:04","guid":{"rendered":"http:\/\/blogs.diariovasco.com\/madre-aprendiz\/?p=69"},"modified":"2013-08-23T18:11:04","modified_gmt":"2013-08-23T16:11:04","slug":"los-ninos-de-la-guerra","status":"publish","type":"post","link":"https:\/\/blogs.diariovasco.com\/madre-aprendiz\/2013\/08\/23\/los-ninos-de-la-guerra\/","title":{"rendered":"Los ni\u00f1os de la guerra"},"content":{"rendered":"<p style=\"padding-left: 60px; text-align: right;\"><em>En altamar, en un lugar muy lejano\u2026 un banco de peces juega y disfruta de las corrientes marinas. <\/em><\/p>\n<p style=\"padding-left: 60px; text-align: right;\"><em>En alg\u00fan lugar de la Sabana, hienas y leones juegan y est\u00e1n alerta para sobrevivir y seguir manteniendo su especie.<\/em><\/p>\n<p style=\"padding-left: 60px; text-align: right;\"><em>M\u00e1s all\u00e1 de las monta\u00f1as, donde el fr\u00edo es polar, ping\u00fcinos y osos polares combaten el calor procurando adaptarse al cambio clim\u00e1tico\u2026<\/em><\/p>\n<p>&nbsp;<\/p>\n<p>Y aunque parezca lejos, nada m\u00e1s y nada menos que a un solo click de nuestra vida, multitud de personas combaten y luchan por sobrevivir a las hambrunas, a la guerra, a las enfermedades y a la falta de agua entre otras desgracias.<\/p>\n<p>Si salgo de la <em>blogosfera<\/em> (y a veces hasta dentro de ella) descubro a mi alrededor un panorama que hace que me tiemblen las piernas.<\/p>\n<p>\u00bfQu\u00e9 pasa con estos ni\u00f1os de la guerra que crecen y experimentan unas historias tremendamente tr\u00e1gicas y cuyo ni\u00f1o interior quedar\u00e1 marcado para siempre? \u00bfQu\u00e9 pasa con estas historias desgarradoras que hay m\u00e1s all\u00e1 de algunas fronteras?<\/p>\n<p>\u00bfNo os parece tremendamente ego\u00edsta la destructiva cr\u00edtica ajena, el mal uso de la palabra, la rabia y la envidia cuando a tan s\u00f3lo un click tenemos miles de personas y ni\u00f1os sufriendo y experimentando dolor, angustia y falta de fe, adem\u00e1s de carencia de comida, agua, un lugar donde dormir e incluso familias y futuro?<\/p>\n<p><strong>A m\u00ed s\u00ed.<\/strong><\/p>\n<p>Justo ayer un amigo m\u00edo me hablaba a su vez de un amigo suyo, Amaro G\u00f3mez Pablos, periodista chileno cuya profesi\u00f3n y pasi\u00f3n es ser corresponsal de guerra. Lleva a\u00f1os en el punto de mira, en las trincheras y metido en esa vor\u00e1gine dram\u00e1tica que le llena y le vac\u00eda al mismo tiempo.<\/p>\n<p>Ahora viaja por Siria, o mejor dicho, llora por Siria. Seg\u00fan dicen, tiene un coraz\u00f3n enorme, y en todos los a\u00f1os que lleva viajando entre guerras, ha logrado cambiar la vida de muchos de los ni\u00f1os con los que ha compartido estos intensos a\u00f1os.<\/p>\n<p>Esta vez llev\u00f3 l\u00e1pices de colores a un campo de refugiados. Esos mismos l\u00e1pices que nuestros hijos tienen al alcance de su mano, y que a veces ni valoran o no les ense\u00f1amos a valorar. Los mismos l\u00e1pices que para los ni\u00f1os de la guerra son su lenguaje, su escape y su \u00fanico juego.<\/p>\n<p>Amaro llev\u00f3 vida y le devolvieron destrucci\u00f3n. Esa destrucci\u00f3n y pena que reflejan los dibujos de los ni\u00f1os que viven en campos de refugiados y cuyas historias ser\u00e1n dif\u00edcilmente olvidadas. Heridas para toda la vida y marcas de guerra m\u00e1s all\u00e1 de la propia piel. Hematomas internos que les acompa\u00f1ar\u00e1n durante toda su existencia, y probablemente la de sus hijos, y la de sus nietos, y los hijos de sus nietos y\u2026<\/p>\n<p style=\"text-align: center;\"><a href=\"\/madre-aprendiz\/wp-content\/uploads\/sites\/57\/2013\/08\/siriadibujo.jpg\"><img loading=\"lazy\" class=\"aligncenter  wp-image-70\" title=\"siriadibujo\" src=\"\/madre-aprendiz\/wp-content\/uploads\/sites\/57\/2013\/08\/siriadibujo.jpg\" alt=\"\" width=\"300\" height=\"225\" srcset=\"https:\/\/static-blogs.diariovasco.com\/wp-content\/uploads\/sites\/57\/2013\/08\/siriadibujo.jpg 800w, https:\/\/static-blogs.diariovasco.com\/wp-content\/uploads\/sites\/57\/2013\/08\/siriadibujo-300x225.jpg 300w, https:\/\/static-blogs.diariovasco.com\/wp-content\/uploads\/sites\/57\/2013\/08\/siriadibujo-768x577.jpg 768w\" sizes=\"(max-width: 300px) 100vw, 300px\" \/><\/a><\/p>\n<p>\u00bfY acaso yo me permito las quejas?<\/p>\n<p>\u00bfNo os parece tremendamente ego\u00edsta mirar el ombligo de los dem\u00e1s en vez del nuestro propio? \u00bfPor qu\u00e9 no nos centramos en nuestras vidas, en las de nuestros hijos, en acompa\u00f1arles a ser personas felices de la mejor manera que sepamos, olvid\u00e1ndonos de las vidas de personas que no conocemos?<\/p>\n<p>Pienso que somos muy afortunados por vivir la vida que vivimos: aunque tengamos nuestros ni\u00f1os interiores heridos, siempre tenemos la posibilidad de sanarlos.\u00a0 Si no queremos verlo, ser\u00e1 nuestro proceso, nunca el de los dem\u00e1s.<\/p>\n<p>Aprovechemos la fuerza de un click para ayudar a Rama y al resto de ni\u00f1os como ella para que tengan al menos siempre disponibles rotuladores, pinturas, pelotas y cualquier otra distracci\u00f3n para poder parar un momento su vida y lograr evadirse de la realidad que les ha tocado vivir. Ojal\u00e1 sus soles dejen de llorar sangre y el fuego sea un m\u00e1gico elemento donde calentarse y volar su imaginaci\u00f3n bailando al ritmo de las llamas. <a href=\"\/madre-aprendiz\/wp-content\/uploads\/sites\/57\/2013\/08\/Siria.jpg\"><img loading=\"lazy\" class=\"alignleft size-medium wp-image-71\" title=\"Siria\" src=\"\/madre-aprendiz\/wp-content\/uploads\/sites\/57\/2013\/08\/Siria.jpg\" alt=\"\" width=\"225\" height=\"300\" srcset=\"https:\/\/static-blogs.diariovasco.com\/wp-content\/uploads\/sites\/57\/2013\/08\/Siria.jpg 600w, https:\/\/static-blogs.diariovasco.com\/wp-content\/uploads\/sites\/57\/2013\/08\/Siria-225x300.jpg 225w\" sizes=\"(max-width: 225px) 100vw, 225px\" \/><\/a><\/p>\n<p>Centr\u00e9monos en nuestra vida y en la de la gente que queremos, y aprovechemos la energ\u00eda que tenemos para ayudar y crear; en vez de destruir y hundir a los dem\u00e1s.<\/p>\n<p><strong>Seamos honestos y convirtamos el apego, la consciencia, los abrazos, los besos y las lindas palabras y limpias miradas en fuerza y valor para acompa\u00f1ar como podamos a los miles de ni\u00f1os cuyos cuerpecitos est\u00e1n comprimidos por el miedo.<\/strong><\/p>\n<p>Yo me centrar\u00e9 primero en mi hija y luego en la gente que me importa. Despu\u00e9s procurar\u00e9 ayudar a los miles de ni\u00f1os refugiados seg\u00fan est\u00e9 en mis manos. Y el rato que me quede (siempre que me quede algo), volver\u00e9 a m\u00ed misma y procurar\u00e9 dejar de lado la vida de los dem\u00e1s.<\/p>\n<p>\u00bfY t\u00fa? <strong>\u00bfTe unes a mi plan?<\/strong><\/p>\n<p>&nbsp;<\/p>\n<p><span style=\"text-decoration: underline;\"><strong>DONATIVOS PARA SIRIA:<\/strong><\/span><\/p>\n<p><strong>Acci\u00f3n contra el Hambre<\/strong> para Siria: <a href=\"https:\/\/accioncontraelhambre.org\/haz_donativo.php\" rel=\"external nofollow\">https:\/\/accioncontraelhambre.org\/haz_donativo.php<\/a><\/p>\n<p><a href=\"http:\/\/www.accioncontraelhambre.org\/noticias.php\/id\/474\/titulo\/%22siria-necesita-fondos-antes-de-que-sea-demasiado-tarde%22\" target=\"_blank\" rel=\"external nofollow\">Siria necesita fondos antes de que sea demasiado tarde<\/a><\/p>\n<p><a href=\"http:\/\/www.accioncontraelhambre.org\/noticias.php\/id\/447\/titulo\/siria:-accion-contra-el-hambre-y-la-media-luna-roja-asisten-a-28-000-personas-en-deir-ez-zour\" target=\"_blank\" rel=\"external nofollow\">Sobre nuestro trabajo en la emergencia desde los inicios junto a la media luna roja<\/a><\/p>\n<p><strong>UNICEF<\/strong>: <a href=\"https:\/\/www.unicef.es\/cooperacion-internacional\/donar-ong\/hacer-donacion\/ayuda-urgente-en-siria?gclid=CIWwk-b1k7kCFUbHtAodiEcABQ\" target=\"_blank\" rel=\"external nofollow\">https:\/\/www.unicef.es\/cooperacion-internacional\/donar-ong\/hacer-donacion\/ayuda-urgente-en-siria?gclid=CIWwk-b1k7kCFUbHtAodiEcABQ<\/a><\/p>\n<p><strong>ACNUR<\/strong>: <a href=\"http:\/\/acnur.es\/emergencia-en-siria\" target=\"_blank\" rel=\"external nofollow\">emergencia en Siria<\/a><\/p>\n<p>(Os contar\u00e9 que estoy viendo si a trav\u00e9s de la Asociaci\u00f3n de Apoyo al Pueblo Sirio en Madrid podemos enviar juguetes y material para los ni\u00f1os. Si alguien sabe c\u00f3mo o qui\u00e9n podr\u00eda estar interesado en encargarse de la log\u00edstica, nos ponemos a ello)<\/p>\n<p>&nbsp;<\/p>\n<!-- AddThis Advanced Settings generic via filter on the_content --><!-- AddThis Share Buttons generic via filter on the_content -->","protected":false},"excerpt":{"rendered":"<p>En altamar, en un lugar muy lejano\u2026 un banco de peces juega y disfruta de las corrientes marinas. En alg\u00fan lugar de la Sabana, hienas y leones juegan y est\u00e1n alerta para sobrevivir y seguir manteniendo su especie. M\u00e1s all\u00e1 de las monta\u00f1as, donde el fr\u00edo es polar, ping\u00fcinos y osos polares combaten el calor [&hellip;]<!-- AddThis Advanced Settings generic via filter on get_the_excerpt --><!-- AddThis Share Buttons generic via filter on get_the_excerpt --><\/p>\n","protected":false},"author":84,"featured_media":0,"comment_status":"open","ping_status":"closed","sticky":false,"template":"","format":"standard","meta":[],"categories":[8],"tags":[],"_links":{"self":[{"href":"https:\/\/blogs.diariovasco.com\/madre-aprendiz\/wp-json\/wp\/v2\/posts\/69"}],"collection":[{"href":"https:\/\/blogs.diariovasco.com\/madre-aprendiz\/wp-json\/wp\/v2\/posts"}],"about":[{"href":"https:\/\/blogs.diariovasco.com\/madre-aprendiz\/wp-json\/wp\/v2\/types\/post"}],"author":[{"embeddable":true,"href":"https:\/\/blogs.diariovasco.com\/madre-aprendiz\/wp-json\/wp\/v2\/users\/84"}],"replies":[{"embeddable":true,"href":"https:\/\/blogs.diariovasco.com\/madre-aprendiz\/wp-json\/wp\/v2\/comments?post=69"}],"version-history":[{"count":0,"href":"https:\/\/blogs.diariovasco.com\/madre-aprendiz\/wp-json\/wp\/v2\/posts\/69\/revisions"}],"wp:attachment":[{"href":"https:\/\/blogs.diariovasco.com\/madre-aprendiz\/wp-json\/wp\/v2\/media?parent=69"}],"wp:term":[{"taxonomy":"category","embeddable":true,"href":"https:\/\/blogs.diariovasco.com\/madre-aprendiz\/wp-json\/wp\/v2\/categories?post=69"},{"taxonomy":"post_tag","embeddable":true,"href":"https:\/\/blogs.diariovasco.com\/madre-aprendiz\/wp-json\/wp\/v2\/tags?post=69"}],"curies":[{"name":"wp","href":"https:\/\/api.w.org\/{rel}","templated":true}]}}