{"id":76,"date":"2013-09-03T09:32:00","date_gmt":"2013-09-03T07:32:00","guid":{"rendered":"http:\/\/blogs.diariovasco.com\/madre-aprendiz\/?p=76"},"modified":"2013-09-03T09:32:00","modified_gmt":"2013-09-03T07:32:00","slug":"que-es-para-mi-ser-madre","status":"publish","type":"post","link":"https:\/\/blogs.diariovasco.com\/madre-aprendiz\/2013\/09\/03\/que-es-para-mi-ser-madre\/","title":{"rendered":"\u00bfQu\u00e9 es para m\u00ed ser madre?"},"content":{"rendered":"<p><a href=\"\/madre-aprendiz\/wp-content\/uploads\/sites\/57\/2013\/09\/Iron-Blogger.jpg\"><img loading=\"lazy\" class=\"alignright size-thumbnail wp-image-77\" title=\"Iron Blogger\" src=\"\/madre-aprendiz\/wp-content\/uploads\/sites\/57\/2013\/09\/Iron-Blogger.jpg\" alt=\"\" width=\"150\" height=\"150\" \/><\/a>Ayer decid\u00ed que iba a participar en el <a href=\"http:\/\/ypapatambien.wordpress.com\/2013\/09\/02\/en-marcha-iron-blogger\/\" target=\"_blank\" rel=\"external nofollow\">Iron Blogger<\/a>, y me compromet\u00ed a escribir un post semanal durante este mes de septiembre. El tema debe estar relacionado con maternidad y paternidad, as\u00ed que para arrancarme en mi compromiso, he pensado que una buena manera podr\u00eda ser presentarme a este reto con mi reflexi\u00f3n acerca de <strong>qu\u00e9 es para m\u00ed ser madre<\/strong>&#8230;<\/p>\n<p>Ser madre es un <strong>regalo maravilloso<\/strong> que me ha hecho la vida y, aunque tambi\u00e9n lo percibo como una carrera de fondo, la recompensa que obtengo tras este trabajo es mucho mayor de lo esperado.<\/p>\n<p>Entiendo que hemos vivido en una <strong>sociedad adultocr\u00e1tica<\/strong>, donde los adultos siempre est\u00e1n por encima de los ni\u00f1os: son su autoridad y los \u00faltimos en tomar las decisiones acerca de la infancia.\u00a0 Estoy orgullosa de percibir que algo est\u00e1 cambiando; que hay una nueva generaci\u00f3n de padres y madres informados, formados, con inquietudes respecto a la vida y cuyas inquietudes vitales las trasladamos a la crianza y educaci\u00f3n de nuestros hijos. Ser parte de esta nueva ola me hace sentir bien, me llena de fuerza y me regala de paso una tribu de mujeres y alg\u00fan que otro hombre que me acompa\u00f1a en este camino tan intenso que es la maternidad.<\/p>\n<p>Para m\u00ed ser madre es, como he dicho anteriormente, una fortuna. Un camino lleno de amor; un viaje de reflexi\u00f3n non stop; un ejercicio constante de prudencia, superaci\u00f3n y autoconocimiento; un derroche de creatividad y de mucha pero que mucha paciencia. <strong>Y sobre todo, el reinventarse a uno mismo seg\u00fan crecen nuestros hijos.<\/strong> Para recorrer este camino, he aprendido a desplanificarme, desorganizar mi vida y dejarme llevar a\u00fan m\u00e1s por ella. El s\u00f3lo hecho de despertarme cada ma\u00f1ana sin saber ad\u00f3nde me va a llevar el viaje junto a mi hija, y disfrutar el acostarme a su lado, orgullosa y reflexiva sobre sus avances y los nuestros, llena a\u00fan de m\u00e1s magia ese viaje a trav\u00e9s de la maternidad.<\/p>\n<p>Me siento <strong>co-creadora<\/strong> junto con la naturaleza de un nuevo ser que viene a este plano a convertirse en aquella persona que tiene que ser. Mi papel como madre es acompa\u00f1arle en su camino, sin moldearle ni limitarle. As\u00ed lo veo y en eso estoy. Y aunque lo pinte principalmente de soles y rayos de luz, el camino tambi\u00e9n est\u00e1 lleno de sombras, de nubes, de baches y llantos. Gracias a quien tenga que d\u00e1rselas, son muy pocas las veces en las que me derrumbo, y son estas veces las que me ayudan a levantarme con a\u00fan m\u00e1s fuerza para volver a mi camino de acompa\u00f1amiento respetuoso y lleno de amor. Ese que empez\u00f3 hace m\u00e1s de 2 a\u00f1os y que ha invadido mi vida como un tornado de emociones.<\/p>\n<p>Pienso que ser madre y construir tu propia familia es un proceso lindo, que lleva un tiempo y se moldea de diversas maneras seg\u00fan cada hijo, cada padre, cada madre y cada familia. Todos los hijos son \u00fanicos y especiales; eso lo hace a\u00fan m\u00e1s maravilloso; y todas las experiencias con ellos y con sus familias, son tambi\u00e9n \u00fanicas, <strong>dotando as\u00ed a la maternidad y paternidad de una magia a\u00fan m\u00e1s aut\u00e9ntica.<\/strong> <a href=\"\/madre-aprendiz\/wp-content\/uploads\/sites\/57\/2013\/09\/Cloe-y-Cris-Playa.jpg\"><img loading=\"lazy\" class=\"aligncenter size-medium wp-image-78\" title=\"Cloe y Cris Playa\" src=\"\/madre-aprendiz\/wp-content\/uploads\/sites\/57\/2013\/09\/Cloe-y-Cris-Playa.jpg\" alt=\"\" width=\"217\" height=\"300\" \/><\/a><\/p>\n<p>&nbsp;<\/p>\n<!-- AddThis Advanced Settings generic via filter on the_content --><!-- AddThis Share Buttons generic via filter on the_content -->","protected":false},"excerpt":{"rendered":"<p>Ayer decid\u00ed que iba a participar en el Iron Blogger, y me compromet\u00ed a escribir un post semanal durante este mes de septiembre. El tema debe estar relacionado con maternidad y paternidad, as\u00ed que para arrancarme en mi compromiso, he pensado que una buena manera podr\u00eda ser presentarme a este reto con mi reflexi\u00f3n acerca [&hellip;]<!-- AddThis Advanced Settings generic via filter on get_the_excerpt --><!-- AddThis Share Buttons generic via filter on get_the_excerpt --><\/p>\n","protected":false},"author":84,"featured_media":0,"comment_status":"open","ping_status":"closed","sticky":false,"template":"","format":"standard","meta":[],"categories":[8],"tags":[],"_links":{"self":[{"href":"https:\/\/blogs.diariovasco.com\/madre-aprendiz\/wp-json\/wp\/v2\/posts\/76"}],"collection":[{"href":"https:\/\/blogs.diariovasco.com\/madre-aprendiz\/wp-json\/wp\/v2\/posts"}],"about":[{"href":"https:\/\/blogs.diariovasco.com\/madre-aprendiz\/wp-json\/wp\/v2\/types\/post"}],"author":[{"embeddable":true,"href":"https:\/\/blogs.diariovasco.com\/madre-aprendiz\/wp-json\/wp\/v2\/users\/84"}],"replies":[{"embeddable":true,"href":"https:\/\/blogs.diariovasco.com\/madre-aprendiz\/wp-json\/wp\/v2\/comments?post=76"}],"version-history":[{"count":0,"href":"https:\/\/blogs.diariovasco.com\/madre-aprendiz\/wp-json\/wp\/v2\/posts\/76\/revisions"}],"wp:attachment":[{"href":"https:\/\/blogs.diariovasco.com\/madre-aprendiz\/wp-json\/wp\/v2\/media?parent=76"}],"wp:term":[{"taxonomy":"category","embeddable":true,"href":"https:\/\/blogs.diariovasco.com\/madre-aprendiz\/wp-json\/wp\/v2\/categories?post=76"},{"taxonomy":"post_tag","embeddable":true,"href":"https:\/\/blogs.diariovasco.com\/madre-aprendiz\/wp-json\/wp\/v2\/tags?post=76"}],"curies":[{"name":"wp","href":"https:\/\/api.w.org\/{rel}","templated":true}]}}