{"id":94,"date":"2013-09-18T15:22:33","date_gmt":"2013-09-18T13:22:33","guid":{"rendered":"http:\/\/blogs.diariovasco.com\/madre-aprendiz\/?p=94"},"modified":"2013-09-18T15:22:33","modified_gmt":"2013-09-18T13:22:33","slug":"conversaciones-con-nuestro-ego","status":"publish","type":"post","link":"https:\/\/blogs.diariovasco.com\/madre-aprendiz\/2013\/09\/18\/conversaciones-con-nuestro-ego\/","title":{"rendered":"Conversaciones con nuestro ego"},"content":{"rendered":"<p>Ayer escrib\u00ed mi tercer post para el reto Iron Blogger. Trataba acerca de un curso que he realizado este fin de semana. Lo escrib\u00ed con mi coraz\u00f3n abierto; y quiz\u00e1s por las prisas, la ingenuidad o por la bondad que me caracteriza, comet\u00ed algunos errores de forma que han herido la sensibilidad de la ponente.<\/p>\n<p>Entiendo mis errores y me planteo, como siempre, que estoy abierta al cambio. Sin embargo, lo que no entiendo, y de hecho va a ser el tema de este post es c\u00f3mo socialmente podemos permitirnos herir al otro por proteger nuestro terreno. Para m\u00ed, que valoro mucho la comunicaci\u00f3n, <strong>es muy importante conocer la manera que tenemos de comunicarnos <\/strong>y valorar los efectos que pueden tener nuestras palabras en el otro.<br \/>\nGracias al <a href=\"http:\/\/ypapatambien.wordpress.com\/2013\/08\/09\/iron-blogger-todos-a-escribir\/\" target=\"_blank\" rel=\"external nofollow\">#Iron Blogger<\/a> me siento con fuerza para escribir un post m\u00e1s, porque quiero conseguir mi reto y porque me apetece reflexionar acerca del <strong>ego que compartimos las personas<\/strong>.<\/p>\n<p>Seg\u00fan la <a href=\"http:\/\/www.rae.es\" target=\"_blank\" rel=\"external nofollow\">RAE<\/a>, ego siginifica: <strong>1.<\/strong> m.<em> Psicol.<\/em> En el psicoan\u00e1lisis de Freud, instancia ps\u00edquica que se reconoce como <em>yo<\/em>, parcialmente consciente, que controla la motilidad y media entre los instintos del <em>ello<\/em>, los ideales del supery\u00f3 y la realidad del mundo exterior. Y\u00a0<strong>2.<\/strong> m. <em>coloq.<\/em> <strong>Exceso de autoestima. <\/strong>(Aqu\u00ed quer\u00eda yo llegar).<strong><\/strong><\/p>\n<div id=\"attachment_95\" style=\"width: 262px\" class=\"wp-caption aligncenter\"><a href=\"\/madre-aprendiz\/wp-content\/uploads\/sites\/57\/2013\/09\/ego-Jodorowsky.jpg\"><img aria-describedby=\"caption-attachment-95\" loading=\"lazy\" class=\" wp-image-95\" title=\"ego Jodorowsky\" src=\"\/madre-aprendiz\/wp-content\/uploads\/sites\/57\/2013\/09\/ego-Jodorowsky.jpg\" alt=\"\" width=\"252\" height=\"180\" \/><\/a><p id=\"caption-attachment-95\" class=\"wp-caption-text\">imagen tomada del blog www.elperello.blogspot.com<\/p><\/div>\n<p><strong><\/strong>El ego, o exceso de autoestima, creo que es uno de los motores de la sociedad, y tambi\u00e9n uno de los destructores. Pienso que la libertad de expresi\u00f3n, la crisis econ\u00f3mica y el avance tecnol\u00f3gico hacen, entre otros, que muchas personas rijamos nuestra propia vida y tengamos empresas propias. Para bien o para mal, hace falta creerse v\u00e1lido para emprender un negocio propio; sin embargo no es lo \u00fanico necesario. Para ello hay que saber, sobre todo, negociar con nuestro ego evitando herir, equivocarnos o atropellarnos por ese exceso de autoestima.<\/p>\n<p>En el \u00e1mbito en el que me muevo, el infantil, familiar y personal; hay muchas l\u00edneas distintas de crianza y educaci\u00f3n. Como bien sabr\u00e9is, yo abogo por una crianza <a href=\"https:\/\/blogs.diariovasco.com\/madre-aprendiz\/2013\/06\/15\/criar-con-apego\/\" target=\"_blank\">respetuosa<\/a>, porque <strong>siento que esto conllevar\u00e1 una relaci\u00f3n tambi\u00e9n respetuosa con el entorno:<\/strong> el pr\u00f3jimo y la naturaleza. De hecho, criar y educar de manera consciente implican mucho m\u00e1s esfuerzo, m\u00e1s trabajo interior y sobre todo estar disponible casi constantemente para nuestros hijos, algo que nuestro ego e independencia no comparten.<\/p>\n<p>Ah\u00ed entrar\u00eda para m\u00ed el mayor trabajo de <strong>comunicaci\u00f3n con nuestro ego<\/strong>. Hay multitud de situaciones que, por el amor a nuestro hijo o ser querido, nos obligan a rebajarnos o relegarnos a un segundo plano y, salvo mucho trabajo interior, cuesta aceptar que pasamos a ese segundo plano. Ese exceso de autoestima no est\u00e1 acostumbrado a relegarse y muchas veces puede pecar de olvidar el cuidado hacia la otra persona. Es el <strong>ego violento, depredador e impulsivo<\/strong>, reflejo de nuestra sociedad, el que aflora y nos obliga a equivocarnos, perdiendo a veces el respeto por el pr\u00f3jimo; siendo \u00e9ste un reflejo y continuaci\u00f3n de nosotros mismos.<\/p>\n<p>Estas situaciones violentas est\u00e1n presentes en nuestro d\u00eda a d\u00eda: un sem\u00e1foro en verde sin darnos cuenta, una larga cola en el supermercado o un grito desesperado, son s\u00f3lo algunas de las opciones que nos permiten perder los nervios. Sin embargo, yo me pregunto&#8230; \u00bfqu\u00e9 valor tiene el pr\u00f3jimo en nuestra vida? \u00bfNo deber\u00edamos empezar a darnos cuenta de que es el vivo reflejo de nuestra imagen? \u00bfC\u00f3mo podemos llamar violentos a nuestros iguales si ese adjetivo es una descripci\u00f3n de nuestra propia naturaleza <em>ego\u00edca<\/em>? \u00bfPor qu\u00e9 nos cuesta tanto desafiar a nuestro ego y escuchar las necesidades del pr\u00f3jimo sin herirle ni menospreciarle? \u00bfO ser\u00e1 que quiz\u00e1s menospreciando al otro sentimos que nos elevamos?<\/p>\n<p>Cuesti\u00f3nandome todas estas preguntas; pienso que es muy importante siempre (y sobre todo cuando se es padre y madre) <strong>trabajar nuestras sombras, conversar con nuestro ego y ense\u00f1arnos mutuamente a respetarnos<\/strong>; porque as\u00ed, si respetamos al pr\u00f3jimo como a nosotros mismos, seremos capaces de ense\u00f1ar a nuestros hijos qu\u00e9 es eso del respeto y qu\u00e9 es eso del ego.<\/p>\n<p>Quiero dar las gracias a esta experiencia desagradable por permitirme darme cuenta de todo esto. Por repetirme una vez m\u00e1s que la <strong>intuici\u00f3n es mi gran amiga<\/strong> y recordarme que mis emociones hablan y no las puedo callar, aunque mi ego se empe\u00f1e. Seguir\u00e9 alimentando mi autoestima siendo muy consciente de la importancia que tienen mis palabras sobre los dem\u00e1s.<\/p>\n<p>&nbsp;<\/p>\n<div id=\"attachment_97\" style=\"width: 310px\" class=\"wp-caption aligncenter\"><a href=\"\/madre-aprendiz\/wp-content\/uploads\/sites\/57\/2013\/09\/el-sexto-sentido-intuicion-el-ego-L-r8PQin1.jpeg\"><img aria-describedby=\"caption-attachment-97\" loading=\"lazy\" class=\"size-medium wp-image-97\" title=\"el-sexto-sentido-intuicion-el-ego-L-r8PQin\" src=\"\/madre-aprendiz\/wp-content\/uploads\/sites\/57\/2013\/09\/el-sexto-sentido-intuicion-el-ego-L-r8PQin1.jpg\" alt=\"\" width=\"300\" height=\"167\" \/><\/a><p id=\"caption-attachment-97\" class=\"wp-caption-text\">foto tomada del blog Paperblog.es<\/p><\/div>\n<!-- AddThis Advanced Settings generic via filter on the_content --><!-- AddThis Share Buttons generic via filter on the_content -->","protected":false},"excerpt":{"rendered":"<p>Ayer escrib\u00ed mi tercer post para el reto Iron Blogger. Trataba acerca de un curso que he realizado este fin de semana. Lo escrib\u00ed con mi coraz\u00f3n abierto; y quiz\u00e1s por las prisas, la ingenuidad o por la bondad que me caracteriza, comet\u00ed algunos errores de forma que han herido la sensibilidad de la ponente. [&hellip;]<!-- AddThis Advanced Settings generic via filter on get_the_excerpt --><!-- AddThis Share Buttons generic via filter on get_the_excerpt --><\/p>\n","protected":false},"author":84,"featured_media":0,"comment_status":"open","ping_status":"closed","sticky":false,"template":"","format":"standard","meta":[],"categories":[3,4,7],"tags":[28,36,40,80],"_links":{"self":[{"href":"https:\/\/blogs.diariovasco.com\/madre-aprendiz\/wp-json\/wp\/v2\/posts\/94"}],"collection":[{"href":"https:\/\/blogs.diariovasco.com\/madre-aprendiz\/wp-json\/wp\/v2\/posts"}],"about":[{"href":"https:\/\/blogs.diariovasco.com\/madre-aprendiz\/wp-json\/wp\/v2\/types\/post"}],"author":[{"embeddable":true,"href":"https:\/\/blogs.diariovasco.com\/madre-aprendiz\/wp-json\/wp\/v2\/users\/84"}],"replies":[{"embeddable":true,"href":"https:\/\/blogs.diariovasco.com\/madre-aprendiz\/wp-json\/wp\/v2\/comments?post=94"}],"version-history":[{"count":0,"href":"https:\/\/blogs.diariovasco.com\/madre-aprendiz\/wp-json\/wp\/v2\/posts\/94\/revisions"}],"wp:attachment":[{"href":"https:\/\/blogs.diariovasco.com\/madre-aprendiz\/wp-json\/wp\/v2\/media?parent=94"}],"wp:term":[{"taxonomy":"category","embeddable":true,"href":"https:\/\/blogs.diariovasco.com\/madre-aprendiz\/wp-json\/wp\/v2\/categories?post=94"},{"taxonomy":"post_tag","embeddable":true,"href":"https:\/\/blogs.diariovasco.com\/madre-aprendiz\/wp-json\/wp\/v2\/tags?post=94"}],"curies":[{"name":"wp","href":"https:\/\/api.w.org\/{rel}","templated":true}]}}